{"id":340442,"date":"2025-08-24T10:50:13","date_gmt":"2025-08-24T10:50:13","guid":{"rendered":"https:\/\/www.europesays.com\/fr\/340442\/"},"modified":"2025-08-24T10:50:13","modified_gmt":"2025-08-24T10:50:13","slug":"une-exposition-photographique-pour-se-rememorer-les-evenements-daleria-en-1975","status":"publish","type":"post","link":"https:\/\/www.europesays.com\/fr\/340442\/","title":{"rendered":"une exposition photographique pour se rem\u00e9morer les \u00e9v\u00e9nements d&rsquo;Aleria en 1975"},"content":{"rendered":"<p>Pour les 50 ans des \u00e9v\u00e9nements d&rsquo;Aleria, la commune va accueillir une exposition photographique retra\u00e7ant l&rsquo;occupation de la cave viticole en 1975. Elles seront accompagn\u00e9es de clich\u00e9s r\u00e9cents, de personnalit\u00e9s ayant eu un r\u00f4le durant ces affrontements qui auront marqu\u00e9 la Corse. \u201cIl ne s&rsquo;agit pas seulement de comm\u00e9morer ces \u00e9v\u00e9nements, il s&rsquo;agit de b\u00e2tir quelque chose sur le long terme afin que les g\u00e9n\u00e9rations futures soient au courant de ce qu&rsquo;il s&rsquo;est pass\u00e9\u201d, explique Jean-Pierre Arrio, charg\u00e9 de mission culture et patrimoine \u00e0 la Collectivit\u00e9 de Corse.<\/p>\n<p>Une action qui s&rsquo;inscrit au-del\u00e0 cette exposition, car <a href=\"https:\/\/www.corsematin.com\/article\/histoire\/2771939799413115\/lassociation-aleria-75-compte-les-jours-dun-50e-anniversaire-tres-attendu\" target=\"_blank\" rel=\"noopener\">la CdC a acquis le terrain sur lequel s&rsquo;\u00e9rigeait la cave Depeille.<\/a> Une fresque, une st\u00e8le et un parcours m\u00e9moriel sont d\u00e9j\u00e0 pr\u00e9vus afin de renforcer un peu plus le devoir de m\u00e9moire. \u201cCe sont des projets qui s&rsquo;inscrivent dans la dur\u00e9e. Aleria a d\u00e9j\u00e0 son site arch\u00e9ologique et bient\u00f4t un endroit qui reviendra sur les \u00e9v\u00e9nements de 1975. Il y aura de gros marqueurs culturels sur la commune\u201d, rajoute Jean-Pierre Arrio.<\/p>\n<p>Une pi\u00e8ce de th\u00e9\u00e2tre, ce dimanche 24\u00a0ao\u00fbt \u00e0 21\u00a0h\u00a030, au site antique d&rsquo;Aleria<\/p>\n<p>D\u00e9j\u00e0 pr\u00e9sentes en 2015, lors d&rsquo;une pr\u00e9c\u00e9dente exposition, ces photos des acteurs de l&rsquo;\u00e9v\u00e9nement seront affich\u00e9es dans la maison Vincentelli. \u00ab\u00a0Je me rappelle quand je les ai photographi\u00e9s, c&rsquo;\u00e9tait sur les ruines de la cave. Je leur avais demand\u00e9 de ne pas venir avec des chemises blanches ou encore des habits tr\u00e8s color\u00e9s pour rester dans le th\u00e8me. \u00c0 l&rsquo;\u00e9poque d\u00e9j\u00e0, une bonne partie \u00e9tait d\u00e9c\u00e9d\u00e9e\u00a0\u00bb, se rem\u00e9more Christian Buffa, commissaire d&rsquo;exposition et photographe.<\/p>\n<p>L&rsquo;exposition photographique, elle, d\u00e9butera d\u00e9but septembre et durera plusieurs mois.<\/p>\n<p>En amont de cette exposition, une pi\u00e8ce de th\u00e9\u00e2tre de la compagnie TeatrEuropa s&rsquo;est jou\u00e9e ce samedi 23\u00a0ao\u00fbt et se d\u00e9roulera ce dimanche soir \u00e0 21\u00a0h\u00a030 au site antique d&rsquo;Aleria. Une \u0153uvre burlesque intitul\u00e9e \u201cI Rumani Fora\u201d et produite par Orlando Forioso.<\/p>\n","protected":false},"excerpt":{"rendered":"Pour les 50 ans des \u00e9v\u00e9nements d&rsquo;Aleria, la commune va accueillir une exposition photographique retra\u00e7ant l&rsquo;occupation de la&hellip;\n","protected":false},"author":2,"featured_media":340443,"comment_status":"","ping_status":"","sticky":false,"template":"","format":"standard","meta":{"footnotes":""},"categories":[1358],"tags":[17,1348,1384,1385,1687,1386,58,59,3696,3293,1011,27,151,47664,471,47665,96],"class_list":{"0":"post-340442","1":"post","2":"type-post","3":"status-publish","4":"format-standard","5":"has-post-thumbnail","7":"category-arts-et-design","8":"tag-17","9":"tag-arts","10":"tag-arts-and-design","11":"tag-arts-et-design","12":"tag-culture-loisirs","13":"tag-design","14":"tag-divertissement","15":"tag-entertainment","16":"tag-evenements","17":"tag-exposition","18":"tag-fr","19":"tag-france","20":"tag-les","21":"tag-photographique","22":"tag-pour","23":"tag-rememorer","24":"tag-une"},"share_on_mastodon":{"url":"https:\/\/pubeurope.com\/@fr\/115083360615652591","error":""},"_links":{"self":[{"href":"https:\/\/www.europesays.com\/fr\/wp-json\/wp\/v2\/posts\/340442","targetHints":{"allow":["GET"]}}],"collection":[{"href":"https:\/\/www.europesays.com\/fr\/wp-json\/wp\/v2\/posts"}],"about":[{"href":"https:\/\/www.europesays.com\/fr\/wp-json\/wp\/v2\/types\/post"}],"author":[{"embeddable":true,"href":"https:\/\/www.europesays.com\/fr\/wp-json\/wp\/v2\/users\/2"}],"replies":[{"embeddable":true,"href":"https:\/\/www.europesays.com\/fr\/wp-json\/wp\/v2\/comments?post=340442"}],"version-history":[{"count":0,"href":"https:\/\/www.europesays.com\/fr\/wp-json\/wp\/v2\/posts\/340442\/revisions"}],"wp:featuredmedia":[{"embeddable":true,"href":"https:\/\/www.europesays.com\/fr\/wp-json\/wp\/v2\/media\/340443"}],"wp:attachment":[{"href":"https:\/\/www.europesays.com\/fr\/wp-json\/wp\/v2\/media?parent=340442"}],"wp:term":[{"taxonomy":"category","embeddable":true,"href":"https:\/\/www.europesays.com\/fr\/wp-json\/wp\/v2\/categories?post=340442"},{"taxonomy":"post_tag","embeddable":true,"href":"https:\/\/www.europesays.com\/fr\/wp-json\/wp\/v2\/tags?post=340442"}],"curies":[{"name":"wp","href":"https:\/\/api.w.org\/{rel}","templated":true}]}}