{"id":340444,"date":"2025-08-24T10:51:12","date_gmt":"2025-08-24T10:51:12","guid":{"rendered":"https:\/\/www.europesays.com\/fr\/340444\/"},"modified":"2025-08-24T10:51:12","modified_gmt":"2025-08-24T10:51:12","slug":"livres-a-lire-sur-la-plage-cet-ete-notre-selection-2025","status":"publish","type":"post","link":"https:\/\/www.europesays.com\/fr\/340444\/","title":{"rendered":"Livres \u00e0 lire sur la plage cet \u00e9t\u00e9 : notre s\u00e9lection 2025"},"content":{"rendered":"<p><strong>\u00ab Naufrag\u00e9s \u00bb &#8211; Sophie Elmhrist <\/strong><\/p>\n<p>Le huis clos le plus vaste qui soit : l\u2019oc\u00e9an.<br \/>Inspir\u00e9 d\u2019une histoire vraie, ce r\u00e9cit haletant suit Maurice et Maralyn, un couple qui d\u00e9cide de tout quitter pour traverser le Pacifique \u00e0 la voile. Quand un cachalot percute leur voilier au large des Gal\u00e1pagos, ils entament une improbable survie sur un canot de sauvetage, pendant plus de 100 jours. Plus qu\u2019un r\u00e9cit de mer, Naufrag\u00e9s est un livre sur la t\u00e9nacit\u00e9, l\u2019amour et les limites du corps et de l\u2019\u00e2me, face \u00e0 l\u2019immensit\u00e9. \u00c0 lire d\u2019une traite, m\u00eame sous le parasol.<br \/>Editions : Paulsen<br \/>Date : 10\/04\/2025<br \/>Nombre de pages : 272<br \/>Prix : 22\u20ac<\/p>\n<p><strong>\u00ab Le Capitaine \u00e9gar\u00e9 \u00bb &#8211; Vincent Gu\u00e9qui\u00e8re <\/strong><\/p>\n<p>Quand la guerre d\u2019ind\u00e9pendance am\u00e9ricaine devient un roman de mer.<br \/>Au XVIIIe si\u00e8cle, le capitaine Landais, marin rebelle et ambitieux, traverse l\u2019Atlantique pour livrer des armes aux insurg\u00e9s am\u00e9ricains. \u00c0 travers ce personnage r\u00e9el, Vincent Gu\u00e9gui\u00e8re signe une fresque historique saisissante, entre temp\u00eates oc\u00e9aniques et temp\u00eates de l\u2019\u00e2me. Un roman d\u2019aventure maritime, mais aussi un duel psychologique entre orgueil, jalousie et qu\u00eate de gloire.<br \/>Editions : Paulsen<br \/>Date : 28\/05\/2025<br \/>Nombre de pages : 384<br \/>Prix : 21\u20ac<\/p>\n<p><strong>\u00ab Cavalcade oc\u00e9ane \u00bb &#8211; Marie Tabarly <\/strong><\/p>\n<p>Pen Duick VI, sans satellite ni filet.<br \/>Quand Marie Tabarly d\u00e9cide de faire courir Pen Duick VI autour du monde, c\u2019est un d\u00e9fi sportif, mais aussi existentiel. Sans GPS ni moyens de communication modernes, l\u2019\u00e9quipage affronte les \u00e9l\u00e9ments comme \u00e0 l\u2019\u00e9poque de son p\u00e8re \u00c9ric. Ce carnet de bord sensible, souvent lyrique, \u00e9voque l\u2019oc\u00e9an comme un terrain de libert\u00e9 et une \u00e9cole d\u2019humilit\u00e9. Une ode \u00e0 la mer et \u00e0 ceux qui l\u2019affrontent sans artifices.<br \/>Editions : Arthaud<br \/>Date : 09\/04\/2025<br \/>Nombre de pages : 304<br \/>Prix : 21,50\u20ac<\/p>\n<p><strong>\u00ab Use it again ! \u00bb Eric Loizeau &amp; Romain Pilliard<\/strong><\/p>\n<p>Un trimaran sauv\u00e9 des d\u00e9charges pour prouver que l\u2019\u00e9conomie circulaire peut tenir la mer.<br \/>Ce r\u00e9cit inspirant raconte comment Romain Pilliard redonne vie \u00e0 un g\u00e9ant des mers, abandonn\u00e9 sur un terre-plein, pour en faire l\u2019embl\u00e8me d\u2019une navigation plus responsable. Du choc de la pollution \u00e0 Shanghai \u00e0 la Route du Rhum, puis un tour du monde \u00e0 contre-courant, Use it again ! n\u2019est pas seulement un projet \u00e9colo : c\u2019est l\u2019histoire d\u2019un combat pour une autre vision de la performance.<br \/>Editions : Gl\u00e9nat<br \/>Date : 07\/05\/2025<br \/>Nombre de pages : 176<br \/>Prix : 19,95\u20ac<\/p>\n<p><strong>\u00ab\u00a0Hors-S\u00e9rie Figaro Nautisme\u00a0\u00bb &#8211; Collection 2025<\/strong><\/p>\n<p>Comme chaque \u00e9t\u00e9, la r\u00e9daction propose un num\u00e9ro complet pour suivre l\u2019actualit\u00e9 nautique tout en profitant des vacances. Au sommaire : des interviews exclusives, des escales en France et \u00e0 l\u2019\u00e9tranger pour inspirer vos prochaines destinations, des essais d\u00e9taill\u00e9s de voiliers et bateaux \u00e0 moteur, une s\u00e9lection des nouveaut\u00e9s de l\u2019ann\u00e9e, des id\u00e9es shopping et des activit\u00e9s nautiques \u00e0 tester. Ce hors-s\u00e9rie s\u2019adresse aussi bien aux passionn\u00e9s qu\u2019\u00e0 ceux qui veulent s\u2019informer ou s\u2019\u00e9vader en lisant sur leur serviette. Vous pouvez lire ou relire le hors-s\u00e9rie en <a target=\"_blank\" rel=\"noopener noreferrer nofollow\" href=\"https:\/\/www.calameo.com\/read\/0056552624dc7111d847c\">cliquant ici !<\/a><\/p>\n<p><strong>\u00ab Bon Vent \u00bb &#8211; Fran\u00e7ois Ravard<\/strong><\/p>\n<p>La plage en dessins, entre humour et po\u00e9sie.<br \/>Avec ses aquarelles tendres et d\u00e9cal\u00e9es, Fran\u00e7ois Ravard croque les sc\u00e8nes de vie baln\u00e9aire comme personne. Un p\u00e8re qui s\u2019endort sous le parasol, un enfant couvert de cr\u00e8me solaire, une promenade sur la jet\u00e9e&#8230; Chaque dessin est une capsule de vacances, avec un regard tendre et souvent dr\u00f4le sur les petits riens qui font l\u2019\u00e9t\u00e9. Un album \u00e0 feuilleter \u00e0 l\u2019ombre, sourire aux l\u00e8vres.<br \/>Editions : Gl\u00e9nat<br \/>Date : 02\/07\/2025<br \/>Nombre de pages : 96<br \/>Prix : 16,50\u20ac<\/p>\n<p><strong>\u00ab Les piliers de la mer \u00bb &#8211; Sylvain Tesson<\/strong><\/p>\n<p>Grimper les colonnes de l\u2019oc\u00e9an, pour voir ce qu\u2019il reste d\u2019immobile dans un monde en mouvement.<br \/>\u00c0 mi-chemin entre litt\u00e9rature de voyage et m\u00e9ditation verticale, Sylvain Tesson embarque pour escalader les stacks, ces piliers rocheux qui d\u00e9fient les vagues. D\u2019\u00c9tretat \u00e0 la Tasmanie, il en fait les totems de notre besoin de solitude, de r\u00e9sistance et de grandeur. Une aventure physique autant qu\u2019introspective, port\u00e9e par une plume aussi ac\u00e9r\u00e9e que les rochers qu\u2019elle d\u00e9crit.<br \/>Editions : Gl\u00e9nat<br \/>Date : 02\/04\/2025<br \/>Nombre de pages : 224<br \/>Prix : 21,90\u20ac<\/p>\n<p>Fiction ou t\u00e9moignage, BD ou essai, cette s\u00e9lection vous offre autant de fa\u00e7ons d\u2019\u00e9chapper au quotidien que de styles \u00e0 explorer. Des livres pour s\u2019\u00e9mouvoir, r\u00e9fl\u00e9chir, sourire ou r\u00eaver, tout en profitant du soleil. L\u2019essentiel, c\u2019est de les lire les pieds dans le sable.<\/p>\n<p>Et, avant de partir en mer ou de vous rendre sur une plage, ayez les bons r\u00e9flexes en consultant la m\u00e9t\u00e9o sur <a target=\"_blank\" rel=\"noopener noreferrer nofollow\" href=\"https:\/\/marine.meteoconsult.fr\/\">METEO CONSULT Marine<\/a> et en t\u00e9l\u00e9chargeant <a target=\"_blank\" rel=\"noopener noreferrer nofollow\" href=\"https:\/\/figaronautisme.meteoconsult.fr\/services\/applications_bloc_marine\">l&rsquo;application mobile gratuite Bloc Marine<\/a>.<\/p>\n","protected":false},"excerpt":{"rendered":"\u00ab Naufrag\u00e9s \u00bb &#8211; Sophie Elmhrist Le huis clos le plus vaste qui soit : l\u2019oc\u00e9an.Inspir\u00e9 d\u2019une histoire&hellip;\n","protected":false},"author":2,"featured_media":340445,"comment_status":"","ping_status":"","sticky":false,"template":"","format":"standard","meta":{"footnotes":""},"categories":[1357],"tags":[1379,58,59,1011,27,1380],"class_list":{"0":"post-340444","1":"post","2":"type-post","3":"status-publish","4":"format-standard","5":"has-post-thumbnail","7":"category-livres","8":"tag-books","9":"tag-divertissement","10":"tag-entertainment","11":"tag-fr","12":"tag-france","13":"tag-livres"},"share_on_mastodon":{"url":"https:\/\/pubeurope.com\/@fr\/115083364595667476","error":""},"_links":{"self":[{"href":"https:\/\/www.europesays.com\/fr\/wp-json\/wp\/v2\/posts\/340444","targetHints":{"allow":["GET"]}}],"collection":[{"href":"https:\/\/www.europesays.com\/fr\/wp-json\/wp\/v2\/posts"}],"about":[{"href":"https:\/\/www.europesays.com\/fr\/wp-json\/wp\/v2\/types\/post"}],"author":[{"embeddable":true,"href":"https:\/\/www.europesays.com\/fr\/wp-json\/wp\/v2\/users\/2"}],"replies":[{"embeddable":true,"href":"https:\/\/www.europesays.com\/fr\/wp-json\/wp\/v2\/comments?post=340444"}],"version-history":[{"count":0,"href":"https:\/\/www.europesays.com\/fr\/wp-json\/wp\/v2\/posts\/340444\/revisions"}],"wp:featuredmedia":[{"embeddable":true,"href":"https:\/\/www.europesays.com\/fr\/wp-json\/wp\/v2\/media\/340445"}],"wp:attachment":[{"href":"https:\/\/www.europesays.com\/fr\/wp-json\/wp\/v2\/media?parent=340444"}],"wp:term":[{"taxonomy":"category","embeddable":true,"href":"https:\/\/www.europesays.com\/fr\/wp-json\/wp\/v2\/categories?post=340444"},{"taxonomy":"post_tag","embeddable":true,"href":"https:\/\/www.europesays.com\/fr\/wp-json\/wp\/v2\/tags?post=340444"}],"curies":[{"name":"wp","href":"https:\/\/api.w.org\/{rel}","templated":true}]}}