{"id":340450,"date":"2025-08-24T10:54:13","date_gmt":"2025-08-24T10:54:13","guid":{"rendered":"https:\/\/www.europesays.com\/fr\/340450\/"},"modified":"2025-08-24T10:54:13","modified_gmt":"2025-08-24T10:54:13","slug":"pourquoi-le-film-avec-jason-statham-nest-pas-seulement-u","status":"publish","type":"post","link":"https:\/\/www.europesays.com\/fr\/340450\/","title":{"rendered":"pourquoi le film avec Jason Statham n\u2019est pas (seulement) u &#8230;"},"content":{"rendered":"<p>EN BREF<\/p>\n<ul class=\"bloc_resume_post_list\">\n<li>Sorti en 2015, le film \u00ab\u00a0Spy&rsquo; r\u00e9alis\u00e9 par Paul Feig sera<br \/>\ndiffus\u00e9 le 24 ao\u00fbt 2025 sur TF1 avec Melissa McCarthy et Jude<br \/>\nLaw.<\/li>\n<li>L&rsquo;analyste Susan Cooper, incarn\u00e9e par Melissa McCarthy,<br \/>\nse retrouve impliqu\u00e9e dans une mission p\u00e9rilleuse apr\u00e8s un incident<br \/>\navec un marchand d&rsquo;armes.<\/li>\n<li>Melissa McCarthy a subi une blessure au cr\u00e2ne lors du<br \/>\ntournage, r\u00e9v\u00e9lant l&rsquo;intensit\u00e9 physique de son r\u00f4le dans cette<br \/>\ncom\u00e9die d&rsquo;espionnage.<\/li>\n<\/ul>\n<p>Sorti au cin\u00e9ma en 2015. le film intitul\u00e9 Spy,<br \/>\n<strong>r\u00e9alis\u00e9 par Paul Feig<\/strong>, sera rediffus\u00e9 dimanche 24<br \/>\nao\u00fbt 2025, \u00e0 partir de 21h05 sur TF1. Port\u00e9 par Melissa McCarthy,<br \/>\nJason Statham, Rose Byrne et Jude Law. Ce long-m\u00e9trage met en sc\u00e8ne<br \/>\nle personnage de Susan Cooper. Incarn\u00e9 \u00e0 l&rsquo;\u00e9cran par\u00a0<a href=\"https:\/\/www.telestar.fr\/culture\/spy-quelle-blessure-melissa-mccarthy-a-t-elle-subi-durant-le-tournage-516081\" target=\"_self\" data-mrf-link=\"https:\/\/www.telestar.fr\/culture\/spy-quelle-blessure-melissa-mccarthy-a-t-elle-subi-durant-le-tournage-516081\" rel=\"noopener\">Melissa<br \/>\nMcCarthy<\/a>. Modeste et discr\u00e8te analyste quadrag\u00e9naire de la CIA.<br \/>\nElle assiste \u00e0 distance l&rsquo;agent de terrain Bradley Fine, interpr\u00e9t\u00e9<br \/>\npar <a href=\"https:\/\/www.closermag.fr\/people\/jude-law-qui-sont-ses-six-enfants-1424829\" target=\"_blank\" rel=\"noopener\" data-mrf-link=\"https:\/\/www.closermag.fr\/people\/jude-law-qui-sont-ses-six-enfants-1424829\"><br \/>\nJude Law<\/a>, lors de ses missions.<\/p>\n<p>Au cours de l&rsquo;une d&rsquo;entre elles. <strong>Fine tue<br \/>\naccidentellement le marchand d&rsquo;armes Tihomir Boyanov<\/strong>.<br \/>\nApr\u00e8s avoir \u00e9ternu\u00e9 pendant une confrontation avec ce dernier. Afin<br \/>\nde trouver l&#8217;emplacement d&rsquo;une valise contenant une arme nucl\u00e9aire.<br \/>\nSusan d\u00e9couvre que la fille de Boyanov, Rayna, jou\u00e9e<br \/>\npar\u00a0<a href=\"https:\/\/www.telestar.fr\/culture\/apprentis-parents-de-quelle-emouvante-histoire-vraie-le-film-est-il-inspire-820232\" target=\"_self\" data-mrf-link=\"https:\/\/www.telestar.fr\/culture\/apprentis-parents-de-quelle-emouvante-histoire-vraie-le-film-est-il-inspire-820232\" rel=\"noopener\">Rose<br \/>\nByrne<\/a>, a contact\u00e9 Sergio De Luca. Courtier soup\u00e7onn\u00e9 d&rsquo;avoir<br \/>\ndes liens avec divers groupes terroristes.<\/p>\n<p>Melissa McCarthy s&rsquo;est \u00e9norm\u00e9ment investie physiquement durant<br \/>\nle tournage<\/p>\n<p>Fine infiltre la maison de Rayna. Mais est d\u00e9sarm\u00e9 par la jeune<br \/>\nfemme, <strong>qui n&rsquo;h\u00e9site pas \u00e0 abattre l&rsquo;agent<\/strong>. Sous<br \/>\nles yeux de Susan via la cam\u00e9ra oculaire en ligne de Fine. Rayna<br \/>\nr\u00e9v\u00e8le qu&rsquo;elle conna\u00eet les identit\u00e9s d&rsquo;agents infiltr\u00e9s, notamment<br \/>\nKaren Walker et Rick Ford. Respectivement incarn\u00e9s par <a href=\"https:\/\/www.telestar.fr\/people\/homeland-mentalist-ghotam-5-choses-a-savoir-sur-morena-baccarin-432974\" target=\"_blank\" rel=\"noopener\"><br \/>\nMorena Baccarin<\/a> et <a href=\"https:\/\/www.telestar.fr\/culture\/jason-statham-une-video-de-l-acteur-avec-des-cheveux-refait-surface-photos-36913\" target=\"_self\" data-mrf-link=\"https:\/\/www.telestar.fr\/culture\/jason-statham-une-video-de-l-acteur-avec-des-cheveux-refait-surface-photos-36913\" rel=\"noopener\"><br \/>\nJason Statham<\/a>.<\/p>\n<p>Se fiant \u00e0 l&rsquo;id\u00e9e que Rayna ne la conna\u00eet pas. Susan se porte<br \/>\nvolontaire pour la suivre aupr\u00e8s de sa chef, Elaine Crocker, qui se<br \/>\nr\u00e9sout \u00e0 accepter. Car elle connaissait ses aptitudes quand elle<br \/>\n\u00e9tait stagiaire dix ans auparavant. Pour l&rsquo;anecdote, il s&rsquo;agit du<br \/>\nr\u00f4le le plus physique que Melissa McCarthy ait jou\u00e9 \u00e0 ce jour.<br \/>\nCourse poursuite en scooter, suspension \u00e0 un h\u00e9licopt\u00e8re, combat<br \/>\nrapproch\u00e9&#8230; <strong>Toutes ces cascades lui ont demand\u00e9 un \u00e9norme<br \/>\ninvestissement<\/strong>.<\/p>\n<p>Spy : ce film n&rsquo;est ni une<br \/>\nparodie ni une satire selon le r\u00e9alisateur Paul Feig<\/p>\n<p>Elle n&rsquo;en n&rsquo;est d&rsquo;ailleurs pas sortie indemne. Car <strong>elle<br \/>\ns&rsquo;est f\u00eal\u00e9e le cr\u00e2ne durant le tournage d&rsquo;une sc\u00e8ne<\/strong>. Pour<br \/>\nles besoins du film. Melissa McCarthy a d\u00fb apprendre les rudiments<br \/>\nd&rsquo;un art martial provenant des Philippines. Son entrainement a \u00e9t\u00e9<br \/>\ndispens\u00e9 par Diana Lee Inosanto. Une actrice cascadeuse,<br \/>\nsp\u00e9cialiste des sports de combat.<\/p>\n<p>Le r\u00e9alisateur Paul<br \/>\nFeig a pr\u00e9cis\u00e9 que Spy n&rsquo;est ni une parodie ni une satire.<br \/>\nMais une com\u00e9die d&rsquo;action qui rend hommage aux films d&rsquo;espionnage.<br \/>\nL&rsquo;aspect comique repose avant tout sur les personnages qui<br \/>\ns&rsquo;imbriquent dans un ton g\u00e9n\u00e9ral qui ressemble \u00e0 James Bond. M\u00eame<br \/>\nsi le danger et l&rsquo;action sont authentiques. <strong>L&rsquo;objectif<br \/>\nreste d&rsquo;\u00eatre le plus dr\u00f4le possible<\/strong>.<\/p>\n","protected":false},"excerpt":{"rendered":"EN BREF Sorti en 2015, le film \u00ab\u00a0Spy&rsquo; r\u00e9alis\u00e9 par Paul Feig sera diffus\u00e9 le 24 ao\u00fbt 2025&hellip;\n","protected":false},"author":2,"featured_media":340451,"comment_status":"","ping_status":"","sticky":false,"template":"","format":"standard","meta":{"footnotes":""},"categories":[1354],"tags":[548,58,59,1346,1011,27,1360,199],"class_list":{"0":"post-340450","1":"post","2":"type-post","3":"status-publish","4":"format-standard","5":"has-post-thumbnail","7":"category-films","8":"tag-article-simple","9":"tag-divertissement","10":"tag-entertainment","11":"tag-films","12":"tag-fr","13":"tag-france","14":"tag-movies","15":"tag-tf1"},"share_on_mastodon":{"url":"https:\/\/pubeurope.com\/@fr\/115083376338942030","error":""},"_links":{"self":[{"href":"https:\/\/www.europesays.com\/fr\/wp-json\/wp\/v2\/posts\/340450","targetHints":{"allow":["GET"]}}],"collection":[{"href":"https:\/\/www.europesays.com\/fr\/wp-json\/wp\/v2\/posts"}],"about":[{"href":"https:\/\/www.europesays.com\/fr\/wp-json\/wp\/v2\/types\/post"}],"author":[{"embeddable":true,"href":"https:\/\/www.europesays.com\/fr\/wp-json\/wp\/v2\/users\/2"}],"replies":[{"embeddable":true,"href":"https:\/\/www.europesays.com\/fr\/wp-json\/wp\/v2\/comments?post=340450"}],"version-history":[{"count":0,"href":"https:\/\/www.europesays.com\/fr\/wp-json\/wp\/v2\/posts\/340450\/revisions"}],"wp:featuredmedia":[{"embeddable":true,"href":"https:\/\/www.europesays.com\/fr\/wp-json\/wp\/v2\/media\/340451"}],"wp:attachment":[{"href":"https:\/\/www.europesays.com\/fr\/wp-json\/wp\/v2\/media?parent=340450"}],"wp:term":[{"taxonomy":"category","embeddable":true,"href":"https:\/\/www.europesays.com\/fr\/wp-json\/wp\/v2\/categories?post=340450"},{"taxonomy":"post_tag","embeddable":true,"href":"https:\/\/www.europesays.com\/fr\/wp-json\/wp\/v2\/tags?post=340450"}],"curies":[{"name":"wp","href":"https:\/\/api.w.org\/{rel}","templated":true}]}}