{"id":340452,"date":"2025-08-24T10:55:13","date_gmt":"2025-08-24T10:55:13","guid":{"rendered":"https:\/\/www.europesays.com\/fr\/340452\/"},"modified":"2025-08-24T10:55:13","modified_gmt":"2025-08-24T10:55:13","slug":"alzheimer-des-chats-a-lorigine-de-nouveaux-traitements-actualites","status":"publish","type":"post","link":"https:\/\/www.europesays.com\/fr\/340452\/","title":{"rendered":"Alzheimer : des chats \u00e0 l\u2019origine de nouveaux traitements : Actualit\u00e9s"},"content":{"rendered":"<p class=\"lead \"><strong>Des chercheurs de l\u2019Universit\u00e9 d\u2019\u00c9dimbourg ont publi\u00e9 une \u00e9tude qui montre que les chats atteints de d\u00e9mence pr\u00e9sentent des alt\u00e9rations c\u00e9r\u00e9brales qui se rapprochent de la maladie d\u2019Alzheimer.<\/strong><\/p>\n<p class=\"lead \">C\u2019est une \u00e9tude qui ouvre une nouvelle piste pour traiter la maladie d&rsquo;Alzheimer. \u00c0 l&rsquo;universit\u00e9 d\u2019\u00c9dimbourg, des chercheurs ont fait une d\u00e9couverte en analysant des chats atteints de d\u00e9mence, qui est l\u2019une des caract\u00e9ristiques principales de la maladie chez les \u00eatres humains. Ils ont d\u00e9couvert chez les f\u00e9lins une accumulation de la prot\u00e9ine toxique b\u00eata-amylo\u00efde dans le cerveau, qui se produit au niveau des synapses.<\/p>\n<p>                                                                                                Une d\u00e9couverte de grande ampleur ?<\/p>\n<p class=\"lead \">\u00c0 l&rsquo;image de l\u2019homme, les chats aussi d\u00e9veloppent souvent une d\u00e9mence qui se traduit par des changements comportementaux comme des miaulements ou des cris plus fr\u00e9quents, une confusion et des troubles du sommeil. Des sympt\u00f4mes qui rappellent ceux observ\u00e9s chez les personnes atteintes d\u2019Alzheimer. C\u2019est le fait que les chats d\u00e9veloppent naturellement cette d\u00e9mence qui en fait un mod\u00e8le plus pr\u00e9cis pour \u00e9tudier la maladie. Jusque-l\u00e0, les principaux sujets d\u2019\u00e9tude \u00e9taient des rongeurs g\u00e9n\u00e9tiquement modifi\u00e9s qui \u00e9taient utilis\u00e9s dans la recherche sur Alzheimer.<\/p>\n<p class=\"lead \">\u00ab\u00a0Ces similitudes frappantes entre la d\u00e9mence f\u00e9line et la maladie d\u2019Alzheimer chez l\u2019homme ouvrent la porte \u00e0 l\u2019exploration de nouveaux traitements prometteurs qui pourraient b\u00e9n\u00e9ficier \u00e0 la fois aux humains et \u00e0 nos animaux de compagnie vieillissants,\u00a0\u00bb confie le Dr Robert McGeachan, principal auteur de l\u2019\u00e9tude.<\/p>\n<p class=\"small font-weight-bold text-gray3 \"> publi\u00e9 le 24 ao\u00fbt \u00e0 10h51, Arnaud Enjourbault, 6Medias<\/p>\n<p>                             Partager<\/p>\n","protected":false},"excerpt":{"rendered":"Des chercheurs de l\u2019Universit\u00e9 d\u2019\u00c9dimbourg ont publi\u00e9 une \u00e9tude qui montre que les chats atteints de d\u00e9mence pr\u00e9sentent&hellip;\n","protected":false},"author":2,"featured_media":340453,"comment_status":"","ping_status":"","sticky":false,"template":"","format":"standard","meta":{"footnotes":""},"categories":[10],"tags":[1011,27,72,71],"class_list":{"0":"post-340452","1":"post","2":"type-post","3":"status-publish","4":"format-standard","5":"has-post-thumbnail","7":"category-sante","8":"tag-fr","9":"tag-france","10":"tag-health","11":"tag-sante"},"share_on_mastodon":{"url":"https:\/\/pubeurope.com\/@fr\/115083380403773557","error":""},"_links":{"self":[{"href":"https:\/\/www.europesays.com\/fr\/wp-json\/wp\/v2\/posts\/340452","targetHints":{"allow":["GET"]}}],"collection":[{"href":"https:\/\/www.europesays.com\/fr\/wp-json\/wp\/v2\/posts"}],"about":[{"href":"https:\/\/www.europesays.com\/fr\/wp-json\/wp\/v2\/types\/post"}],"author":[{"embeddable":true,"href":"https:\/\/www.europesays.com\/fr\/wp-json\/wp\/v2\/users\/2"}],"replies":[{"embeddable":true,"href":"https:\/\/www.europesays.com\/fr\/wp-json\/wp\/v2\/comments?post=340452"}],"version-history":[{"count":0,"href":"https:\/\/www.europesays.com\/fr\/wp-json\/wp\/v2\/posts\/340452\/revisions"}],"wp:featuredmedia":[{"embeddable":true,"href":"https:\/\/www.europesays.com\/fr\/wp-json\/wp\/v2\/media\/340453"}],"wp:attachment":[{"href":"https:\/\/www.europesays.com\/fr\/wp-json\/wp\/v2\/media?parent=340452"}],"wp:term":[{"taxonomy":"category","embeddable":true,"href":"https:\/\/www.europesays.com\/fr\/wp-json\/wp\/v2\/categories?post=340452"},{"taxonomy":"post_tag","embeddable":true,"href":"https:\/\/www.europesays.com\/fr\/wp-json\/wp\/v2\/tags?post=340452"}],"curies":[{"name":"wp","href":"https:\/\/api.w.org\/{rel}","templated":true}]}}