{"id":340456,"date":"2025-08-24T10:57:15","date_gmt":"2025-08-24T10:57:15","guid":{"rendered":"https:\/\/www.europesays.com\/fr\/340456\/"},"modified":"2025-08-24T10:57:15","modified_gmt":"2025-08-24T10:57:15","slug":"jai-ete-silencieux-ces-dernieres-semaines-maxime-chattam-prend-la-parole-pour-la-premiere-fois-depuis-sa-rupture-davec-faustine-bollaert","status":"publish","type":"post","link":"https:\/\/www.europesays.com\/fr\/340456\/","title":{"rendered":"\u00ab\u00a0J\u2019ai \u00e9t\u00e9 silencieux ces derni\u00e8res semaines\u00a0\u00bb, Maxime Chattam prend la parole pour la premi\u00e8re fois depuis sa rupture d\u2019avec Faustine Bollaert"},"content":{"rendered":"<p>      R\u00e9sum\u00e9<\/p>\n<p>Maxime Chattam annonce le retour prochain de son nouveau thriller, apr\u00e8s plusieurs semaines de silence, sans aborder les rumeurs sur sa vie personnelle.<\/p>\n<p>        Sommaire<\/p>\n<p><strong>Il n&rsquo;avait pas pris la parole depuis un bon petit moment<\/strong>&#8230; Mais ce dimanche 24 ao\u00fbt, c&rsquo;est avec une publication \u00e9nigmatique que Maxime Chattam a rappel\u00e9 combien la vie pouvait basculer en \u00ab\u00a08,2 secondes\u00a0\u00bb. En effet, <a href=\"https:\/\/vsd.fr\/67593-faustine-bollaert-pourquoi-maxime-chattam-son-compagnon-de-longue-date-a-decide-de-prendre-ses-distances\/\" target=\"_blank\" rel=\"noopener\">l&rsquo;auteur de romans \u00e0 succ\u00e8s<\/a> a annonc\u00e9 la sortie prochaine <strong>d&rsquo;un nouveau thriller, au titre tr\u00e8s surprenant<\/strong>. Apr\u00e8s avoir connu le succ\u00e8s avec Que ta volont\u00e9 soit faite, Le sang du temps et plus r\u00e9cemment Prime Time, le romancier de 49 ans s&rsquo;appr\u00eate \u00e0 faire son retour en librairies.<\/p>\n<p><strong>\u00ab\u00a0J&rsquo;ai \u00e9t\u00e9 particuli\u00e8rement silencieux ces derni\u00e8res semaines\u00a0\u00bb <\/strong>a reconnu Maxime Chattam en d\u00e9but de post. Sans faire mention <a href=\"https:\/\/www.public.fr\/faustine-bollaert-qui-est-le-tres-seduisant-charles-lautre-homme-de-sa-vie-apres-maxime-chattam\" target=\"_blank\" rel=\"noopener\">aux rumeurs qui le ciblent depuis plusieurs semaines<\/a>, l&rsquo;auteur \u00e9voque toutefois son absence des r\u00e9seaux sociaux. Au d\u00e9but de l&rsquo;\u00e9t\u00e9 en effet, plusieurs magazines ont assur\u00e9 que <strong>Faustine Bollaert l&rsquo;aurait quitt\u00e9<\/strong>. Si rien n&rsquo;a depuis \u00e9t\u00e9 confirm\u00e9 par les deux int\u00e9ress\u00e9s, l&rsquo;animatrice semble avoir toutefois <a href=\"https:\/\/www.public.fr\/faustine-bollaert-saffiche-comme-rarement-en-maillot-de-bain-pour-feter-son-enorme-promotion\" target=\"_blank\" rel=\"noopener\">pass\u00e9 ses vacances seule<\/a>, loin de celui qui a partag\u00e9 sa vie pendant plus de dix ans.<\/p>\n<p>Faustine Bollaert et Maxime Chattam : et si tout \u00e9tait fini ?<\/p>\n<p>Mais si Maxime Chattam a \u00e9t\u00e9 absent, c&rsquo;est simplement pour finir un roman&#8230; Le titre est myst\u00e9rieux : <strong>8,2 secondes<\/strong>. Mais que signifie vraiment cette courte dur\u00e9e ? L&rsquo;auteur reste impassible : \u00ab\u00a0Un thriller ? Une histoire d&rsquo;amour ? Un roman qui fait frissonner ? Un r\u00e9cit \u00e0 la Hitchcock ? Et si c&rsquo;\u00e9tait tout cela \u00e0 la fois ? 8,2 secondes est fini. <strong>Coup de blues et coup de c\u0153ur de mon c\u00f4t\u00e9. Je vous en reparle bient\u00f4t<\/strong>\u00a0\u00bb a-t-il ainsi teas\u00e9.<\/p>\n<p>Pr\u00e9sident de la commission du Fonds d&rsquo;aide au jeu vid\u00e9o par le pr\u00e9sident du CNC depuis 2021, <strong>Maxime Chattam est-il toujours mari\u00e9 \u00e0 Faustine Bollaert<\/strong> ? Les deux tourtereaux n&rsquo;ont officialis\u00e9 aucune proc\u00e9dure de divorce. S&rsquo;ils ont vraiment mis fin \u00e0 leur histoire d&rsquo;amour, celle-ci aura toutefois dur\u00e9 pr\u00e8s de quinze ans. Ils se sont mari\u00e9s durant l&rsquo;\u00e9t\u00e9 2012. De leur belle histoire sont n\u00e9s deux enfants : <a href=\"https:\/\/www.public.fr\/faustine-bollaert-maman-d-une-petite-fille\" target=\"_blank\" rel=\"noopener\">Abbie, en 2013<\/a>, et <a href=\"https:\/\/www.public.fr\/faustine-bollaert-son-coup-de-gueule-a-propos-de-son-fils\" target=\"_blank\" rel=\"noopener\">Peter, deux ans plus tard<\/a>. Dans quelques jours, <strong>ce dernier devrait faire sa premi\u00e8re rentr\u00e9e au coll\u00e8ge<\/strong> !<\/p>\n<p>      Mentionn\u00e9s dans cet article<\/p>\n<p>      Sur le m\u00eame sujet<\/p>\n","protected":false},"excerpt":{"rendered":"R\u00e9sum\u00e9 Maxime Chattam annonce le retour prochain de son nouveau thriller, apr\u00e8s plusieurs semaines de silence, sans aborder&hellip;\n","protected":false},"author":2,"featured_media":340457,"comment_status":"","ping_status":"","sticky":false,"template":"","format":"standard","meta":{"footnotes":""},"categories":[8],"tags":[58,59,6308,1011,27,1351,38158,2004],"class_list":{"0":"post-340456","1":"post","2":"type-post","3":"status-publish","4":"format-standard","5":"has-post-thumbnail","7":"category-divertissement","8":"tag-divertissement","9":"tag-entertainment","10":"tag-faustine-bollaert","11":"tag-fr","12":"tag-france","13":"tag-litterature","14":"tag-maxime-chattam","15":"tag-roman"},"share_on_mastodon":{"url":"https:\/\/pubeurope.com\/@fr\/115083388275915338","error":""},"_links":{"self":[{"href":"https:\/\/www.europesays.com\/fr\/wp-json\/wp\/v2\/posts\/340456","targetHints":{"allow":["GET"]}}],"collection":[{"href":"https:\/\/www.europesays.com\/fr\/wp-json\/wp\/v2\/posts"}],"about":[{"href":"https:\/\/www.europesays.com\/fr\/wp-json\/wp\/v2\/types\/post"}],"author":[{"embeddable":true,"href":"https:\/\/www.europesays.com\/fr\/wp-json\/wp\/v2\/users\/2"}],"replies":[{"embeddable":true,"href":"https:\/\/www.europesays.com\/fr\/wp-json\/wp\/v2\/comments?post=340456"}],"version-history":[{"count":0,"href":"https:\/\/www.europesays.com\/fr\/wp-json\/wp\/v2\/posts\/340456\/revisions"}],"wp:featuredmedia":[{"embeddable":true,"href":"https:\/\/www.europesays.com\/fr\/wp-json\/wp\/v2\/media\/340457"}],"wp:attachment":[{"href":"https:\/\/www.europesays.com\/fr\/wp-json\/wp\/v2\/media?parent=340456"}],"wp:term":[{"taxonomy":"category","embeddable":true,"href":"https:\/\/www.europesays.com\/fr\/wp-json\/wp\/v2\/categories?post=340456"},{"taxonomy":"post_tag","embeddable":true,"href":"https:\/\/www.europesays.com\/fr\/wp-json\/wp\/v2\/tags?post=340456"}],"curies":[{"name":"wp","href":"https:\/\/api.w.org\/{rel}","templated":true}]}}