{"id":340462,"date":"2025-08-24T11:00:23","date_gmt":"2025-08-24T11:00:23","guid":{"rendered":"https:\/\/www.europesays.com\/fr\/340462\/"},"modified":"2025-08-24T11:00:23","modified_gmt":"2025-08-24T11:00:23","slug":"une-touriste-risque-la-prison-pour-avoir-fait-de-la-pole-dance-sur-un-drapeau-national","status":"publish","type":"post","link":"https:\/\/www.europesays.com\/fr\/340462\/","title":{"rendered":"Une touriste risque la prison pour avoir fait de la pole dance sur un drapeau national"},"content":{"rendered":"<p>Sur une <a href=\"https:\/\/www.20minutes.fr\/dossier\/video\" class=\"c-link c-link--is-underlined\" rel=\"nofollow noopener\" target=\"_blank\">vid\u00e9o<\/a> devenue virale, une <a href=\"http:\/\/20minutes.fr\/dossier\/tourisme\" target=\"_blank\" class=\"c-link c-link--is-underlined\" rel=\"nofollow noopener\">touriste<\/a> a encha\u00een\u00e9 des figures de <a href=\"https:\/\/www.20minutes.fr\/lille\/1560787-20150312-lille-pole-dance-discipline-sexy\" class=\"c-link c-link--is-underlined\" rel=\"nofollow noopener\" target=\"_blank\">pole dance<\/a> (danser et r\u00e9aliser des figures acrobatiques en prenant appui sur une barre verticale) sur le m\u00e2t d\u2019un drapeau turc rouge et blanc dominant le village touristique d\u2019U\u00e7hisar, en <a href=\"https:\/\/www.20minutes.fr\/monde\/turquie\/\" class=\"c-link c-link--is-underlined\" rel=\"nofollow noopener\" target=\"_blank\">Turquie<\/a>.<\/p>\n<p>Pour ces faits, la jeune femme, de nationalit\u00e9 \u00e9trang\u00e8re selon les autorit\u00e9s, est d\u00e9sormais vis\u00e9e par la <a href=\"https:\/\/www.20minutes.fr\/justice\/\" class=\"c-link c-link--is-underlined\" rel=\"nofollow noopener\" target=\"_blank\">justice<\/a>, accus\u00e9e d\u2019insulte au drapeau turc, a annonc\u00e9 jeudi sur X le gouvernorat de Nevsehir (centre), province abritant la Cappadoce et ses c\u00e9l\u00e8bres chemin\u00e9es de f\u00e9e sculpt\u00e9es par l\u2019\u00e9rosion.<\/p>\n<p class=\"mb-xxl@xs color-ultramarine font-weight-semi-bold@xs font-source-serif-pro heading-s@xs\">L\u2019acc\u00e8s \u00e0 ce contenu a \u00e9t\u00e9 bloqu\u00e9 afin de respecter votre choix de consentement<\/p>\n<p class=\"mb-m@xs text-l@xs\">En cliquant sur\u00ab J\u2019accepte \u00bb, vous acceptez le d\u00e9p\u00f4t de cookies par des services externes et aurez ainsi acc\u00e8s aux contenus de nos partenaires.<\/p>\n<p class=\"mb-xl@xs text-s@xs\">Plus d\u2019informations sur la page<a href=\"https:\/\/www.20minutes.fr\/gestion-cookies\" class=\"mx-xxs@xs color-ultramarine\" rel=\"nofollow noopener\" target=\"_blank\">Politique de gestion des cookies<\/a><\/p>\n<p>J\u2019accepte<\/p>\n<p>Les autorit\u00e9s n\u2019ont pas pr\u00e9cis\u00e9 si la jeune femme, qui encourt jusqu\u2019\u00e0 trois ans de prison, avait \u00e9t\u00e9 identifi\u00e9e et interpell\u00e9e.<\/p>\n<p><a href=\"https:\/\/www.20minutes.fr\/monde\/turquie\/\" class=\"c-link c-btn c-btn--primary\" rel=\"nofollow noopener\" target=\"_blank\">Notre dossier sur la Turquie<\/a><\/p>\n<p>\u00ab\u00a0Une plainte p\u00e9nale a \u00e9t\u00e9 d\u00e9pos\u00e9e et une enqu\u00eate judiciaire ouverte\u00a0\u00bb, ont indiqu\u00e9 les autorit\u00e9s locales, qui estiment que les \u00ab\u00a0valeurs nationales et morales de notre nation bien-aim\u00e9e\u00a0\u00bb ont \u00e9t\u00e9 pi\u00e9tin\u00e9es au cours de cet \u00ab\u00a0odieux incident\u00a0\u00bb.<\/p>\n","protected":false},"excerpt":{"rendered":"Sur une vid\u00e9o devenue virale, une touriste a encha\u00een\u00e9 des figures de pole dance (danser et r\u00e9aliser des&hellip;\n","protected":false},"author":2,"featured_media":340463,"comment_status":"","ping_status":"","sticky":false,"template":"","format":"standard","meta":{"footnotes":""},"categories":[5],"tags":[47,11,5972,12159,1011,27,14,74,12,806,3496,28],"class_list":{"0":"post-340462","1":"post","2":"type-post","3":"status-publish","4":"format-standard","5":"has-post-thumbnail","7":"category-international","8":"tag-actualite","9":"tag-actualites","10":"tag-danse","11":"tag-drapeau","12":"tag-fr","13":"tag-france","14":"tag-international","15":"tag-monde","16":"tag-news","17":"tag-prison","18":"tag-turquie","19":"tag-world"},"share_on_mastodon":{"url":"https:\/\/pubeurope.com\/@fr\/115083400049130821","error":""},"_links":{"self":[{"href":"https:\/\/www.europesays.com\/fr\/wp-json\/wp\/v2\/posts\/340462","targetHints":{"allow":["GET"]}}],"collection":[{"href":"https:\/\/www.europesays.com\/fr\/wp-json\/wp\/v2\/posts"}],"about":[{"href":"https:\/\/www.europesays.com\/fr\/wp-json\/wp\/v2\/types\/post"}],"author":[{"embeddable":true,"href":"https:\/\/www.europesays.com\/fr\/wp-json\/wp\/v2\/users\/2"}],"replies":[{"embeddable":true,"href":"https:\/\/www.europesays.com\/fr\/wp-json\/wp\/v2\/comments?post=340462"}],"version-history":[{"count":0,"href":"https:\/\/www.europesays.com\/fr\/wp-json\/wp\/v2\/posts\/340462\/revisions"}],"wp:featuredmedia":[{"embeddable":true,"href":"https:\/\/www.europesays.com\/fr\/wp-json\/wp\/v2\/media\/340463"}],"wp:attachment":[{"href":"https:\/\/www.europesays.com\/fr\/wp-json\/wp\/v2\/media?parent=340462"}],"wp:term":[{"taxonomy":"category","embeddable":true,"href":"https:\/\/www.europesays.com\/fr\/wp-json\/wp\/v2\/categories?post=340462"},{"taxonomy":"post_tag","embeddable":true,"href":"https:\/\/www.europesays.com\/fr\/wp-json\/wp\/v2\/tags?post=340462"}],"curies":[{"name":"wp","href":"https:\/\/api.w.org\/{rel}","templated":true}]}}