{"id":340464,"date":"2025-08-24T11:01:21","date_gmt":"2025-08-24T11:01:21","guid":{"rendered":"https:\/\/www.europesays.com\/fr\/340464\/"},"modified":"2025-08-24T11:01:21","modified_gmt":"2025-08-24T11:01:21","slug":"un-pan-de-falaise-seffondre-pres-detretat","status":"publish","type":"post","link":"https:\/\/www.europesays.com\/fr\/340464\/","title":{"rendered":"Un pan de falaise s\u2019effondre pr\u00e8s d\u2019Etretat"},"content":{"rendered":"<p>Plus de peur que de mal. Vendredi, en fin d\u2019apr\u00e8s-midi, un pan de falaise s\u2019est effondr\u00e9, pr\u00e8s de la plage des Petites Dalles, sur la commune de Saint-Martin-aux-Buneaux (<a href=\"https:\/\/www.20minutes.fr\/dossier\/seine_maritime-1\" class=\"c-link c-link--is-underlined\" target=\"_blank\" rel=\"noopener\">Seine-Maritime<\/a>), non loin d\u2019Etretat. Comme en t\u00e9moigne une vid\u00e9o post\u00e9e sur <a href=\"https:\/\/www.20minutes.fr\/high-tech\/facebook\/\" class=\"c-link c-link--is-underlined\" target=\"_blank\" rel=\"noopener\">Facebook<\/a> par un promeneur, l\u2019\u00e9boulement a surpris les passants, qui heureusement n\u2019ont pas \u00e9t\u00e9 bless\u00e9s.<\/p>\n<p>Un incident confirm\u00e9 \u00e0 <a href=\"https:\/\/www.francebleu.fr\/infos\/environnement\/un-impressionnant-pan-de-falaise-s-effondre-aux-petites-dalles-sans-faire-de-blesse-8642310\" target=\"_blank\" class=\"c-link c-link--is-underlined\" rel=\"noopener\">Ici<\/a> par Philippe Duboc, adjoint au maire de la commune et responsable local de la SNSM (Soci\u00e9t\u00e9 nationale des sauveteurs en mer), pr\u00e9sent sur place au moment de l\u2019effondrement de ce pan de falaise. \u00ab\u00a0On a entendu comme le bruit d\u2019un avion de chasse [\u2026] Et \u00e0 ce moment-l\u00e0, on a un \u00e9norme bloc qui se d\u00e9tache de la falaise et qui glisse vers le bas entra\u00eenant un nuage de poussi\u00e8re tr\u00e8s important. On avait l\u2019impression d\u2019\u00eatre tout droit sorti d\u2019un film de catastrophe\u00a0\u00bb, raconte-t-il.<\/p>\n<blockquote cite=\"https:\/\/www.facebook.com\/groups\/934687037686933\/permalink\/1491444102011221\/\" class=\"fb-xfbml-parse-ignore\"><p><a href=\"https:\/\/www.facebook.com\/groups\/934687037686933\/permalink\/1491444102011221\/\" target=\"_blank\" rel=\"noopener\"><\/p>\n<p>Quand on dit que c est dangereux de marcher sous les falaises<br \/>\nCe soir a 18:50 aux petites dalles au nord de fecamp<\/p>\n<p>Posted by <a href=\"#\" role=\"button\">Alx Berthaut<\/a> on Friday, August 22, 2025<\/p><\/blockquote>\n<p class=\"mb-xxl@xs color-ultramarine font-weight-semi-bold@xs font-source-serif-pro heading-s@xs\">L\u2019acc\u00e8s \u00e0 ce contenu a \u00e9t\u00e9 bloqu\u00e9 afin de respecter votre choix de consentement<\/p>\n<p class=\"mb-m@xs text-l@xs\">En cliquant sur\u00ab J\u2019accepte \u00bb, vous acceptez le d\u00e9p\u00f4t de cookies par des services externes et aurez ainsi acc\u00e8s aux contenus de nos partenaires.<\/p>\n<p class=\"mb-xl@xs text-s@xs\">Plus d\u2019informations sur la page<a href=\"https:\/\/www.20minutes.fr\/gestion-cookies\" class=\"mx-xxs@xs color-ultramarine\" target=\"_blank\" rel=\"noopener\">Politique de gestion des cookies<\/a><\/p>\n<p>J\u2019accepte<\/p>\n<p>Fort heureusement, cet \u00e9boulement qui n\u2019est pas le premier du genre dans la r\u00e9gion, n\u2019a fait aucun bless\u00e9.<\/p>\n","protected":false},"excerpt":{"rendered":"Plus de peur que de mal. Vendredi, en fin d\u2019apr\u00e8s-midi, un pan de falaise s\u2019est effondr\u00e9, pr\u00e8s de&hellip;\n","protected":false},"author":2,"featured_media":340465,"comment_status":"","ping_status":"","sticky":false,"template":"","format":"standard","meta":{"footnotes":""},"categories":[4],"tags":[119,47,11,7122,436,118,1011,27,12,5161,25,5163],"class_list":{"0":"post-340464","1":"post","2":"type-post","3":"status-publish","4":"format-standard","5":"has-post-thumbnail","7":"category-france","8":"tag-accident","9":"tag-actualite","10":"tag-actualites","11":"tag-effondrement","12":"tag-environnement","13":"tag-faits-divers","14":"tag-fr","15":"tag-france","16":"tag-news","17":"tag-normandie","18":"tag-republique-francaise","19":"tag-seine-maritime"},"share_on_mastodon":{"url":"https:\/\/pubeurope.com\/@fr\/115083403812298329","error":""},"_links":{"self":[{"href":"https:\/\/www.europesays.com\/fr\/wp-json\/wp\/v2\/posts\/340464","targetHints":{"allow":["GET"]}}],"collection":[{"href":"https:\/\/www.europesays.com\/fr\/wp-json\/wp\/v2\/posts"}],"about":[{"href":"https:\/\/www.europesays.com\/fr\/wp-json\/wp\/v2\/types\/post"}],"author":[{"embeddable":true,"href":"https:\/\/www.europesays.com\/fr\/wp-json\/wp\/v2\/users\/2"}],"replies":[{"embeddable":true,"href":"https:\/\/www.europesays.com\/fr\/wp-json\/wp\/v2\/comments?post=340464"}],"version-history":[{"count":0,"href":"https:\/\/www.europesays.com\/fr\/wp-json\/wp\/v2\/posts\/340464\/revisions"}],"wp:featuredmedia":[{"embeddable":true,"href":"https:\/\/www.europesays.com\/fr\/wp-json\/wp\/v2\/media\/340465"}],"wp:attachment":[{"href":"https:\/\/www.europesays.com\/fr\/wp-json\/wp\/v2\/media?parent=340464"}],"wp:term":[{"taxonomy":"category","embeddable":true,"href":"https:\/\/www.europesays.com\/fr\/wp-json\/wp\/v2\/categories?post=340464"},{"taxonomy":"post_tag","embeddable":true,"href":"https:\/\/www.europesays.com\/fr\/wp-json\/wp\/v2\/tags?post=340464"}],"curies":[{"name":"wp","href":"https:\/\/api.w.org\/{rel}","templated":true}]}}