{"id":340466,"date":"2025-08-24T11:03:24","date_gmt":"2025-08-24T11:03:24","guid":{"rendered":"https:\/\/www.europesays.com\/fr\/340466\/"},"modified":"2025-08-24T11:03:24","modified_gmt":"2025-08-24T11:03:24","slug":"mercato-donnarumma-sest-mis-daccord-avec-manchester-city","status":"publish","type":"post","link":"https:\/\/www.europesays.com\/fr\/340466\/","title":{"rendered":"Mercato \u2013 Donnarumma s\u2019est mis d\u2019accord avec Manchester City"},"content":{"rendered":"<p><img width=\"780\" height=\"470\" src=\"https:\/\/www.europesays.com\/fr\/wp-content\/uploads\/2025\/08\/image-9a61d295-58c9-4af6-879e-e3edb5accb63-85-2560-1440-780x470.jpeg\" class=\"attachment-jannah-image-post size-jannah-image-post wp-post-image\" alt=\"Gianluigi Donnarumma\" is_main_img=\"1\" decoding=\"async\" fetchpriority=\"high\"\/><\/p>\n<p>\u00c0 un an de la fin de son contrat au PSG, Gianluigi<br \/>\nDonnarumma devrait quitter le club de la capitale avant la fin du<br \/>\nmercato. Il s\u2019est mis d\u2019accord avec Manchester City.\u00a0<\/p>\n<p>Encore sous contrat jusqu\u2019en juin 2026 avec le<br \/>\n<strong>PSG<\/strong>, <strong>Gianluigi Donnarumma<\/strong> n\u2019a pas<br \/>\nr\u00e9ussi \u00e0 trouver d\u2019accord avec ses dirigeants pour prolonger. Le<br \/>\nclub de la capitale a alors d\u00e9cid\u00e9 d\u2019offrir sa place de num\u00e9ro 1 \u00e0<br \/>\n<strong>Lucas Chevalier<\/strong>. L\u2019international italien est donc<br \/>\ninvit\u00e9 \u00e0 quitter <strong>Paris<\/strong>. Depuis plusieurs jours,<br \/>\nson nom est associ\u00e9 \u00e0 <strong><a href=\"https:\/\/canal-supporters.com\/mercato-un-rendez-vous-a-deja-eu-lieu-entre-manchester-city-et-donnarumma\/\" title=\"\" target=\"_blank\" rel=\"noopener\">Manchester City<\/a>.<\/strong> Et selon les derni\u00e8res<br \/>\ninformations de <strong><a href=\"https:\/\/x.com\/FabrizioRomano\/status\/1959519042244665674\" target=\"_blank\" rel=\"noopener\" title=\"\">Fabrizio Romano<\/a><\/strong>,<br \/>\nl\u2019ancien Milanais aurait conclu un accord personnel avec le club<br \/>\nanglais pour son futur contrat. Il est d\u00e9sireux de rejoindre les<br \/>\n<strong>Citizens<\/strong> et de jouer sous les ordres de<br \/>\n<strong>Pep Guardiola<\/strong>.\u00a0<\/p>\n<p>A voir aussi : <a href=\"https:\/\/canal-supporters.com\/psg-les-adieux-de-gianluigi-donnarumma-au-parc-des-princes\/\" title=\"\" target=\"_blank\" rel=\"noopener\">PSG \u2013 Les adieux de Gianluigi Donnarumma au Parc des<br \/>\nPrinces<\/a><\/p>\n<p><a href=\"https:\/\/x.com\/CanalSupporters\" target=\"_blank\" rel=\"noopener\" title=\"\">canalsupporters.com<\/a><\/p>\n<p>Le d\u00e9part<br \/>\nd\u2019Ederson devrait d\u00e9bloquer ce dossier<\/p>\n<p>Le sp\u00e9cialiste du mercato indique que des discussions sont en<br \/>\ncours entre le <strong>PSG<\/strong> et <strong>Manchester<br \/>\nCity<\/strong> pour tenter de conclure ce deal. Si le club de la<br \/>\ncapitale demanderait 50 millions d\u2019euros pour l\u00e2cher son gardien,<br \/>\nle montant du transfert devrait \u00eatre inf\u00e9rieur \u00e0 cette somme,<br \/>\nassure <strong>Fabrizio Romano<\/strong>, qui n\u2019\u00e9voque pas le prix<br \/>\nqui satisferait le <strong>PSG<\/strong>. Le journaliste conclut en<br \/>\nindiquant que l\u2019accord dans ce dossier d\u00e9pend toujours de l\u2019avenir<br \/>\nd\u2019<strong><a href=\"https:\/\/canal-supporters.com\/mercato-manchester-city-negocie-le-depart-dederson-pour-preparer-larrivee-de-donnarumma\/\" title=\"\" target=\"_blank\" rel=\"noopener\">Ederson<\/a><\/strong>. <strong>Galatasaray<\/strong> est<br \/>\ntoujours int\u00e9ress\u00e9 par le portier br\u00e9silien, mais il n\u2019y a pas<br \/>\nencore d\u2019accord entre les deux clubs.\u00a0<\/p><\/p>\n","protected":false},"excerpt":{"rendered":"\u00c0 un an de la fin de son contrat au PSG, Gianluigi Donnarumma devrait quitter le club de&hellip;\n","protected":false},"author":2,"featured_media":340467,"comment_status":"","ping_status":"","sticky":false,"template":"","format":"standard","meta":{"footnotes":""},"categories":[2],"tags":[11,81,10006,787,13121,45483,1011,27,34107,10528,16663,1434,1435,12,626,91,92,93,96],"class_list":{"0":"post-340466","1":"post","2":"type-post","3":"status-publish","4":"format-standard","5":"has-post-thumbnail","7":"category-actualites","8":"tag-actualites","9":"tag-canal-supporters","10":"tag-city","11":"tag-cs","12":"tag-donnarumma","13":"tag-ederson","14":"tag-fr","15":"tag-france","16":"tag-galatasaray","17":"tag-gianluigi-donnarumma","18":"tag-manchester-city","19":"tag-mercato","20":"tag-mercato-psg","21":"tag-news","22":"tag-paris","23":"tag-paris-saint-germain","24":"tag-paris-sg","25":"tag-psg","26":"tag-une"},"share_on_mastodon":{"url":"https:\/\/pubeurope.com\/@fr\/115083412209571198","error":""},"_links":{"self":[{"href":"https:\/\/www.europesays.com\/fr\/wp-json\/wp\/v2\/posts\/340466","targetHints":{"allow":["GET"]}}],"collection":[{"href":"https:\/\/www.europesays.com\/fr\/wp-json\/wp\/v2\/posts"}],"about":[{"href":"https:\/\/www.europesays.com\/fr\/wp-json\/wp\/v2\/types\/post"}],"author":[{"embeddable":true,"href":"https:\/\/www.europesays.com\/fr\/wp-json\/wp\/v2\/users\/2"}],"replies":[{"embeddable":true,"href":"https:\/\/www.europesays.com\/fr\/wp-json\/wp\/v2\/comments?post=340466"}],"version-history":[{"count":0,"href":"https:\/\/www.europesays.com\/fr\/wp-json\/wp\/v2\/posts\/340466\/revisions"}],"wp:featuredmedia":[{"embeddable":true,"href":"https:\/\/www.europesays.com\/fr\/wp-json\/wp\/v2\/media\/340467"}],"wp:attachment":[{"href":"https:\/\/www.europesays.com\/fr\/wp-json\/wp\/v2\/media?parent=340466"}],"wp:term":[{"taxonomy":"category","embeddable":true,"href":"https:\/\/www.europesays.com\/fr\/wp-json\/wp\/v2\/categories?post=340466"},{"taxonomy":"post_tag","embeddable":true,"href":"https:\/\/www.europesays.com\/fr\/wp-json\/wp\/v2\/tags?post=340466"}],"curies":[{"name":"wp","href":"https:\/\/api.w.org\/{rel}","templated":true}]}}