{"id":340468,"date":"2025-08-24T11:04:17","date_gmt":"2025-08-24T11:04:17","guid":{"rendered":"https:\/\/www.europesays.com\/fr\/340468\/"},"modified":"2025-08-24T11:04:17","modified_gmt":"2025-08-24T11:04:17","slug":"rochetaillee-loire-une-balade-denfer-du-cote-de-saint-etienne","status":"publish","type":"post","link":"https:\/\/www.europesays.com\/fr\/340468\/","title":{"rendered":"Rochetaill\u00e9e (Loire). Une balade d\u2019enfer du c\u00f4t\u00e9 de Saint-\u00c9tienne"},"content":{"rendered":"<p>Dans l\u2019oreille, le bruit de l\u2019eau qui court. Autour des rochers, de la mousse et des arbres. Pour rejoindre le spectaculaire barrage du Gouffre d\u2019Enfer, la randonn\u00e9e est d\u00e9j\u00e0 une aventure. Derri\u00e8re ce nom infernal, un site aux portes du Pilat, \u00e0 vingt minutes de voiture de Saint-\u00c9tienne, assurant un d\u00e9paysement imm\u00e9diat et un peu de fra\u00eecheur sous la frondaison des arbres.<\/p>\n<p>Vide, cascade et verdure<\/p>\n<p>Pr\u00e9voyez une bonne paire de chaussures pour affronter la mont\u00e9e&#8230;.<\/p>\n","protected":false},"excerpt":{"rendered":"Dans l\u2019oreille, le bruit de l\u2019eau qui court. Autour des rochers, de la mousse et des arbres. Pour&hellip;\n","protected":false},"author":2,"featured_media":340469,"comment_status":"","ping_status":"","sticky":false,"template":"","format":"standard","meta":{"footnotes":""},"categories":[9653],"tags":[1111,11,2430,7782,1687,1777,674,107,1011,27,12,25,4001,6003],"class_list":{"0":"post-340468","1":"post","2":"type-post","3":"status-publish","4":"format-standard","5":"has-post-thumbnail","7":"category-saint-etienne","8":"tag-actu","9":"tag-actualites","10":"tag-auvergne-rhone-alpes","11":"tag-balades-et-randonnees","12":"tag-culture-loisirs","13":"tag-eu","14":"tag-europe","15":"tag-fil-info","16":"tag-fr","17":"tag-france","18":"tag-news","19":"tag-republique-francaise","20":"tag-saint-etienne","21":"tag-saone-et-loire"},"share_on_mastodon":{"url":"https:\/\/pubeurope.com\/@fr\/115083415621051277","error":""},"_links":{"self":[{"href":"https:\/\/www.europesays.com\/fr\/wp-json\/wp\/v2\/posts\/340468","targetHints":{"allow":["GET"]}}],"collection":[{"href":"https:\/\/www.europesays.com\/fr\/wp-json\/wp\/v2\/posts"}],"about":[{"href":"https:\/\/www.europesays.com\/fr\/wp-json\/wp\/v2\/types\/post"}],"author":[{"embeddable":true,"href":"https:\/\/www.europesays.com\/fr\/wp-json\/wp\/v2\/users\/2"}],"replies":[{"embeddable":true,"href":"https:\/\/www.europesays.com\/fr\/wp-json\/wp\/v2\/comments?post=340468"}],"version-history":[{"count":0,"href":"https:\/\/www.europesays.com\/fr\/wp-json\/wp\/v2\/posts\/340468\/revisions"}],"wp:featuredmedia":[{"embeddable":true,"href":"https:\/\/www.europesays.com\/fr\/wp-json\/wp\/v2\/media\/340469"}],"wp:attachment":[{"href":"https:\/\/www.europesays.com\/fr\/wp-json\/wp\/v2\/media?parent=340468"}],"wp:term":[{"taxonomy":"category","embeddable":true,"href":"https:\/\/www.europesays.com\/fr\/wp-json\/wp\/v2\/categories?post=340468"},{"taxonomy":"post_tag","embeddable":true,"href":"https:\/\/www.europesays.com\/fr\/wp-json\/wp\/v2\/tags?post=340468"}],"curies":[{"name":"wp","href":"https:\/\/api.w.org\/{rel}","templated":true}]}}