{"id":340470,"date":"2025-08-24T11:05:19","date_gmt":"2025-08-24T11:05:19","guid":{"rendered":"https:\/\/www.europesays.com\/fr\/340470\/"},"modified":"2025-08-24T11:05:19","modified_gmt":"2025-08-24T11:05:19","slug":"saint-etienne-il-y-a-vingt-ans-ils-sopposaient-a-un-projet-de-centre-de-semi-liberte-a-montaud","status":"publish","type":"post","link":"https:\/\/www.europesays.com\/fr\/340470\/","title":{"rendered":"Saint-\u00c9tienne. Il y a vingt ans, ils s\u2019opposaient \u00e0 un projet de centre de semi-libert\u00e9 \u00e0 Montaud"},"content":{"rendered":"<p>La semi-libert\u00e9 est un r\u00e9gime qui permet au condamn\u00e9 d\u2019\u00eatre libre le jour, pour travailler ou suivre une formation, avant de regagner sa cellule le soir venu. Elle s\u2019adresse \u00e0 des personnes qui purgent de courtes peines d\u2019emprisonnement, ou qui sont en phase probatoire avant une lib\u00e9ration conditionnelle.<\/p>\n<p>Une manifestation contre le projet<\/p>\n<p>C\u2019est ce qui aurait d\u00fb voir le jour en 2005, rue Andr\u00e9-Ruel, sur le site d\u2019une ancienne maison de&#8230;<\/p>\n","protected":false},"excerpt":{"rendered":"La semi-libert\u00e9 est un r\u00e9gime qui permet au condamn\u00e9 d\u2019\u00eatre libre le jour, pour travailler ou suivre une&hellip;\n","protected":false},"author":2,"featured_media":340471,"comment_status":"","ping_status":"","sticky":false,"template":"","format":"standard","meta":{"footnotes":""},"categories":[9653],"tags":[1111,11,2430,7539,1777,674,1011,27,937,12,25,4001,7538,104],"class_list":{"0":"post-340470","1":"post","2":"type-post","3":"status-publish","4":"format-standard","5":"has-post-thumbnail","7":"category-saint-etienne","8":"tag-actu","9":"tag-actualites","10":"tag-auvergne-rhone-alpes","11":"tag-edition-loire-sud","12":"tag-eu","13":"tag-europe","14":"tag-fr","15":"tag-france","16":"tag-histoire","17":"tag-news","18":"tag-republique-francaise","19":"tag-saint-etienne","20":"tag-saint-etienne-ville","21":"tag-societe"},"share_on_mastodon":{"url":"https:\/\/pubeurope.com\/@fr\/115083419515186576","error":""},"_links":{"self":[{"href":"https:\/\/www.europesays.com\/fr\/wp-json\/wp\/v2\/posts\/340470","targetHints":{"allow":["GET"]}}],"collection":[{"href":"https:\/\/www.europesays.com\/fr\/wp-json\/wp\/v2\/posts"}],"about":[{"href":"https:\/\/www.europesays.com\/fr\/wp-json\/wp\/v2\/types\/post"}],"author":[{"embeddable":true,"href":"https:\/\/www.europesays.com\/fr\/wp-json\/wp\/v2\/users\/2"}],"replies":[{"embeddable":true,"href":"https:\/\/www.europesays.com\/fr\/wp-json\/wp\/v2\/comments?post=340470"}],"version-history":[{"count":0,"href":"https:\/\/www.europesays.com\/fr\/wp-json\/wp\/v2\/posts\/340470\/revisions"}],"wp:featuredmedia":[{"embeddable":true,"href":"https:\/\/www.europesays.com\/fr\/wp-json\/wp\/v2\/media\/340471"}],"wp:attachment":[{"href":"https:\/\/www.europesays.com\/fr\/wp-json\/wp\/v2\/media?parent=340470"}],"wp:term":[{"taxonomy":"category","embeddable":true,"href":"https:\/\/www.europesays.com\/fr\/wp-json\/wp\/v2\/categories?post=340470"},{"taxonomy":"post_tag","embeddable":true,"href":"https:\/\/www.europesays.com\/fr\/wp-json\/wp\/v2\/tags?post=340470"}],"curies":[{"name":"wp","href":"https:\/\/api.w.org\/{rel}","templated":true}]}}