{"id":340476,"date":"2025-08-24T11:16:20","date_gmt":"2025-08-24T11:16:20","guid":{"rendered":"https:\/\/www.europesays.com\/fr\/340476\/"},"modified":"2025-08-24T11:16:20","modified_gmt":"2025-08-24T11:16:20","slug":"quatre-films-comme-vous-ne-les-avez-jamais-vus-au-pathe-odysseum","status":"publish","type":"post","link":"https:\/\/www.europesays.com\/fr\/340476\/","title":{"rendered":"quatre films comme vous ne les avez jamais vus au Path\u00e9 Odysseum"},"content":{"rendered":"<p>            Par<br \/>\n        <strong><br \/>\n            <a href=\"https:\/\/actu.fr\/auteur\/metropoop\" title=\"Consulter tous les articles de R\u00e9daction M\u00e9tropolitain\" rel=\"nofollow noopener\" target=\"_blank\">R\u00e9daction M\u00e9tropolitain<\/a><br \/>\n        <\/strong><\/p>\n<p>        Publi\u00e9 le<\/p>\n<p>            24 ao\u00fbt 2025 \u00e0 13h05        <\/p>\n<p>Du mercredi 3 au mardi 9 septembre, <strong>les cin\u00e9mas Path\u00e9<\/strong>, dont celui d\u2019<strong>Odysseum \u00e0 Montpellier<\/strong>, proposent <strong>le festival Premium<\/strong>. Au programme, <strong>quatre films<\/strong> pour profiter pleinement des possibilit\u00e9s offertes par <strong>les salles \u00e9quip\u00e9es 4DX et IMAX<\/strong>. De quoi en prendre plein les yeux !<\/p>\n<p>Trois films r\u00e9cents et un classique<\/p>\n<p class=\" wall-content\">Avec la technologie 4DX et IMAX, le spectateur est plong\u00e9 au coeur de l\u2019action. Dans le premier cas, chaque salle est dot\u00e9e d\u2019un \u00e9quipement associant les mouvements des fauteuils \u00e0 des effets sensoriels sp\u00e9ciaux tels que le vent, la pluie, l\u2019orage, le brouillard, la neige, la fum\u00e9e, les odeurs et la lumi\u00e8re en parfaite synchronisation avec les actions du film \u00e0 l\u2019\u00e9cran. La technologie IMAX propose un autre type d\u2019immersion en incitant \u00e0 oublier les limites de l\u2019\u00e9cran avec une qualit\u00e9 d\u2019image exceptionnelle, coupl\u00e9e \u00e0 un syst\u00e8me sonore qui l\u2019est tout autant, sur un \u00e9cran aux dimensions hors normes.<\/p>\n<p class=\" wall-content\">Pour profiter pleinement de cette exp\u00e9rience immersive totale, quatre films ont \u00e9t\u00e9 s\u00e9lectionn\u00e9s. Accrochez votre ceinture avec F1\u00ae de Joseph Kosinski avec Brad Pitt, Damson Idris et Javier Bardem pour plonger au coeur d\u2019une \u00e9curie de Formule 1 et surtout dans des courses \u00e0 couper le souffle. Sensations forte assur\u00e9es avec Jurassic World : Renaissance (uniquement en version 4DX) de Gareth Edwards avec Scarlett Johansson, Jonathan Bailey et Mahershala Ali tentant de survivre parmi les dinosaures. Voyage garanti ensuite dans l\u2019univers du jeu vid\u00e9o Minecraft de Jared Hess avec Jack Black, Jason Momoa et Danielle Brooks. Et enfin, place \u00e0 un classique toujours aussi efficace 50 ans apr\u00e8s sa sortie qu\u2019est Les Dents de la Mer de Steven Spielberg avec Roy Scheider, Robert Shaw et Richard Dreyfuss.<\/p>\n<p>    <a href=\"https:\/\/www.google.com\/maps\/embed?pb=!1m18!1m12!1m3!1d5778.198412071996!2d3.9129453758044965!3d43.604475971104534!2m3!1f0!2f0!3f0!3m2!1i1024!2i768!4f13.1!3m3!1m2!1s0x12b6a57a25cf48ef%3A0xe581c03f9077dc6b!2sPath%C3%A9%20Odysseum!5e0!3m2!1sfr!2sfr!4v1755856931045!5m2!1sfr!2sfr\" title=\"Ouvrie le lien\" rel=\"nofollow noopener\" target=\"_blank\">Cliquez ici pour visualiser le contenu<\/a><\/p>\n<p>Du mercredi 3 au mardi 9 septembre au Path\u00e9 Odysseum, 235 Rue Georges M\u00e9li\u00e8s, Montpellier. Chaque s\u00e9ance est propos\u00e9e au tarif unique de 10\u20ac et de 3\u20ac le suppl\u00e9ment 4DX ou IMAX pour les porteurs Cin\u00e9Cartes et abonn\u00e9es Cin\u00e9Pass. Le suppl\u00e9ment 3D est offert. R\u00e9servez d\u00e8s maintenant vos places sur le site internet <a href=\"https:\/\/www.pathe.fr\/\" rel=\"nofollow noopener\" target=\"_blank\">pathe.fr<\/a> ou l\u2019application mobile des cin\u00e9mas Path\u00e9.<\/p>\n<p class=\" wall-content\">Personnalisez votre actualit\u00e9 en ajoutant vos villes et m\u00e9dias en favori avec <a href=\"https:\/\/moncompte.actu.fr\" title=\"D\u00e9couvez Mon Actu\" rel=\"nofollow noopener\" data-trk=\"{&quot;cta&quot;:{&quot;action&quot;:&quot;https:\\\/\\\/moncompte.actu.fr&quot;,&quot;category&quot;:&quot;mon compte&quot;,&quot;from&quot;:&quot;article footer&quot;,&quot;name&quot;:&quot;Mon actu&quot;,&quot;type&quot;:&quot;cta&quot;}}\" target=\"_blank\">Mon Actu<\/a>.<\/p>\n","protected":false},"excerpt":{"rendered":"Par R\u00e9daction M\u00e9tropolitain Publi\u00e9 le 24 ao\u00fbt 2025 \u00e0 13h05 Du mercredi 3 au mardi 9 septembre, les&hellip;\n","protected":false},"author":2,"featured_media":340477,"comment_status":"","ping_status":"","sticky":false,"template":"","format":"standard","meta":{"footnotes":""},"categories":[9599],"tags":[1111,11,1777,674,1011,27,2208,12,2680,25,104],"class_list":{"0":"post-340476","1":"post","2":"type-post","3":"status-publish","4":"format-standard","5":"has-post-thumbnail","7":"category-montpellier","8":"tag-actu","9":"tag-actualites","10":"tag-eu","11":"tag-europe","12":"tag-fr","13":"tag-france","14":"tag-montpellier","15":"tag-news","16":"tag-occitanie","17":"tag-republique-francaise","18":"tag-societe"},"share_on_mastodon":{"url":"https:\/\/pubeurope.com\/@fr\/115083462787585193","error":""},"_links":{"self":[{"href":"https:\/\/www.europesays.com\/fr\/wp-json\/wp\/v2\/posts\/340476","targetHints":{"allow":["GET"]}}],"collection":[{"href":"https:\/\/www.europesays.com\/fr\/wp-json\/wp\/v2\/posts"}],"about":[{"href":"https:\/\/www.europesays.com\/fr\/wp-json\/wp\/v2\/types\/post"}],"author":[{"embeddable":true,"href":"https:\/\/www.europesays.com\/fr\/wp-json\/wp\/v2\/users\/2"}],"replies":[{"embeddable":true,"href":"https:\/\/www.europesays.com\/fr\/wp-json\/wp\/v2\/comments?post=340476"}],"version-history":[{"count":0,"href":"https:\/\/www.europesays.com\/fr\/wp-json\/wp\/v2\/posts\/340476\/revisions"}],"wp:featuredmedia":[{"embeddable":true,"href":"https:\/\/www.europesays.com\/fr\/wp-json\/wp\/v2\/media\/340477"}],"wp:attachment":[{"href":"https:\/\/www.europesays.com\/fr\/wp-json\/wp\/v2\/media?parent=340476"}],"wp:term":[{"taxonomy":"category","embeddable":true,"href":"https:\/\/www.europesays.com\/fr\/wp-json\/wp\/v2\/categories?post=340476"},{"taxonomy":"post_tag","embeddable":true,"href":"https:\/\/www.europesays.com\/fr\/wp-json\/wp\/v2\/tags?post=340476"}],"curies":[{"name":"wp","href":"https:\/\/api.w.org\/{rel}","templated":true}]}}