{"id":340483,"date":"2025-08-24T11:26:19","date_gmt":"2025-08-24T11:26:19","guid":{"rendered":"https:\/\/www.europesays.com\/fr\/340483\/"},"modified":"2025-08-24T11:26:19","modified_gmt":"2025-08-24T11:26:19","slug":"une-jeune-femme-meurt-noyee-pres-de-grenoble","status":"publish","type":"post","link":"https:\/\/www.europesays.com\/fr\/340483\/","title":{"rendered":"une jeune femme meurt noy\u00e9e pr\u00e8s de Grenoble"},"content":{"rendered":"<p>\t\t\t\t\t\t\t\t\t\t\t<img loading=\"lazy\" decoding=\"async\" width=\"1110\" title=\"La voiture termine sa course dans le Drac : une jeune femme meurt noy\u00e9e pr\u00e8s de Grenoble\" class=\"img-fluid  mb-3\" src=\"https:\/\/grandgrenoble.alpes1.com\/media\/news\/thumb\/1110x624_la-voiture-termine-sa-course-dans-le-drac-une-jeune-femme-meurt-noyee-pres-de-grenoble_68aac15945bcc.webp\" alt=\"La voiture termine sa course dans le Drac : une jeune femme meurt noy\u00e9e pr\u00e8s de Grenoble\" itemprop=\"image\" height=\"624\"\/>\t\t\t\t\t\t\t\t\t\t\t\t<\/p>\n<p>La voiture termine sa course dans le Drac : une jeune femme meurt noy\u00e9e pr\u00e8s de Grenoble &#8211; DR<\/p>\n<p itemprop=\"description\"><strong>L&rsquo;accident mortel s&rsquo;est produit dans la nuit de samedi \u00e0 dimanche dans la zone commerciale de Comboire au Pont-de-Claix.<\/strong><\/p>\n<p>Dans des circonstances qui restent \u00e0 d\u00e9terminer, un automobiliste a perdu le contr\u00f4le de son v\u00e9hicule sur la RD269D et l&rsquo;a pr\u00e9cipit\u00e9 dans les eaux du Drac.<\/p>\n<p>Si le jeune homme, l\u00e9g\u00e8rement bless\u00e9, est parvenu \u00e0 s&rsquo;extirper de l&rsquo;habitacle et \u00e0 nager jusqu&rsquo;\u00e0 la rive, sa passag\u00e8re est elle rest\u00e9e prisonni\u00e8re de la voiture.<\/p>\n<p>Ce sont les plongeurs du SDIS 38 qui l&rsquo;ont r\u00e9cup\u00e9r\u00e9e. Leurs tentatives de la r\u00e9animer sont rest\u00e9es infructueuses. La victime avait 19 ans.<\/p>\n<p>La gendarmerie a ouvert une enqu\u00eate. Les premiers tests imm\u00e9diatement r\u00e9alis\u00e9s sur le conducteur de 20 ans se sont r\u00e9v\u00e9l\u00e9s n\u00e9gatifs quant \u00e0 la consommation d&rsquo;alcool ou de drogues.<\/p>\n","protected":false},"excerpt":{"rendered":"La voiture termine sa course dans le Drac : une jeune femme meurt noy\u00e9e pr\u00e8s de Grenoble &#8211;&hellip;\n","protected":false},"author":2,"featured_media":340484,"comment_status":"","ping_status":"","sticky":false,"template":"","format":"standard","meta":{"footnotes":""},"categories":[9566],"tags":[1111,11,7733,8279,2430,7736,650,7734,2889,2263,1777,674,1011,27,2731,8280,6417,1114,108,4662,12,3725,1825,25,7737],"class_list":{"0":"post-340483","1":"post","2":"type-post","3":"status-publish","4":"format-standard","5":"has-post-thumbnail","7":"category-grenoble","8":"tag-actu","9":"tag-actualites","10":"tag-alpes","11":"tag-alpes1","12":"tag-auvergne-rhone-alpes","13":"tag-cds","14":"tag-cinema","15":"tag-ecoute","16":"tag-emission","17":"tag-equipe","18":"tag-eu","19":"tag-europe","20":"tag-fr","21":"tag-france","22":"tag-grenoble","23":"tag-haute","24":"tag-information","25":"tag-infos","26":"tag-isere","27":"tag-journal","28":"tag-news","29":"tag-podcast","30":"tag-radio","31":"tag-republique-francaise","32":"tag-winamp"},"share_on_mastodon":{"url":"https:\/\/pubeurope.com\/@fr\/115083502393253317","error":""},"_links":{"self":[{"href":"https:\/\/www.europesays.com\/fr\/wp-json\/wp\/v2\/posts\/340483","targetHints":{"allow":["GET"]}}],"collection":[{"href":"https:\/\/www.europesays.com\/fr\/wp-json\/wp\/v2\/posts"}],"about":[{"href":"https:\/\/www.europesays.com\/fr\/wp-json\/wp\/v2\/types\/post"}],"author":[{"embeddable":true,"href":"https:\/\/www.europesays.com\/fr\/wp-json\/wp\/v2\/users\/2"}],"replies":[{"embeddable":true,"href":"https:\/\/www.europesays.com\/fr\/wp-json\/wp\/v2\/comments?post=340483"}],"version-history":[{"count":0,"href":"https:\/\/www.europesays.com\/fr\/wp-json\/wp\/v2\/posts\/340483\/revisions"}],"wp:featuredmedia":[{"embeddable":true,"href":"https:\/\/www.europesays.com\/fr\/wp-json\/wp\/v2\/media\/340484"}],"wp:attachment":[{"href":"https:\/\/www.europesays.com\/fr\/wp-json\/wp\/v2\/media?parent=340483"}],"wp:term":[{"taxonomy":"category","embeddable":true,"href":"https:\/\/www.europesays.com\/fr\/wp-json\/wp\/v2\/categories?post=340483"},{"taxonomy":"post_tag","embeddable":true,"href":"https:\/\/www.europesays.com\/fr\/wp-json\/wp\/v2\/tags?post=340483"}],"curies":[{"name":"wp","href":"https:\/\/api.w.org\/{rel}","templated":true}]}}