{"id":340489,"date":"2025-08-24T11:31:23","date_gmt":"2025-08-24T11:31:23","guid":{"rendered":"https:\/\/www.europesays.com\/fr\/340489\/"},"modified":"2025-08-24T11:31:23","modified_gmt":"2025-08-24T11:31:23","slug":"ca-fait-un-an-et-plus-de-400-heures-de-travail-que-je-me-consacre-a-ce-projet-et-je-suis-encore-loin-davoir-termine-il-fait-renaitre-le-chateau-de-nice-grace-a-la-3d","status":"publish","type":"post","link":"https:\/\/www.europesays.com\/fr\/340489\/","title":{"rendered":"\u00ab\u00a0\u00c7a fait un an et plus de 400 heures de travail que je me consacre \u00e0 ce projet et je suis encore loin d\u2019avoir termin\u00e9\u00a0\u00bb: il fait rena\u00eetre le ch\u00e2teau de Nice gr\u00e2ce \u00e0 la 3D"},"content":{"rendered":"<p>\u00ab\u00a0Le pass\u00e9 n\u2019a jamais \u00e9t\u00e9 aussi pr\u00e9sent.\u00a0\u00bb Tels sont les mots que l\u2019on peut lire sur la carte de visite d\u2019Anthony Drouget. \u00c0 38 ans, ce designer ni\u00e7ois s\u2019est sp\u00e9cialis\u00e9 dans la reconstitution historique en 3D, proposant une nouvelle vie aux architectures oubli\u00e9es.<\/p>\n<p>Mais au-del\u00e0 de cette passion g\u00e9n\u00e9rale, un \u00e9difice en particulier le hante: le ch\u00e2teau de Nice. Rien que l\u2019id\u00e9e d\u2019y d\u00e9ambuler virtuellement, d\u2019en explorer chaque recoin gr\u00e2ce \u00e0 sa reconstitution en 3D, \u00e9merveille d\u00e9j\u00e0 Anthony. Une passion si intense qu\u2019il en a fait le sujet central de sa th\u00e8se.<\/p>\n<p>Pour l\u2019instant, l\u2019\u00e9difice, en cours de mod\u00e9lisation, se trouve enfoui dans la m\u00e9moire de son ordinateur de gamer, m\u00eame si le but est de le rendre accessible au grand public.<\/p>\n<p>\u00ab\u00a0\u00c7a fait un an et plus de 400 heures de travail que je me consacre \u00e0 ce projet et je suis encore loin d\u2019avoir termin\u00e9, je le r\u00e9v\u00e9lerai lorsque je jugerai qu\u2019il est abouti\u00a0\u00bb, confie-t-il en montant les derni\u00e8res marches de la colline du ch\u00e2teau. \u00ab\u00a0Plus j\u2019avance dans la reconstitution, plus je me rends compte, en venant sur place, \u00e0 quel point il \u00e9tait monumental\u00a0\u00bb, s\u2019\u00e9meut-il. L\u2019aspect gigantesque est une des raisons qui ont pouss\u00e9 l\u2019historien \u00e0 se lancer dans ce projet. L\u2019autre, c\u2019est l\u2019ann\u00e9e 1691.<\/p>\n<p><strong>Louis XIV en a fait un champ de ruines<\/strong><\/p>\n<p>              <img ci-src=\"https:\/\/www.varmatin.com\/histoire\/protec\/DATA_ART_16074170-XwlpoZUU.jpg?vh=7cfcd4&amp;ci_seal=a97c1e79a8\" alt=\"\"\/><br \/>\n        Une vue du donjon depuis la tour Sainte-Elme, aujourd\u2019hui Bellanda.&#13;<br \/>\nvisuel Anthony Drouget <strong>Visuel Anthony Drouget.<\/strong> <\/p>\n<p>\u00ab\u00a0\u00c0 cette date, le ch\u00e2teau de Nice dominait fi\u00e8rement. Il \u00e9tait au sommet de sa puissance militaire et redout\u00e9 dans toute l\u2019Europe, constituant le c\u0153ur de la d\u00e9fense c\u00f4ti\u00e8re ni\u00e7oise, prot\u00e9geant \u00e0 la fois le port de Nice et la route royale menant \u00e0 Turin. La forteresse \u00e9tait \u00e0 son apog\u00e9e\u00a0\u00bb, rappelle-t-il, avant de regretter qu\u2019\u00e0 partir de cette ann\u00e9e-l\u00e0 \u00ab\u00a0Louis XIV en a fait un champ de ruines. Sa volont\u00e9 \u00e9tait d\u2019\u00e9tendre les fronti\u00e8res fran\u00e7aises vers l\u2019est, en tentant de prendre Turin. Usant de sa sup\u00e9riorit\u00e9 militaire technologique, il l\u2019a compl\u00e8tement d\u00e9truit, jusqu\u2019aux fondations\u00a0\u00bb, s\u2019indigne Anthony, tout en observant les fragments de remparts diss\u00e9min\u00e9s \u00e7a et l\u00e0.<\/p>\n<p><strong>Un monument plus grand que le ch\u00e2teau de Carcassonne<\/strong><\/p>\n<p>\u00ab\u00a0Aujourd\u2019hui, les gens ont du mal \u00e0 imaginer quel monstre c\u2019\u00e9tait: il \u00e9tait une fois et demie plus grand que le ch\u00e2teau de Carcassonne\u00a0\u00bb, regrette-t-il.<\/p>\n<p>Mais au fil de sa d\u00e9ambulation parmi les promeneurs, ses yeux ne se contentent pas d\u2019apercevoir quelques ruines recouvertes par la v\u00e9g\u00e9tation; il y distingue aussi les baraquements, le donjon, la cath\u00e9drale Sainte-Marie, la tour Saint-Elme (aujourd\u2019hui rebaptis\u00e9e Bellanda)\u2026<\/p>\n<p>Son regard, qui balaie tout autour de lui, trahit une satisfaction m\u00eal\u00e9e d\u2019\u00e9motion en voyant rena\u00eetre ce que le Roi Soleil a effac\u00e9 de la carte.<\/p>\n<p>Pour remettre tout cela \u00e0 sa juste place, le doctorant en histoire a d\u00fb sillonner l\u2019Europe sans rel\u00e2che, \u00e0 la recherche du moindre document oubli\u00e9 capable de l\u2019aider \u00e0 mod\u00e9liser chaque volume.<\/p>\n<p><strong>Des archives traqu\u00e9es jusqu\u2019\u00e0 Turin<\/strong><\/p>\n<p>\u00ab\u00a0Les documents sur lesquels je m\u2019appuie sont \u00e9parpill\u00e9s entre Nice, Paris, Madrid et Turin. Du coup, je voyage et j\u2019apprends les langues \u00e9trang\u00e8res. M\u00eame le ni\u00e7ois\u00a0\u00bb, sourit-il.<\/p>\n<p>Au fil des cartes, plans, vues en perspective et r\u00e9cits historiques r\u00e9colt\u00e9s dans ses voyages, Anthony estime reproduire \u00e0 97% l\u2019emplacement de chaque d\u00e9nivel\u00e9, escalier, hauteur d\u2019\u00e9difice, emplacement de rempart.<\/p>\n<p><strong>Un travail minutieux et d\u2019une extr\u00eame pr\u00e9cision<\/strong><\/p>\n<p>\u00ab\u00a0Je peux passer une journ\u00e9e \u00e0 analyser la configuration d\u2019un simple escalier qui ne prend que deux minutes \u00e0 mod\u00e9liser. Je ne pense pas \u00eatre pr\u00e9cis au m\u00e8tre pr\u00e8s dans ma reconstitution, mais \u00e0 la dizaine de centim\u00e8tres pr\u00e8s. Je ne laisse place \u00e0 aucune hypoth\u00e8se\u00a0\u00bb, affirme-t-il.<\/p>\n<p>Cette d\u00e9termination, il la puise aussi aupr\u00e8s de son entourage. \u00ab\u00a0Quand on me dit: \u201cTu es s\u00fbr que c\u2019\u00e9tait \u00e7a? Ce n\u2019est pas possible!\u00a0\u00bb, c\u2019est tr\u00e8s valorisant et \u00e7a me pousse \u00e0 me surpasser \u00bb, s\u2019encourage-t-il.<\/p>\n<p><strong>Futur plateau de tournage?<\/strong><\/p>\n<p>M\u00eame si le projet est en cours, on imagine d\u00e9j\u00e0 cette future forteresse d\u00e9mat\u00e9rialis\u00e9e: r\u00e9alit\u00e9 virtuelle, r\u00e9alit\u00e9 augment\u00e9e, visites immersives, documentaires, jeux vid\u00e9o, cin\u00e9ma\u2026<\/p>\n<p>\u00ab\u00a0L\u2019id\u00e9e qu\u2019un documentaire historique s\u2019appuie sur mes travaux serait une belle reconnaissance, mais ma motivation premi\u00e8re est de laisser une trace et de b\u00e2tir une base de donn\u00e9es pr\u00e9cise et polyvalente, pour que les chercheurs et les g\u00e9n\u00e9rations actuelles et futures puissent continuer \u00e0 explorer, apprendre et s\u2019approprier ce patrimoine ni\u00e7ois qui a malheureusement disparu.\u00a0\u00bb<\/p>\n<p>info@auctus3d.com<\/p>\n<p>              <img ci-src=\"https:\/\/www.varmatin.com\/histoire\/protec\/DATA_ART_16074435-ciCDdO0X.jpg?vh=87b1e6&amp;ci_seal=2209daf5e7\" alt=\"\"\/><br \/>\n        Anthony Drouget le 8 ao\u00fbt sur la colline du Ch\u00e2teau.  <strong>Photo F. F..<\/strong> <\/p>\n","protected":false},"excerpt":{"rendered":"\u00ab\u00a0Le pass\u00e9 n\u2019a jamais \u00e9t\u00e9 aussi pr\u00e9sent.\u00a0\u00bb Tels sont les mots que l\u2019on peut lire sur la carte&hellip;\n","protected":false},"author":2,"featured_media":340490,"comment_status":"","ping_status":"","sticky":false,"template":"","format":"standard","meta":{"footnotes":""},"categories":[2819],"tags":[1111,11,1777,674,1011,27,937,12,2401,882,25],"class_list":{"0":"post-340489","1":"post","2":"type-post","3":"status-publish","4":"format-standard","5":"has-post-thumbnail","7":"category-nice","8":"tag-actu","9":"tag-actualites","10":"tag-eu","11":"tag-europe","12":"tag-fr","13":"tag-france","14":"tag-histoire","15":"tag-news","16":"tag-nice","17":"tag-provence-alpes-cote-dazur","18":"tag-republique-francaise"},"share_on_mastodon":{"url":"https:\/\/pubeurope.com\/@fr\/115083521898590150","error":""},"_links":{"self":[{"href":"https:\/\/www.europesays.com\/fr\/wp-json\/wp\/v2\/posts\/340489","targetHints":{"allow":["GET"]}}],"collection":[{"href":"https:\/\/www.europesays.com\/fr\/wp-json\/wp\/v2\/posts"}],"about":[{"href":"https:\/\/www.europesays.com\/fr\/wp-json\/wp\/v2\/types\/post"}],"author":[{"embeddable":true,"href":"https:\/\/www.europesays.com\/fr\/wp-json\/wp\/v2\/users\/2"}],"replies":[{"embeddable":true,"href":"https:\/\/www.europesays.com\/fr\/wp-json\/wp\/v2\/comments?post=340489"}],"version-history":[{"count":0,"href":"https:\/\/www.europesays.com\/fr\/wp-json\/wp\/v2\/posts\/340489\/revisions"}],"wp:featuredmedia":[{"embeddable":true,"href":"https:\/\/www.europesays.com\/fr\/wp-json\/wp\/v2\/media\/340490"}],"wp:attachment":[{"href":"https:\/\/www.europesays.com\/fr\/wp-json\/wp\/v2\/media?parent=340489"}],"wp:term":[{"taxonomy":"category","embeddable":true,"href":"https:\/\/www.europesays.com\/fr\/wp-json\/wp\/v2\/categories?post=340489"},{"taxonomy":"post_tag","embeddable":true,"href":"https:\/\/www.europesays.com\/fr\/wp-json\/wp\/v2\/tags?post=340489"}],"curies":[{"name":"wp","href":"https:\/\/api.w.org\/{rel}","templated":true}]}}