{"id":340493,"date":"2025-08-24T11:33:19","date_gmt":"2025-08-24T11:33:19","guid":{"rendered":"https:\/\/www.europesays.com\/fr\/340493\/"},"modified":"2025-08-24T11:33:19","modified_gmt":"2025-08-24T11:33:19","slug":"lavocat-yvon-chotard-raconte-la-revolution-de-68","status":"publish","type":"post","link":"https:\/\/www.europesays.com\/fr\/340493\/","title":{"rendered":"l\u2019avocat Yvon Chotard raconte la r\u00e9volution de 68"},"content":{"rendered":"<p>Dans ce troisi\u00e8me volet d\u2019une s\u00e9rie en neuf \u00e9pisodes, S.\u00a0Tartarin retrace la vie de son ami d\u2019enfance Yvon Chotard, rencontr\u00e9 en 1968 et devenu avocat \u00e0 Nantes pendant quarante-quatre ans.<\/p>\n<p>\u00c0 la fois m\u00e9moire et testament, entre roman et th\u00e9\u00e2tre, ce troisi\u00e8me tome de Proc\u00e8s \u2013 Une justice interlope, un roman judiciaire autobiographique\u00a0pr\u00e9vu en neuf tomes, \u00e9voque \u00ab\u00a068\u00a0\u00bb, une p\u00e9riode charni\u00e8re dans la vie d\u2019Yvon Chotard et dans la soci\u00e9t\u00e9 fran\u00e7aise. \u00ab\u00a0En 1968, j\u2019ai \u00e9t\u00e9 en prison, le seul avocat de Nantes \u00e0 avoir connu les ge\u00f4les. \u00c0 l\u2019\u00e9poque, la loi d\u2019amnistie a \u00e9t\u00e9 g\u00e9n\u00e9reuse\u00a0\u00bb. Le c\u00e9l\u00e8bre avocat, aujourd\u2019hui \u00e0 la retraite, est alors pion aux Sables d\u2019Olonne. Il abandonne ses \u00e9tudes de droit public et entend se consacrer \u00e0 la r\u00e9volution permanente. \u00ab\u00a0Je n\u2019ai pas eu une heure de cours \u00e0 me reprocher, m\u00eame pour lire le journal. Les \u00e9tudiants salari\u00e9s \u00e9taient\u00a0hyper prot\u00e9g\u00e9s\u2026 Comme j\u2019avais \u00e9t\u00e9 vir\u00e9 de mon poste de pion, les syndicats m\u2019avaient trouv\u00e9 un poste \u00e0 l\u2019Assedic. J\u2019avais vingt-deux\u00a0ans. Ma deuxi\u00e8me ann\u00e9e en 1968\u00a0; l\u2019examen avait \u00e9t\u00e9 organis\u00e9 en deux \u00e9preuves avec documents\u2026 M\u00eame si on n\u2019\u00e9tait pas sp\u00e9cialiste, si on savait \u00e9crire en fran\u00e7ais, on pouvait s\u2019en tirer.\u00a0\u00bb<\/p>\n<p>Par la suite, Yvon Chotard est tout de m\u00eame re\u00e7u premier au CAPA. \u00ab\u00a0Cela m\u2019a ouvert pas mal de portes. Mais elles se sont aussit\u00f4t referm\u00e9es quand on a appris mon parcours en 68.\u00a0\u00bb Ce troisi\u00e8me opus est l\u2019occasion d\u2019un regard personnel\u00a0sur la r\u00e9volution de 68 et son contexte \u00e0 Nantes. L\u2019occasion pour Yvon Chotard d\u2019\u00e9voquer ses \u00e9changes avec de nombreux acteurs de cette p\u00e9riode, notamment\u00a0l\u2019intellectuel Guy Debord\u00a0: \u00ab\u00a0Il \u00e9tait intraitable au sujet des complaisances coupables des ma\u00eetres \u00e0 penser parisiens, avec Sartre au premier rang, compagnon de route sans \u00e9tats d\u2019\u00e2me des staliniens russes et chinois. Le plus pertinent chez mon intransigeant ami, c\u2019\u00e9tait cette lucidit\u00e9 critique f\u00e9roce qu\u2019il ne s\u2019infligeait\u00a0malheureusement pas \u00e0 lui-m\u00eame, f\u00fbt-ce \u00e0 dose hom\u00e9opathique.\u00a0\u00bb<\/p>\n<p><strong>Lire aussi :\u00a0<a style=\"color: #0000ff;\" href=\"https:\/\/www.informateurjudiciaire.fr\/actualites\/yvon-chotard-les-gens-sans-histoire-ne-connaissent-pas-les-juges\/\" target=\"_blank\" rel=\"noopener nofollow\">Yvon Chotard\u00a0: \u00ab\u00a0Les gens sans histoire ne connaissent pas les juges<\/a><\/strong><\/p>\n<p><strong>L\u2019avant et l\u2019apr\u00e8s d\u2019une dr\u00f4le de r\u00e9volution. Proc\u00e8s \u2013 Une justice interlope (Tome 3)<\/strong><\/p>\n<p>S.\u00a0Tartarin<\/p>\n<p>\u00c9d.\u00a0Le Traict Libre. 22\u00a0euros.<\/p>\n<p>En vente en librairie ou sur demande \u00e0 traict.libre@orange.fr<\/p>\n","protected":false},"excerpt":{"rendered":"Dans ce troisi\u00e8me volet d\u2019une s\u00e9rie en neuf \u00e9pisodes, S.\u00a0Tartarin retrace la vie de son ami d\u2019enfance Yvon&hellip;\n","protected":false},"author":2,"featured_media":340494,"comment_status":"","ping_status":"","sticky":false,"template":"","format":"standard","meta":{"footnotes":""},"categories":[2818],"tags":[1111,11,1777,674,1011,27,766,12,2636,25],"class_list":{"0":"post-340493","1":"post","2":"type-post","3":"status-publish","4":"format-standard","5":"has-post-thumbnail","7":"category-nantes","8":"tag-actu","9":"tag-actualites","10":"tag-eu","11":"tag-europe","12":"tag-fr","13":"tag-france","14":"tag-nantes","15":"tag-news","16":"tag-pays-de-la-loire","17":"tag-republique-francaise"},"share_on_mastodon":{"url":"https:\/\/pubeurope.com\/@fr\/115083529632582862","error":""},"_links":{"self":[{"href":"https:\/\/www.europesays.com\/fr\/wp-json\/wp\/v2\/posts\/340493","targetHints":{"allow":["GET"]}}],"collection":[{"href":"https:\/\/www.europesays.com\/fr\/wp-json\/wp\/v2\/posts"}],"about":[{"href":"https:\/\/www.europesays.com\/fr\/wp-json\/wp\/v2\/types\/post"}],"author":[{"embeddable":true,"href":"https:\/\/www.europesays.com\/fr\/wp-json\/wp\/v2\/users\/2"}],"replies":[{"embeddable":true,"href":"https:\/\/www.europesays.com\/fr\/wp-json\/wp\/v2\/comments?post=340493"}],"version-history":[{"count":0,"href":"https:\/\/www.europesays.com\/fr\/wp-json\/wp\/v2\/posts\/340493\/revisions"}],"wp:featuredmedia":[{"embeddable":true,"href":"https:\/\/www.europesays.com\/fr\/wp-json\/wp\/v2\/media\/340494"}],"wp:attachment":[{"href":"https:\/\/www.europesays.com\/fr\/wp-json\/wp\/v2\/media?parent=340493"}],"wp:term":[{"taxonomy":"category","embeddable":true,"href":"https:\/\/www.europesays.com\/fr\/wp-json\/wp\/v2\/categories?post=340493"},{"taxonomy":"post_tag","embeddable":true,"href":"https:\/\/www.europesays.com\/fr\/wp-json\/wp\/v2\/tags?post=340493"}],"curies":[{"name":"wp","href":"https:\/\/api.w.org\/{rel}","templated":true}]}}