{"id":340499,"date":"2025-08-24T11:37:11","date_gmt":"2025-08-24T11:37:11","guid":{"rendered":"https:\/\/www.europesays.com\/fr\/340499\/"},"modified":"2025-08-24T11:37:11","modified_gmt":"2025-08-24T11:37:11","slug":"elle-est-impressionnante-3-ans-apres","status":"publish","type":"post","link":"https:\/\/www.europesays.com\/fr\/340499\/","title":{"rendered":"elle est \u00ab\u00a0impressionnante\u00a0\u00bb 3 ans apr\u00e8s"},"content":{"rendered":"<p>            Par<br \/>\n        <strong><br \/>\n            <a href=\"https:\/\/actu.fr\/auteur\/nina-hossein-zadeh\" title=\"Consulter tous les articles de Nina Hossein-Zadeh\" rel=\"nofollow noopener\" target=\"_blank\">Nina Hossein-Zadeh<\/a><br \/>\n        <\/strong><\/p>\n<p>        Publi\u00e9 le<\/p>\n<p>            24 ao\u00fbt 2025 \u00e0 13h18        <\/p>\n<p>La commune de Tournefeuille, pr\u00e8s de <a href=\"https:\/\/actu.fr\/toulouse\/\" rel=\"nofollow noopener\" target=\"_blank\"><strong>Toulouse<\/strong><\/a>, s\u2019est lanc\u00e9e dans une petite exp\u00e9rimentation port\u00e9e par <strong>l\u2019association For\u00eat V<\/strong>. C\u2019est dans une prairie inutilis\u00e9e de 300\u00a0m2 du quartier du Pahin, \u00e0 proximit\u00e9 d\u2019une \u00e9cole, que l\u2019envie de faire pousser une for\u00eat est n\u00e9e. En 2021, les membres de l\u2019association, les habitants, les \u00e9coles et la Ville se mobilisent en ce sens. En trois ans, la v\u00e9g\u00e9tation a bien pouss\u00e9, comme le confie <strong>Olivier Martinez<\/strong>, l\u2019un des porteurs du projet et membre de l\u2019association.<\/p>\n<p>Une plantation selon une m\u00e9thode pr\u00e9cise<\/p>\n<p class=\" wall-content\">\u00c0 l\u2019\u00e9poque, l\u2019association veut avoir une action concr\u00e8te sur la commune\u2009:<strong> offrir un coin de fra\u00eecheur pour les ann\u00e9es \u00e0 venir<\/strong>, apporter du lien et ramener la biodiversit\u00e9. \u00ab\u2009On voulait avoir un impact positif sur l\u2019humain et la ville par le retour \u00e0 la terre\u2009\u00bb, explique le membre de l\u2019association.<\/p>\n<p class=\" wall-content\">Naturellement, l\u2019asso se tourne vers<strong> la m\u00e9thode du japonais Miyawaki<\/strong>. L\u2019objectif\u2009: planter dens\u00e9ment afin d\u2019obtenir un \u00e9cosyst\u00e8me de for\u00eats centenaires en quelques dizaines d\u2019ann\u00e9es.<\/p>\n<p class=\" wall-content\">\u00ab\u2009On a donc plant\u00e9<strong> trois arbres au m\u00e8tre carr\u00e9<\/strong> avec des tailles variables\u2009: grands, moyens et arbustes.\u2009\u00bb En d\u00e9cembre\u00a02021, c\u2019est tout un panel d\u2019essences end\u00e9miques qui prennent racine dans la prairie.<\/p>\n<p>900 arbres plant\u00e9s dont 200 par les \u00e9coliers<\/p>\n<p class=\" wall-content\">Au total, parmi les <strong>900 arbres mis en terre, 20 esp\u00e8ces diff\u00e9rentes<\/strong> sont plant\u00e9es par les habitants du quartier et les membres de l\u2019association, mais pas que\u2026 Les \u00e9l\u00e8ves de l\u2019\u00e9cole \u00e9l\u00e9mentaire Pablo Picasso aussi auront eu l\u2019opportunit\u00e9 de planter leurs arbres.<\/p>\n<p>Vid\u00e9os : en ce moment sur Actu<\/p>\n<p class=\" wall-content\">\u00ab\u2009Pour la plantation, j\u2019ai gard\u00e9 200 arbres pour que les \u00e9l\u00e8ves puissent planter les leurs.\u2009\u00bb Derri\u00e8re cette initiative, il y a une volont\u00e9 de suivi p\u00e9dagogique. \u00ab\u2009Ils font des visites r\u00e9guli\u00e8rement pour suivre l\u2019\u00e9volution\u2009\u00bb, s\u2019enthousiasme Olivier Martinez.<\/p>\n<p>    <img   decoding=\"async\" loading=\"lazy\" src=\"https:\/\/www.europesays.com\/fr\/wp-content\/uploads\/2025\/08\/img-2140-960x640.jpg\" alt=\"Les essences d'arbres de la for\u00eat du Pahin \u00e0 Tournefeuille.\" width=\"960\" height=\"640\"\/><br \/>\n    Les essences d\u2019arbres de la for\u00eat du Pahin \u00e0 Tournefeuille. (\u00a9Nina Hossein-Zadeh)<\/p>\n<p>Votre r\u00e9gion, votre actu !<\/p>\n<p>Recevez chaque jour les infos qui comptent pour vous.<\/p>\n<p>\t<a href=\"https:\/\/actu.fr\/newsletter\" class=\"ac-btn ac-btn--corner ac-btn--medium ac-btn--blue800\" rel=\"nofollow noopener\" target=\"_blank\">S&rsquo;incrire<\/a><br \/>\n\u00ab\u2009Ils ont pris \u00e0 une vitesse impressionnante\u2009\u00bb<\/p>\n<p class=\" wall-content\">Trois ans apr\u00e8s la plantation, la for\u00eat est \u00ab\u2009impressionnante\u2009\u00bb, mart\u00e8le le passionn\u00e9. Autour des arbres fruitiers ont \u00e9t\u00e9 plant\u00e9s au m\u00eame moment sans adopter la m\u00e9thode Miyawaki. Et pour Olivier Martinez, la diff\u00e9rence est notable.<\/p>\n<p class=\" wall-content\">\u00ab\u2009Ils ne grandissent pas de la m\u00eame mani\u00e8re. Dans la micro for\u00eat, les arbres qu\u2019on avait plant\u00e9s,<strong> ils faisaient 30 centim\u00e8tres. Aujourd\u2019hui, les plus grands font jusqu\u2019\u00e0 3,50 m\u00e8tres.<\/strong> Ils ont pris \u00e0 une vitesse impressionnante.\u2009\u00bb<\/p>\n<p class=\" wall-content\">\u00c0 tel point qu\u2019aujourd\u2019hui, il n\u2019est pas possible d\u2019y circuler. Elle a pris la place de l\u2019herbe et des p\u00e2querettes pour y ramener une biodiversit\u00e9 florissante.<\/p>\n<p>La biodiversit\u00e9 prend sa place<\/p>\n<p class=\" wall-content\">C\u2019est pr\u00e9cis\u00e9ment l\u2019objectif d\u2019une for\u00eat\u2009: \u00ab\u2009qu\u2019elle vive\u2009\u00bb, insiste Olivier Martinez. Lui qui se rend r\u00e9guli\u00e8rement sur place a observ\u00e9 <strong>la pousse de champignons, l\u2019arriv\u00e9e de coccinelles, de papillons et de tant d\u2019autres animaux et insectes.<\/strong><\/p>\n<p class=\" wall-content\">\u00ab\u2009Aujourd\u2019hui, il y a une biodiversit\u00e9 riche. Avec le temps, elle ram\u00e8nera de la fra\u00eecheur et surtout de la proximit\u00e9\u2009\u00bb.<\/p>\n<p class=\" wall-content\">En effet, l\u2019association For\u00eat V a port\u00e9 ce projet pour cr\u00e9er du lien entre les habitants, qu\u2019ils viennent observer cette biodiversit\u00e9 ou pour s\u2019installer \u00e0 proximit\u00e9 pour un pic nique.<\/p>\n<p>La mairie soutien le projet<\/p>\n<p class=\" wall-content\">La mairie de Tournefeuille a soutenu le projet de l\u2019association.<strong> Isabelle Meiffren, \u00e9lue en charge de la transition \u00e9cologie<\/strong>, raconte\u2009: \u00ab\u2009C\u2019\u00e9tait un projet participatif avec une dimension sociale et \u00e9cologique\u2009\u00bb.<\/p>\n<p class=\" wall-content\">La Ville a alors aid\u00e9 \u00e0 la pr\u00e9paration du terrain et subventionn\u00e9 le projet \u00e0 hauteur de<strong> 8\u2009000\u00a0euros.<\/strong> Une aubaine pour la commune qui souhaite \u00ab\u2009exp\u00e9rimenter la biodiversit\u00e9 \u00e0 Tournefeuille\u2009\u00bb.<\/p>\n<p class=\" wall-content\">\u00ab\u2009On n\u2019a pas de recul sur les concepts de plantation. Donc on observe les r\u00e9sultats de pr\u00e8s.\u2009\u00bb D\u2019ailleurs, une \u00e9tudiante en biologie a demand\u00e9 \u00e0 int\u00e9grer la micro for\u00eat du Pahin pour l\u2019observer.<\/p>\n<p>    <img   decoding=\"async\" loading=\"lazy\" src=\"https:\/\/www.europesays.com\/fr\/wp-content\/uploads\/2025\/08\/img-2141-960x640.jpg\" alt=\"For\u00eat du Pahin Tournefeuille\" width=\"960\" height=\"640\"\/><br \/>\n    Certains arbres de la micro for\u00eat se sont mis en s\u00e9curit\u00e9\u2009: leurs feuilles sont devenues marron, comme en automne, apr\u00e8s la canicule. (\u00a9Nina Hossein-Zadeh)Une r\u00e9ussite, malgr\u00e9 les canicules<\/p>\n<p class=\" wall-content\">Pour Olivier Martinez, c\u2019est \u00ab\u2009une grande r\u00e9ussite\u2009\u00bb. Il faut dire qu\u2019en trois ans, la for\u00eat a tenu face \u00e0 deux canicules. \u00ab\u2009<strong>On n\u2019a arros\u00e9 qu\u2019\u00e0 trois reprises<\/strong> et on n\u2019a fait que deux d\u00e9sherbages\u2009\u00bb, preuve que la m\u00e9thode fonctionne.<\/p>\n<p class=\" wall-content\">Cet \u00e9t\u00e9, la for\u00eat a connu un nouvel \u00e9pisode caniculaire, et certaines feuilles ont chang\u00e9 de couleur. \u00ab\u2009Les arbres se mettent en s\u00e9curit\u00e9 face au manque d\u2019eau.\u2009\u00bb Les feuilles meurent et tombent, permettant \u00e0 l\u2019arbre de survivre.<\/p>\n<p class=\" wall-content\">Personnalisez votre actualit\u00e9 en ajoutant vos villes et m\u00e9dias en favori avec <a href=\"https:\/\/moncompte.actu.fr\" title=\"D\u00e9couvez Mon Actu\" rel=\"nofollow noopener\" data-trk=\"{&quot;cta&quot;:{&quot;action&quot;:&quot;https:\\\/\\\/moncompte.actu.fr&quot;,&quot;category&quot;:&quot;mon compte&quot;,&quot;from&quot;:&quot;article footer&quot;,&quot;name&quot;:&quot;Mon actu&quot;,&quot;type&quot;:&quot;cta&quot;}}\" target=\"_blank\">Mon Actu<\/a>.<\/p>\n","protected":false},"excerpt":{"rendered":"Par Nina Hossein-Zadeh Publi\u00e9 le 24 ao\u00fbt 2025 \u00e0 13h18 La commune de Tournefeuille, pr\u00e8s de Toulouse, s\u2019est&hellip;\n","protected":false},"author":2,"featured_media":340500,"comment_status":"","ping_status":"","sticky":false,"template":"","format":"standard","meta":{"footnotes":""},"categories":[2816],"tags":[1111,11,1777,674,5183,1011,27,12,2680,25,104,2312],"class_list":{"0":"post-340499","1":"post","2":"type-post","3":"status-publish","4":"format-standard","5":"has-post-thumbnail","7":"category-toulouse","8":"tag-actu","9":"tag-actualites","10":"tag-eu","11":"tag-europe","12":"tag-foret","13":"tag-fr","14":"tag-france","15":"tag-news","16":"tag-occitanie","17":"tag-republique-francaise","18":"tag-societe","19":"tag-toulouse"},"share_on_mastodon":{"url":"https:\/\/pubeurope.com\/@fr\/115083545455986821","error":""},"_links":{"self":[{"href":"https:\/\/www.europesays.com\/fr\/wp-json\/wp\/v2\/posts\/340499","targetHints":{"allow":["GET"]}}],"collection":[{"href":"https:\/\/www.europesays.com\/fr\/wp-json\/wp\/v2\/posts"}],"about":[{"href":"https:\/\/www.europesays.com\/fr\/wp-json\/wp\/v2\/types\/post"}],"author":[{"embeddable":true,"href":"https:\/\/www.europesays.com\/fr\/wp-json\/wp\/v2\/users\/2"}],"replies":[{"embeddable":true,"href":"https:\/\/www.europesays.com\/fr\/wp-json\/wp\/v2\/comments?post=340499"}],"version-history":[{"count":0,"href":"https:\/\/www.europesays.com\/fr\/wp-json\/wp\/v2\/posts\/340499\/revisions"}],"wp:featuredmedia":[{"embeddable":true,"href":"https:\/\/www.europesays.com\/fr\/wp-json\/wp\/v2\/media\/340500"}],"wp:attachment":[{"href":"https:\/\/www.europesays.com\/fr\/wp-json\/wp\/v2\/media?parent=340499"}],"wp:term":[{"taxonomy":"category","embeddable":true,"href":"https:\/\/www.europesays.com\/fr\/wp-json\/wp\/v2\/categories?post=340499"},{"taxonomy":"post_tag","embeddable":true,"href":"https:\/\/www.europesays.com\/fr\/wp-json\/wp\/v2\/tags?post=340499"}],"curies":[{"name":"wp","href":"https:\/\/api.w.org\/{rel}","templated":true}]}}