{"id":340501,"date":"2025-08-24T11:38:11","date_gmt":"2025-08-24T11:38:11","guid":{"rendered":"https:\/\/www.europesays.com\/fr\/340501\/"},"modified":"2025-08-24T11:38:11","modified_gmt":"2025-08-24T11:38:11","slug":"direct-ligue-1-toulouse-fait-son-retour-au-stadium-vivez-la-reception-de-brest-sur-ici-occitanie","status":"publish","type":"post","link":"https:\/\/www.europesays.com\/fr\/340501\/","title":{"rendered":"DIRECT &#8211; Ligue 1 : Toulouse fait son retour au Stadium, vivez la r\u00e9ception de Brest sur ICI Occitanie"},"content":{"rendered":"<p>Ce dimanche 24 ao\u00fbt, le TFC retrouve le Stadium. Pour la deuxi\u00e8me journ\u00e9e de Ligue 1, les Violets re\u00e7oivent les Bretons de Brest.<\/p>\n<p>Retour \u00e0 la maison pour le\u00a0<a class=\"IciLink ici-link IciArticleLink g-ici-body-regular-1 underline brand svelte-lu7k6w\" href=\"https:\/\/www.francebleu.fr\/personnes\/toulouse-fc\" rel=\"nofollow noopener\" target=\"_blank\">TFC<\/a>. Apr\u00e8s avoir d\u00e9but\u00e9 la saison de\u00a0<a class=\"IciLink ici-link IciArticleLink g-ici-body-regular-1 underline brand svelte-lu7k6w\" href=\"https:\/\/www.francebleu.fr\/theme\/ligue-1\" rel=\"nofollow noopener\" target=\"_blank\">Ligue 1<\/a>\u00a0par un <a class=\"IciLink ici-link IciArticleLink g-ici-body-regular-1 underline brand svelte-lu7k6w\" href=\"https:\/\/www.francebleu.fr\/sports\/football\/direct-ligue-1-toulouse-fait-sa-rentree-a-nice-vivez-le-match-sur-ici-occitanie-6020225\" rel=\"nofollow noopener\" target=\"_blank\">succ\u00e8s \u00e0 l&rsquo;ext\u00e9rieur, \u00e0 Nice<\/a>, <strong>les Violets retrouvent leur jardin du Stadium<\/strong> pour la deuxi\u00e8me journ\u00e9e de championnat ce dimanche 24 ao\u00fbt. Pour ce premier match de la saison r\u00e9guli\u00e8re sur l&rsquo;\u00eele du Ramier, Toulouse re\u00e7oit\u00a0<a class=\"IciLink ici-link IciArticleLink g-ici-body-regular-1 underline brand svelte-lu7k6w\" href=\"https:\/\/www.francebleu.fr\/personnes\/stade-brestois\" rel=\"nofollow noopener\" target=\"_blank\">Brest<\/a>, qui reste sur un match nul spectaculaire (3-3) face \u00e0 Lille. L&rsquo;occasion d&rsquo;en finir avec la s\u00e9rie noire face aux Bretons, contre qui ils se sont inclin\u00e9s lors des trois derniers matches face \u00e0 eux.<\/p>\n<p>Ce sera aussi l&rsquo;occasion de confirmer les bonnes dispositions aper\u00e7ues \u00e0 Nice, avec notamment\u00a0<a class=\"IciLink ici-link IciArticleLink g-ici-body-regular-1 underline brand svelte-lu7k6w\" href=\"https:\/\/www.francebleu.fr\/sports\/football\/ligue-1-tfc-j-etais-proche-de-signer-en-janvier-faux-depart-puis-vraie-arrivee-les-debuts-de-sauer-a-toulouse-1742463\" rel=\"nofollow noopener\" target=\"_blank\">le remuant Mario Sauer<\/a>, au milieu du terrain, ou encore les pitchouns Noah Edjouma et\u00a0<a class=\"IciLink ici-link IciArticleLink g-ici-body-regular-1 underline brand svelte-lu7k6w\" href=\"https:\/\/www.francebleu.fr\/sports\/football\/ligue-1-tfc-j-etais-dans-l-euphorie-du-match-dayann-methalie-raconte-sa-premiere-titularisation-avec-le-tfc-2793574\" rel=\"nofollow noopener\" target=\"_blank\">Dayann Methalie<\/a>. \u00ab\u00a0Apr\u00e8s une pr\u00e9paration compliqu\u00e9e, c&rsquo;\u00e9tait important de retrouver \u00e0 nouveau la sensation de la victoire, et d&rsquo;afficher l&rsquo;\u00e9tat d&rsquo;esprit qu'(on a vu \u00e0 Nice pendant 90 minutes\u00a0\u00bb avan\u00e7ait le coach Carles Martinez Novell. Il n&rsquo;y a plus qu&rsquo;\u00e0.<\/p>\n<p>TFC &#8211; Nice, avant match d\u00e8s 17h sur ICI Occitanie <\/p>\n<p>loading<\/p>\n<p>loading<\/p>\n<p>loading<\/p>\n<p>loading<\/p>\n","protected":false},"excerpt":{"rendered":"Ce dimanche 24 ao\u00fbt, le TFC retrouve le Stadium. Pour la deuxi\u00e8me journ\u00e9e de Ligue 1, les Violets&hellip;\n","protected":false},"author":2,"featured_media":340502,"comment_status":"","ping_status":"","sticky":false,"template":"","format":"standard","meta":{"footnotes":""},"categories":[2816],"tags":[1111,11,1777,674,1011,27,12,2680,25,2312],"class_list":{"0":"post-340501","1":"post","2":"type-post","3":"status-publish","4":"format-standard","5":"has-post-thumbnail","7":"category-toulouse","8":"tag-actu","9":"tag-actualites","10":"tag-eu","11":"tag-europe","12":"tag-fr","13":"tag-france","14":"tag-news","15":"tag-occitanie","16":"tag-republique-francaise","17":"tag-toulouse"},"share_on_mastodon":{"url":"https:\/\/pubeurope.com\/@fr\/115083549260347920","error":""},"_links":{"self":[{"href":"https:\/\/www.europesays.com\/fr\/wp-json\/wp\/v2\/posts\/340501","targetHints":{"allow":["GET"]}}],"collection":[{"href":"https:\/\/www.europesays.com\/fr\/wp-json\/wp\/v2\/posts"}],"about":[{"href":"https:\/\/www.europesays.com\/fr\/wp-json\/wp\/v2\/types\/post"}],"author":[{"embeddable":true,"href":"https:\/\/www.europesays.com\/fr\/wp-json\/wp\/v2\/users\/2"}],"replies":[{"embeddable":true,"href":"https:\/\/www.europesays.com\/fr\/wp-json\/wp\/v2\/comments?post=340501"}],"version-history":[{"count":0,"href":"https:\/\/www.europesays.com\/fr\/wp-json\/wp\/v2\/posts\/340501\/revisions"}],"wp:featuredmedia":[{"embeddable":true,"href":"https:\/\/www.europesays.com\/fr\/wp-json\/wp\/v2\/media\/340502"}],"wp:attachment":[{"href":"https:\/\/www.europesays.com\/fr\/wp-json\/wp\/v2\/media?parent=340501"}],"wp:term":[{"taxonomy":"category","embeddable":true,"href":"https:\/\/www.europesays.com\/fr\/wp-json\/wp\/v2\/categories?post=340501"},{"taxonomy":"post_tag","embeddable":true,"href":"https:\/\/www.europesays.com\/fr\/wp-json\/wp\/v2\/tags?post=340501"}],"curies":[{"name":"wp","href":"https:\/\/api.w.org\/{rel}","templated":true}]}}