{"id":340505,"date":"2025-08-24T11:41:17","date_gmt":"2025-08-24T11:41:17","guid":{"rendered":"https:\/\/www.europesays.com\/fr\/340505\/"},"modified":"2025-08-24T11:41:17","modified_gmt":"2025-08-24T11:41:17","slug":"les-calanques-et-quasiment-tous-les-massifs-des-bouches-du-rhone-fermes-ce-samedi-23-aout-bouches-du-rhone","status":"publish","type":"post","link":"https:\/\/www.europesays.com\/fr\/340505\/","title":{"rendered":"Les Calanques et quasiment tous les massifs des Bouches du Rh\u00f4ne ferm\u00e9s ce samedi 23 ao\u00fbt &#8211; Bouches du Rh\u00f4ne"},"content":{"rendered":"<p>Malgr\u00e9 les quelques gouttes de pluie qui ont touch\u00e9 les Bouches du Rh\u00f4ne ces derniers jours,\u00a0 le mistral va encore souffler ce samedi dans les Bouches du Rh\u00f4ne. M\u00e9t\u00e9o France annonce <strong>des rafales qui pourraient atteindre les 60 km\/h. <\/strong><\/p>\n<p>&#13;<\/p>\n<p>Le risque incendie est donc \u00e0 nouveau tr\u00e8s s\u00e9v\u00e8re dans quasiment toutes less Bouches du Rh\u00f4ne et 23 massifs sur 25 seront ferm\u00e9s au public ce samedi. Seuls les massifs de Concors et Trevaresse, situ\u00e9 \u00e0 l&rsquo;extr\u00eame nord est du d\u00e9partement resteront accessibles.<\/p>\n<p>&#13;<\/p>\n<p>Il n&rsquo;y a pas de fermeture de massif dans le Var, les Alpes Maritimes et les Alpes de Haute Provence ce samedi<\/p>\n<p>&#13;<\/p>\n<p>\t\t\t\tDe nombreuses plages interdites d&rsquo;acc\u00e8s ce samedi 23 ao\u00fbt&#13;<\/p>\n<p style=\"margin-left: 30px;\">En raison de la fermeture du Parc National des Calanques, mais aussi de la C\u00f4te Bleue et dans le secteur de La Ciotat, de<strong>\u00a0nombreuses plages accessibles uniquement en traversant les massifs ou via le sentier du littoral seront interdites d&rsquo;acc\u00e8s ce vendredi.<\/strong><\/p>\n<p>&#13;<\/p>\n<p style=\"margin-left: 30px;\">Cela concerne toutes les plages, calanques et sentiers du Parc National des Calanques, mais aussi certaines situ\u00e9s sur la C\u00f4te Bleue, comme la Calanque de l&rsquo;Erevine par exemple, ou encore l&rsquo;Ile Verte et la Calanque de Figuerolles \u00e0 La Ciotat.<\/p>\n<p>&#13;<br \/>\nCarte des risques incendie aujourd&rsquo;hui 24\/08\/2025&#13;<\/p>\n<p>&gt;\u00a0<strong><a href=\"https:\/\/www.frequence-sud.fr\/art-94311-carte_d_acces_aux_massifs_-_risque_incendie_2025_region_paca\" target=\"_blank\" rel=\"nofollow noopener\">Consulter la carte des risques incendies r\u00e9actualis\u00e9e chaque jour<\/a><\/strong><\/p>\n<p>&#13;<br \/>\n&#13;<br \/>\n &#13;<\/p>\n<p>\u00a0<\/p>\n<p>&#13;<\/p>\n<p>L\u00e9gende<br \/>Couleur\u00a0<strong>Vert\u00a0<\/strong>\/\u00a0<strong class=\"jaune_txt\">jaune<\/strong>\u00a0: niveau de risque incendie mod\u00e9r\u00e9 : il convient de faire preuve de prudence<br \/>Couleur\u00a0<strong>orange\u00a0<\/strong>: niveau de risque incendie s\u00e9v\u00e8re : la p\u00e9n\u00e9tration dans les massifs est d\u00e9conseill\u00e9e<br \/>Couleur\u00a0: niveau de risque incendie tr\u00e8s s\u00e9v\u00e8re : l&rsquo;acc\u00e8s aux massifs est interdit.<\/p>\n<p>&#13;<\/p>\n<p>Couleur\u00a0<strong>noire<\/strong>\u00a0: niveau de risque incendie exceptionnel : L&rsquo;acc\u00e8s aux massifs est interdit<\/p>\n<p>&#13;<\/p>\n<p class=\"taille12\">Carte valable pour aujourd&rsquo;hui 24\/08\/2025<\/p>\n<p>&#13;<br \/>\n23 massifs ferm\u00e9s dans les Bouches du Rh\u00f4ne&#13;<\/p>\n<p class=\"focus\">Tous les massis, \u00e0 l&rsquo;exception de Concors et Trevaresse,<\/p>\n<p>&#13;<\/p>\n<p class=\"taille12\">Sources : Pr\u00e9fectures des Bouches-du-Rh\u00f4ne, du Var, Alpes Maritimes , Vaucluse et Alpes de Haute Provence<\/p>\n<p>&#13;<\/p>\n<p>\u00a0<\/p>\n","protected":false},"excerpt":{"rendered":"Malgr\u00e9 les quelques gouttes de pluie qui ont touch\u00e9 les Bouches du Rh\u00f4ne ces derniers jours,\u00a0 le mistral&hellip;\n","protected":false},"author":2,"featured_media":340506,"comment_status":"","ping_status":"","sticky":false,"template":"","format":"standard","meta":{"footnotes":""},"categories":[2814],"tags":[1111,11,1777,674,1011,27,884,12,882,25],"class_list":{"0":"post-340505","1":"post","2":"type-post","3":"status-publish","4":"format-standard","5":"has-post-thumbnail","7":"category-marseille","8":"tag-actu","9":"tag-actualites","10":"tag-eu","11":"tag-europe","12":"tag-fr","13":"tag-france","14":"tag-marseille","15":"tag-news","16":"tag-provence-alpes-cote-dazur","17":"tag-republique-francaise"},"share_on_mastodon":{"url":"https:\/\/pubeurope.com\/@fr\/115083561102233233","error":""},"_links":{"self":[{"href":"https:\/\/www.europesays.com\/fr\/wp-json\/wp\/v2\/posts\/340505","targetHints":{"allow":["GET"]}}],"collection":[{"href":"https:\/\/www.europesays.com\/fr\/wp-json\/wp\/v2\/posts"}],"about":[{"href":"https:\/\/www.europesays.com\/fr\/wp-json\/wp\/v2\/types\/post"}],"author":[{"embeddable":true,"href":"https:\/\/www.europesays.com\/fr\/wp-json\/wp\/v2\/users\/2"}],"replies":[{"embeddable":true,"href":"https:\/\/www.europesays.com\/fr\/wp-json\/wp\/v2\/comments?post=340505"}],"version-history":[{"count":0,"href":"https:\/\/www.europesays.com\/fr\/wp-json\/wp\/v2\/posts\/340505\/revisions"}],"wp:featuredmedia":[{"embeddable":true,"href":"https:\/\/www.europesays.com\/fr\/wp-json\/wp\/v2\/media\/340506"}],"wp:attachment":[{"href":"https:\/\/www.europesays.com\/fr\/wp-json\/wp\/v2\/media?parent=340505"}],"wp:term":[{"taxonomy":"category","embeddable":true,"href":"https:\/\/www.europesays.com\/fr\/wp-json\/wp\/v2\/categories?post=340505"},{"taxonomy":"post_tag","embeddable":true,"href":"https:\/\/www.europesays.com\/fr\/wp-json\/wp\/v2\/tags?post=340505"}],"curies":[{"name":"wp","href":"https:\/\/api.w.org\/{rel}","templated":true}]}}