{"id":340507,"date":"2025-08-24T11:42:21","date_gmt":"2025-08-24T11:42:21","guid":{"rendered":"https:\/\/www.europesays.com\/fr\/340507\/"},"modified":"2025-08-24T11:42:21","modified_gmt":"2025-08-24T11:42:21","slug":"vincenzo-italiano-encense-larrivee-de-jonathan-rowe","status":"publish","type":"post","link":"https:\/\/www.europesays.com\/fr\/340507\/","title":{"rendered":"Vincenzo Italiano encense l\u2019arriv\u00e9e de Jonathan Rowe !"},"content":{"rendered":"<p data-start=\"104\" data-end=\"395\"><strong>Bologne tient sa nouvelle recrue offensive. L\u2019ancien joueur de l\u2019OM, Jonathan Rowe, a officiellement rejoint le club italien et a d\u00e9j\u00e0 fait la connaissance de son nouvel entra\u00eeneur, Vincenzo Italiano, qui n\u2019a pas manqu\u00e9 de souligner l\u2019importance de cette signature pour son \u00e9quipe.<\/strong><\/p>\n<p data-start=\"397\" data-end=\"514\">En conf\u00e9rence de presse, le technicien italien a livr\u00e9 ses premi\u00e8res impressions apr\u00e8s sa rencontre avec l\u2019ailier :<\/p>\n<blockquote data-start=\"516\" data-end=\"922\">\n<p data-start=\"518\" data-end=\"922\">\u00ab Je l\u2019ai rencontr\u00e9 tout \u00e0 l\u2019heure, nous nous sommes salu\u00e9s et avons \u00e9chang\u00e9 quelques mots. Il a de la qualit\u00e9, du talent, de la vitesse et du flair, surtout en un contre un. Il devra apprendre \u00e0 parler l\u2019italien en 30 jours, mais c\u2019est un excellent investissement de la part du club, et nous esp\u00e9rons avoir ajout\u00e9 \u00e0 l\u2019effectif ce qui fait la diff\u00e9rence pour moi : la qualit\u00e9. Et je pense qu\u2019il en a. \u00bb<\/p>\n<\/blockquote>\n<p>Un d\u00e9part pr\u00e9cipit\u00e9 de l\u2019OM<\/p>\n<p>A lire aussi :\u00a0<a href=\"https:\/\/www.footballclubdemarseille.fr\/om-actualites\/%f0%9f%94%a5%f0%9f%94%a5%f0%9f%94%a5-om-paris-fc-5-2-merci-aubameyang-nadir-et-vaz-lom-sevite-une-crise.html\" rel=\"nofollow noopener\" target=\"_blank\">\ud83d\udd25\ud83d\udd25\ud83d\udd25 OM \u2013 Paris FC (5-2) : MERCI AUBAMEYANG, NADIR ET VAZ !!! (L\u2019OM s\u2019evite une CRISE)<\/a><\/p>\n<p data-start=\"959\" data-end=\"1450\">L\u2019arriv\u00e9e de Rowe en Italie intervient dans un contexte particulier. L\u2019ailier anglais a quitt\u00e9 l\u2019Olympique de Marseille de mani\u00e8re <strong data-start=\"1090\" data-end=\"1101\">brutale<\/strong>, apr\u00e8s son altercation violente dans les vestiaires avec Adrien Rabiot, au lendemain de la d\u00e9faite face \u00e0 Rennes lors de la premi\u00e8re journ\u00e9e de Ligue 1.<br data-start=\"1254\" data-end=\"1257\"\/>Cet incident a secou\u00e9 le vestiaire phoc\u00e9en et conduit la direction marseillaise \u00e0 envisager rapidement son d\u00e9part, afin d\u2019apaiser les tensions et de r\u00e9tablir l\u2019autorit\u00e9 au sein du groupe.<\/p>\n<p>Une nouvelle page \u00e0 \u00e9crire<\/p>\n<p data-start=\"1486\" data-end=\"1815\">\u00c0 seulement 21 ans, Rowe rebondit donc \u00e0 Bologne, o\u00f9 il est attendu comme un \u00e9l\u00e9ment capable d\u2019apporter percussion et cr\u00e9ativit\u00e9 dans les phases offensives. Si son passage \u00e0 Marseille s\u2019est termin\u00e9 de mani\u00e8re abrupte, il reste per\u00e7u comme un <strong data-start=\"1728\" data-end=\"1755\">joueur \u00e0 fort potentiel<\/strong>, dont la carri\u00e8re peut encore franchir un cap en Serie A.<\/p>\n<p data-start=\"1817\" data-end=\"2074\">D\u00e9sormais, l\u2019objectif pour Rowe sera de s\u2019int\u00e9grer rapidement au collectif rossobl\u00f9 et de s\u2019adapter au championnat italien, r\u00e9put\u00e9 exigeant tactiquement. Mais \u00e0 en croire les mots de Vincenzo Italiano, l\u2019optimisme est d\u00e9j\u00e0 de mise du c\u00f4t\u00e9 de Bologne.<\/p>\n<p data-start=\"1817\" data-end=\"2074\">A lire aussi :\u00a0<a href=\"https:\/\/www.footballclubdemarseille.fr\/om-actualites\/%f0%9f%9a%a8-mercato-om-rabiot-pret-a-rester.html\" rel=\"nofollow noopener\" target=\"_blank\">\ud83d\udea8 Mercato OM : Rabiot pr\u00eat \u00e0 rester !<\/a><\/p>\n","protected":false},"excerpt":{"rendered":"Bologne tient sa nouvelle recrue offensive. L\u2019ancien joueur de l\u2019OM, Jonathan Rowe, a officiellement rejoint le club italien&hellip;\n","protected":false},"author":2,"featured_media":340508,"comment_status":"","ping_status":"","sticky":false,"template":"","format":"standard","meta":{"footnotes":""},"categories":[2814],"tags":[1111,11,1777,674,1011,27,884,12,882,25],"class_list":{"0":"post-340507","1":"post","2":"type-post","3":"status-publish","4":"format-standard","5":"has-post-thumbnail","7":"category-marseille","8":"tag-actu","9":"tag-actualites","10":"tag-eu","11":"tag-europe","12":"tag-fr","13":"tag-france","14":"tag-marseille","15":"tag-news","16":"tag-provence-alpes-cote-dazur","17":"tag-republique-francaise"},"share_on_mastodon":{"url":"https:\/\/pubeurope.com\/@fr\/115083565170824433","error":""},"_links":{"self":[{"href":"https:\/\/www.europesays.com\/fr\/wp-json\/wp\/v2\/posts\/340507","targetHints":{"allow":["GET"]}}],"collection":[{"href":"https:\/\/www.europesays.com\/fr\/wp-json\/wp\/v2\/posts"}],"about":[{"href":"https:\/\/www.europesays.com\/fr\/wp-json\/wp\/v2\/types\/post"}],"author":[{"embeddable":true,"href":"https:\/\/www.europesays.com\/fr\/wp-json\/wp\/v2\/users\/2"}],"replies":[{"embeddable":true,"href":"https:\/\/www.europesays.com\/fr\/wp-json\/wp\/v2\/comments?post=340507"}],"version-history":[{"count":0,"href":"https:\/\/www.europesays.com\/fr\/wp-json\/wp\/v2\/posts\/340507\/revisions"}],"wp:featuredmedia":[{"embeddable":true,"href":"https:\/\/www.europesays.com\/fr\/wp-json\/wp\/v2\/media\/340508"}],"wp:attachment":[{"href":"https:\/\/www.europesays.com\/fr\/wp-json\/wp\/v2\/media?parent=340507"}],"wp:term":[{"taxonomy":"category","embeddable":true,"href":"https:\/\/www.europesays.com\/fr\/wp-json\/wp\/v2\/categories?post=340507"},{"taxonomy":"post_tag","embeddable":true,"href":"https:\/\/www.europesays.com\/fr\/wp-json\/wp\/v2\/tags?post=340507"}],"curies":[{"name":"wp","href":"https:\/\/api.w.org\/{rel}","templated":true}]}}