{"id":340509,"date":"2025-08-24T11:43:10","date_gmt":"2025-08-24T11:43:10","guid":{"rendered":"https:\/\/www.europesays.com\/fr\/340509\/"},"modified":"2025-08-24T11:43:10","modified_gmt":"2025-08-24T11:43:10","slug":"au-debut-cest-un-peu-impressionnant","status":"publish","type":"post","link":"https:\/\/www.europesays.com\/fr\/340509\/","title":{"rendered":"Au d\u00e9but, c&rsquo;est un peu impressionnant"},"content":{"rendered":"<p>                            <img loading=\"lazy\" width=\"1200\" height=\"675\" class=\"attachment-article size-article wp-post-image lazyload\" alt=\"\" decoding=\"async\" src=\"https:\/\/www.europesays.com\/fr\/wp-content\/uploads\/2025\/08\/Design-sans-titre.jpg\"  data- data-eio-rwidth=\"1200\" data-eio-rheight=\"675\"\/><\/p>\n<p>Emilia est serveuse en job \u00e9tudiant au restaurant-p\u00e9niche Le Modulo. (@NB\/photo fournie)<\/p>\n<p class=\"content\" style=\"font-size:1.2em;font-weight:700\">Alors que de nombreux Lyonnais d\u00e9sertent la ville durant l&rsquo;\u00e9t\u00e9, Lyon Capitale part \u00e0 la rencontre de celles et ceux qui la font tourner. Comme Emilia Podvin, embauch\u00e9e en job \u00e9tudiant sur une p\u00e9niche lyonnaise, \u00e0 l&rsquo;issue de sa premi\u00e8re ann\u00e9e d&rsquo;\u00e9tudes sup\u00e9rieures en m\u00e9decine. <\/p>\n<p>Une fois sa premi\u00e8re ann\u00e9e d&rsquo;\u00e9tudes sup\u00e9rieures boucl\u00e9e, en avril dernier, Emilia Podvin (19 ans) n&rsquo;a pas ch\u00f4m\u00e9. \u00ab\u00a0Deux jours apr\u00e8s avoir fini, je suis all\u00e9e chercher un travail et d\u00e9poser mes CV\u00a0\u00bb, raconte-t-elle. C&rsquo;est ainsi que la jeune \u00e9tudiante s&rsquo;est retrouv\u00e9e sur le Modulo, un restaurant-p\u00e9niche sur les berges du Rh\u00f4ne, dans le 6e arrondissement de Lyon.<\/p>\n<p>Embauch\u00e9e en job \u00e9tudiant, la Lyonnaise a v\u00e9cu sa premi\u00e8re exp\u00e9rience dans la restauration tout au long des mois de mai et de juin. Puis durant le mois de juillet, en pleine p\u00e9riode estivale, en parall\u00e8le de son stage infirmier, Emilia Podvin a poursuivi son job \u00e9tudiant au Modulo en assurant deux \u00e0 trois soir\u00e9es par semaine. Comme elle, plus de 5 % des \u00e9tudiants en France exercent une activit\u00e9 r\u00e9mun\u00e9r\u00e9e au cours de l&rsquo;\u00e9t\u00e9, d&rsquo;apr\u00e8s des \u00e9tudes de l&rsquo;Insee.<\/p>\n<p>\u00ab\u00a0J&rsquo;avais d\u00e9j\u00e0 travaill\u00e9 l&rsquo;\u00e9t\u00e9 d&rsquo;avant, \u00e0 Nice, comme ouvri\u00e8re. M\u00eame si ce n&rsquo;\u00e9tait pas le m\u00e9tier le plus simple, j&rsquo;ai ador\u00e9 l&rsquo;exp\u00e9rience. Forc\u00e9ment, \u00e7a motive \u00e0 travailler. (&#8230;) Et apr\u00e8s une ann\u00e9e aussi th\u00e9orique, je voulais vraiment \u00eatre dans la pratique, dans le vrai\u00a0\u00bb, poursuit l&rsquo;\u00e9tudiante en m\u00e9decine, qui a \u00e9galement connu des exp\u00e9riences en babysitting et au secr\u00e9tariat d&rsquo;un cabinet d&rsquo;avocats.<\/p>\n<p class=\"has-cyan-bluish-gray-background-color has-background\"><strong>S\u00e9rie. Ils travaillent pendant vos vacances : <br \/><\/strong>(1\/4) <a href=\"https:\/\/www.lyoncapitale.fr\/actualite\/ils-travaillent-pendant-vos-vacances-en-ete-les-gens-sont-plus-agreables-en-immersion-avec-riad-chauffeur-tcl-a-lyon\" target=\"_blank\" rel=\"noreferrer noopener nofollow\">\u00ab\u00a0En \u00e9t\u00e9, les gens sont plus agr\u00e9ables\u00a0\u00bb : en immersion avec Riad, chauffeur TCL \u00e0 Lyon<\/a><br \/>(2\/4) <a href=\"https:\/\/www.lyoncapitale.fr\/actualite\/ils-travaillent-pendant-vos-vacances-maxence-pompier-a-la-caserne-de-saint-priest-la-baisse-d-activite-on-ne-la-ressent-pas-vraiment\" target=\"_blank\" rel=\"noreferrer noopener nofollow\">Ils travaillent pendant vos vacances &#8211; Maxence, pompier \u00e0 la caserne de Saint-Priest : \u00ab\u00a0La baisse d&rsquo;activit\u00e9, on ne la ressent pas vraiment\u00a0\u00bb<\/a><br \/>(3\/4) <a href=\"https:\/\/www.lyoncapitale.fr\/actualite\/ils-travaillent-pendant-vos-vacances-je-suis-fiere-de-representer-lyon-rencontre-avec-anais-conseillere-a-loffice-du-tourisme\u2197\" rel=\"nofollow noopener\" target=\"_blank\">\u00ab\u00a0Je suis fi\u00e8re de repr\u00e9senter Lyon\u00a0\u00bb : rencontre avec Ana\u00efs, conseill\u00e8re \u00e0 l&rsquo;Office du Tourisme<\/a><\/p>\n<p>\u00ab\u00a0Honn\u00eatement, on s&rsquo;habitue tr\u00e8s vite\u00a0\u00bb<\/p>\n<p class=\"has-text-align-center\"><strong>Emilia Podvin, serveuse en job \u00e9tudiant \u00e0 Lyon<\/strong><\/p>\n<p>Install\u00e9e au post de runneuse (commise de salle) dans un premier temps, Emilia Podvin \u00e9tait notamment charg\u00e9e d&rsquo;assurer le service du restaurant : prendre les commandes, apporter les plats, le pain et les sauces, ramasser et laver la vaisselle. \u00ab\u00a0Au d\u00e9but, les plats paraissaient tr\u00e8s lourds et j&rsquo;avais du mal \u00e0 en porter plusieurs d&rsquo;un coup. Mais honn\u00eatement, on s&rsquo;habitue tr\u00e8s vite\u00a0\u00bb, se rem\u00e9more la jeune femme de 19 ans.<\/p>\n<p>Dans un second temps, les apr\u00e8s-midi du mois de juin, le restaurant l&rsquo;a \u00e9galement form\u00e9e en tant que serveuse en terrasse. Un apprentissage dont se souviendra la Lyonnaise. \u00ab\u00a0Des boulettes ? Oh, oui ! Je suis tr\u00e8s motiv\u00e9e, mais j\u2019ai un peu deux mains gauches\u00a0\u00bb, sourit-elle. Et de raconter : \u00ab\u00a0Au d\u00e9but, c&rsquo;est un peu impressionnant. \u00c7a m&rsquo;est arriv\u00e9 de faire tomber des plateaux. Et, un jour, quand j&rsquo;avais le pad dans la poche (pour prendre les commandes, NDLR), il s&rsquo;est allum\u00e9 et \u00e7a a tap\u00e9 plein de commandes \u00e0 tout le monde !\u00a0\u00bb<\/p>\n<p>Apr\u00e8s avoir pass\u00e9 plus de 39 heures par semaine \u00e0 servir la client\u00e8le du Modulo, Emilia Paudvin a donc poursuivi en juillet, en plein milieu de la p\u00e9riode estivale, avec des extras pour renforcer les \u00e9quipes de la p\u00e9niche.<\/p>\n<p>Un aspect aussi financier<\/p>\n<p>Si cette exp\u00e9rience s&rsquo;impose sur le temps libre de cette \u00e9tudiante, elle n&rsquo;en est pas moins enrichissante d&rsquo;un point de vue personnel et professionnel. L&rsquo;enjeu est \u00e9galement financier. \u00ab\u00a0\u00c7a reste loin d&rsquo;\u00eatre n\u00e9gligeable. Honn\u00eatement, j&rsquo;ai quand m\u00eame bien gagn\u00e9, notamment avec les heures suppl\u00e9mentaires\u00a0\u00bb, partage-t-elle.<\/p>\n<p>Avec cette premi\u00e8re exp\u00e9rience en restauration, la Lyonnaise ambitionne par la suite de d\u00e9couvrir d&rsquo;autres r\u00e9gions en tant que saisonni\u00e8re. Toujours dans ce domaine. Et d\u00e8s la rentr\u00e9e de septembre, Emilia Podvin pourrait reprendre son service au Modulo, en parall\u00e8le de ses \u00e9tudes de m\u00e9decine. Alors que bon nombre de Lyonnais profitent de leurs vacances, cette p\u00e9riode appara\u00eet pour les \u00e9tudiants comme un parfait tremplin vers le monde professionnel.<\/p>\n<p><strong>Lire aussi : <\/strong><a href=\"https:\/\/www.lyoncapitale.fr\/a-table\/lyon-cuisines-du-monde-le-retour-de-lauthentique\" target=\"_blank\" rel=\"noreferrer noopener nofollow\">Lyon. Cuisines du monde : le retour de l\u2019authentique<\/a><\/p>\n","protected":false},"excerpt":{"rendered":"Emilia est serveuse en job \u00e9tudiant au restaurant-p\u00e9niche Le Modulo. (@NB\/photo fournie) Alors que de nombreux Lyonnais d\u00e9sertent&hellip;\n","protected":false},"author":2,"featured_media":309147,"comment_status":"","ping_status":"","sticky":false,"template":"","format":"standard","meta":{"footnotes":""},"categories":[1889],"tags":[1111,11,2430,1777,674,1011,27,2428,12,25],"class_list":{"0":"post-340509","1":"post","2":"type-post","3":"status-publish","4":"format-standard","5":"has-post-thumbnail","7":"category-lyon","8":"tag-actu","9":"tag-actualites","10":"tag-auvergne-rhone-alpes","11":"tag-eu","12":"tag-europe","13":"tag-fr","14":"tag-france","15":"tag-lyon","16":"tag-news","17":"tag-republique-francaise"},"share_on_mastodon":{"url":"https:\/\/pubeurope.com\/@fr\/115083568968486399","error":""},"_links":{"self":[{"href":"https:\/\/www.europesays.com\/fr\/wp-json\/wp\/v2\/posts\/340509","targetHints":{"allow":["GET"]}}],"collection":[{"href":"https:\/\/www.europesays.com\/fr\/wp-json\/wp\/v2\/posts"}],"about":[{"href":"https:\/\/www.europesays.com\/fr\/wp-json\/wp\/v2\/types\/post"}],"author":[{"embeddable":true,"href":"https:\/\/www.europesays.com\/fr\/wp-json\/wp\/v2\/users\/2"}],"replies":[{"embeddable":true,"href":"https:\/\/www.europesays.com\/fr\/wp-json\/wp\/v2\/comments?post=340509"}],"version-history":[{"count":0,"href":"https:\/\/www.europesays.com\/fr\/wp-json\/wp\/v2\/posts\/340509\/revisions"}],"wp:featuredmedia":[{"embeddable":true,"href":"https:\/\/www.europesays.com\/fr\/wp-json\/wp\/v2\/media\/309147"}],"wp:attachment":[{"href":"https:\/\/www.europesays.com\/fr\/wp-json\/wp\/v2\/media?parent=340509"}],"wp:term":[{"taxonomy":"category","embeddable":true,"href":"https:\/\/www.europesays.com\/fr\/wp-json\/wp\/v2\/categories?post=340509"},{"taxonomy":"post_tag","embeddable":true,"href":"https:\/\/www.europesays.com\/fr\/wp-json\/wp\/v2\/tags?post=340509"}],"curies":[{"name":"wp","href":"https:\/\/api.w.org\/{rel}","templated":true}]}}