{"id":340510,"date":"2025-08-24T11:44:12","date_gmt":"2025-08-24T11:44:12","guid":{"rendered":"https:\/\/www.europesays.com\/fr\/340510\/"},"modified":"2025-08-24T11:44:12","modified_gmt":"2025-08-24T11:44:12","slug":"les-retards-saccumulent-a-la-gare-part-dieu","status":"publish","type":"post","link":"https:\/\/www.europesays.com\/fr\/340510\/","title":{"rendered":"les retards s&rsquo;accumulent \u00e0 la gare Part-Dieu"},"content":{"rendered":"<p>Les retards comment \u00e0 s&rsquo;accumuler \u00e0 la gare Lyon Part-Dieu ce dimanche 24 ao\u00fbt. En effet, un incendie est en cours au sud de Lyon, \u00e0 Crest dans la Dr\u00f4me.\u00a0Pour le moment, un important dispositif de secours a \u00e9t\u00e9 engag\u00e9, mais le temps de l\u2019intervention, la ligne ferroviaire est coup\u00e9e et le trafic interrompu, peut-on lire sur le site de la SNCF.<\/p>\n<p>Les flammes se trouvant \u00e0\u00a0proximit\u00e9 de la ligne TGV entre Paris et Marseille, les d\u00e9parts et les arriv\u00e9es \u00e0 Lyon sont donc impact\u00e9s.<\/p>\n<p>De 50 minutes \u00e0 2h de retard<\/p>\n<p>\u00c0 12h45, on constate 50 minutes de retard pour des TGV qui doivent se rendre \u00e0 Paris et \u00e0 Strasbourg.<\/p>\n<p>Du c\u00f4t\u00e9 des arriv\u00e9es, le parcours des trains a \u00e9t\u00e9 modifi\u00e9, il y a \u00e9galement 50 minutes de retard pour deux TGV en provenance de Montpellier et Perpignan, comptez 2h pour un autre de Marseille.<\/p>\n<p>Reste \u00e0 savoir, si les secours parviendront \u00e0 ma\u00eetriser le feu rapidement pour permettre une reprise du trafic \u00e0 la normale en ce dimanche de retour de vacances.<\/p>\n","protected":false},"excerpt":{"rendered":"Les retards comment \u00e0 s&rsquo;accumuler \u00e0 la gare Lyon Part-Dieu ce dimanche 24 ao\u00fbt. En effet, un incendie&hellip;\n","protected":false},"author":2,"featured_media":340511,"comment_status":"","ping_status":"","sticky":false,"template":"","format":"standard","meta":{"footnotes":""},"categories":[1889],"tags":[1111,11,2430,2757,1777,674,107,1011,27,2428,12,25,2429,2803],"class_list":{"0":"post-340510","1":"post","2":"type-post","3":"status-publish","4":"format-standard","5":"has-post-thumbnail","7":"category-lyon","8":"tag-actu","9":"tag-actualites","10":"tag-auvergne-rhone-alpes","11":"tag-edition-lyon-villeurbanne","12":"tag-eu","13":"tag-europe","14":"tag-fil-info","15":"tag-fr","16":"tag-france","17":"tag-lyon","18":"tag-news","19":"tag-republique-francaise","20":"tag-rhone","21":"tag-transport"},"share_on_mastodon":{"url":"https:\/\/pubeurope.com\/@fr\/115083572894214989","error":""},"_links":{"self":[{"href":"https:\/\/www.europesays.com\/fr\/wp-json\/wp\/v2\/posts\/340510","targetHints":{"allow":["GET"]}}],"collection":[{"href":"https:\/\/www.europesays.com\/fr\/wp-json\/wp\/v2\/posts"}],"about":[{"href":"https:\/\/www.europesays.com\/fr\/wp-json\/wp\/v2\/types\/post"}],"author":[{"embeddable":true,"href":"https:\/\/www.europesays.com\/fr\/wp-json\/wp\/v2\/users\/2"}],"replies":[{"embeddable":true,"href":"https:\/\/www.europesays.com\/fr\/wp-json\/wp\/v2\/comments?post=340510"}],"version-history":[{"count":0,"href":"https:\/\/www.europesays.com\/fr\/wp-json\/wp\/v2\/posts\/340510\/revisions"}],"wp:featuredmedia":[{"embeddable":true,"href":"https:\/\/www.europesays.com\/fr\/wp-json\/wp\/v2\/media\/340511"}],"wp:attachment":[{"href":"https:\/\/www.europesays.com\/fr\/wp-json\/wp\/v2\/media?parent=340510"}],"wp:term":[{"taxonomy":"category","embeddable":true,"href":"https:\/\/www.europesays.com\/fr\/wp-json\/wp\/v2\/categories?post=340510"},{"taxonomy":"post_tag","embeddable":true,"href":"https:\/\/www.europesays.com\/fr\/wp-json\/wp\/v2\/tags?post=340510"}],"curies":[{"name":"wp","href":"https:\/\/api.w.org\/{rel}","templated":true}]}}