{"id":340512,"date":"2025-08-24T11:46:10","date_gmt":"2025-08-24T11:46:10","guid":{"rendered":"https:\/\/www.europesays.com\/fr\/340512\/"},"modified":"2025-08-24T11:46:10","modified_gmt":"2025-08-24T11:46:10","slug":"apres-avoir-sillonne-la-france-la-lucarne-devry-revient-a-la-maison-pour-une-finale-xxl-dans-quelques-jours","status":"publish","type":"post","link":"https:\/\/www.europesays.com\/fr\/340512\/","title":{"rendered":"Apr\u00e8s avoir sillonn\u00e9 la France, la Lucarne d&rsquo;\u00c9vry revient \u00e0 la maison pour une finale XXL dans quelques jours"},"content":{"rendered":"<p>            Par<br \/>\n        <strong><br \/>\n            <a href=\"https:\/\/actu.fr\/auteur\/glenn-gillet\" title=\"Consulter tous les articles de Glenn Gillet\" rel=\"nofollow noopener\" target=\"_blank\">Glenn Gillet<\/a><br \/>\n        <\/strong><\/p>\n<p>        Publi\u00e9 le<\/p>\n<p>            24 ao\u00fbt 2025 \u00e0 11h58        <\/p>\n<p>C\u2019est devenu un des symboles de la ville\u2009: La <a href=\"https:\/\/actu.fr\/ile-de-france\/evry-courcouronnes_91228\/video-le-clip-de-la-finale-de-la-lucarne-d-evry_52223916.html\" rel=\"nofollow noopener\" target=\"_blank\">Lucarne d\u2019\u00c9vry<\/a>, challenge de rue visant \u00e0 tirer dans un <strong>ballon de foot<\/strong> pour le faire passer dans une <strong>petite fen\u00eatre carr\u00e9e<\/strong> donnant sur un local poubelle du 24 rue Jules-Vall\u00e8s dans le quartier des Pyramides \u00e0 \u00c9vry-Courcouronnes (Essonne) est devenue un ph\u00e9nom\u00e8ne d\u2019envergure nationale gr\u00e2ce aux <a href=\"https:\/\/actu.fr\/tag\/reseaux-sociaux\" rel=\"nofollow noopener\" target=\"_blank\">r\u00e9seaux sociaux<\/a> en 2021. Les organisateurs du challenge en ont tir\u00e9 une <strong>entreprise<\/strong> bas\u00e9e sur le principe d\u2019une <a href=\"https:\/\/actu.fr\/ile-de-france\/les-clayes-sous-bois_78165\/la-venue-de-la-lucarne-au-clayes-sous-bois-a-rassemble-les-jeunes_60029579.html\" rel=\"nofollow noopener\" target=\"_blank\">lucarne itin\u00e9rante<\/a> qui a travers\u00e9 la France pour aller aux contacts d\u2019habitants de quartiers populaires et leur proposer de tenter leur chance, tout en faisant participer des stars, notamment des footballeurs et des rappeurs. Mais en cette fin ao\u00fbt\u00a02025, le duo derri\u00e8re de \u00ab\u2009La Lucarne Off\u2009\u00bb, Malason et Souli, organise un grand show dans sa ville berceau, \u00e0 \u00c9vry-Courcouronnes.<\/p>\n<p>40 finalistes pour un seul titre<\/p>\n<p class=\" wall-content\">Samedi 30\u00a0ao\u00fbt, c\u2019est bien la <strong>finale<\/strong> de la Lucarne d\u2019\u00c9vry qui sera organis\u00e9e dans la ville. Les organisateurs ont annonc\u00e9 que cette date marquera la fin de la quatri\u00e8me saison du \u00ab\u2009Lucarne Tour\u2009\u00bb \u00e0 travers la France, durant laquelle l\u2019installation itin\u00e9rante est pass\u00e9e par 34 villes, principalement en \u00cele-de-France. Durant cette journ\u00e9e, 40\u00a0participants s\u2019opposeront et un seul sera sacr\u00e9 champion de la saison.<\/p>\n<p class=\" wall-content\"><a href=\"https:\/\/www.instagram.com\/p\/DNlq1LxN12y\/embed\" title=\"Ouvrir le lien sur Instagram\" rel=\"nofollow noopener\" target=\"_blank\">Visualiser le contenu sur Instagram<\/a><\/p>\n<p class=\" wall-content\">Durant cette journ\u00e9e plac\u00e9e sous le signe de la comp\u00e9tition mais aussi de la convivialit\u00e9, on retrouvera d\u00e8s 11h de nombreux invit\u00e9s d\u2019honneur dont les noms n\u2019ont pas \u00e9t\u00e9 d\u00e9voil\u00e9s, des shows et des freestyles, ainsi qu\u2019une <strong>comp\u00e9tition entre maires<\/strong>. Une tombola gratuite est \u00e9galement organis\u00e9e avec de nombreux lots \u00e0 gagner. Pour assister \u00e0 l\u2019\u00e9v\u00e9nement voire participer, rendez-vous au niveau du mail Maurice Genevoix \u00e0 \u00c9vry-Courcouronnes, vers la place Jules-Vall\u00e8s.<\/p>\n<p class=\" wall-content\">En quelques ann\u00e9es, le tournant entrepreneurial de La Lucarne a permis de proposer l\u2019installation de la structure dans nombreuses villes de France la France gr\u00e2ce aux maires et aux particuliers pr\u00eats \u00e0 d\u00e9bourser les <strong>4500 euros<\/strong> demand\u00e9s pour la prestation journali\u00e8re. Un gage, \u00e0 chaque fois, d\u2019une ambiance chaleureuse voire survolt\u00e9e.<\/p>\n<p class=\" wall-content\">Personnalisez votre actualit\u00e9 en ajoutant vos villes et m\u00e9dias en favori avec <a href=\"https:\/\/moncompte.actu.fr\" title=\"D\u00e9couvez Mon Actu\" rel=\"nofollow noopener\" data-trk=\"{&quot;cta&quot;:{&quot;action&quot;:&quot;https:\\\/\\\/moncompte.actu.fr&quot;,&quot;category&quot;:&quot;mon compte&quot;,&quot;from&quot;:&quot;article footer&quot;,&quot;name&quot;:&quot;Mon actu&quot;,&quot;type&quot;:&quot;cta&quot;}}\" target=\"_blank\">Mon Actu<\/a>.<\/p>\n<p>                    <script async src=\"\/\/www.instagram.com\/embed.js\"><\/script><\/p>\n","protected":false},"excerpt":{"rendered":"Par Glenn Gillet Publi\u00e9 le 24 ao\u00fbt 2025 \u00e0 11h58 C\u2019est devenu un des symboles de la ville\u2009:&hellip;\n","protected":false},"author":2,"featured_media":340513,"comment_status":"","ping_status":"","sticky":false,"template":"","format":"standard","meta":{"footnotes":""},"categories":[1592],"tags":[1111,11,1063,1777,674,1011,27,662,1652,12,626,25,938,517],"class_list":{"0":"post-340512","1":"post","2":"type-post","3":"status-publish","4":"format-standard","5":"has-post-thumbnail","7":"category-ile-de-france","8":"tag-actu","9":"tag-actualites","10":"tag-animations","11":"tag-eu","12":"tag-europe","13":"tag-fr","14":"tag-france","15":"tag-ile-de-france","16":"tag-loisirs-culture","17":"tag-news","18":"tag-paris","19":"tag-republique-francaise","20":"tag-reseaux-sociaux","21":"tag-sport"},"share_on_mastodon":{"url":"https:\/\/pubeurope.com\/@fr\/115083580860614550","error":""},"_links":{"self":[{"href":"https:\/\/www.europesays.com\/fr\/wp-json\/wp\/v2\/posts\/340512","targetHints":{"allow":["GET"]}}],"collection":[{"href":"https:\/\/www.europesays.com\/fr\/wp-json\/wp\/v2\/posts"}],"about":[{"href":"https:\/\/www.europesays.com\/fr\/wp-json\/wp\/v2\/types\/post"}],"author":[{"embeddable":true,"href":"https:\/\/www.europesays.com\/fr\/wp-json\/wp\/v2\/users\/2"}],"replies":[{"embeddable":true,"href":"https:\/\/www.europesays.com\/fr\/wp-json\/wp\/v2\/comments?post=340512"}],"version-history":[{"count":0,"href":"https:\/\/www.europesays.com\/fr\/wp-json\/wp\/v2\/posts\/340512\/revisions"}],"wp:featuredmedia":[{"embeddable":true,"href":"https:\/\/www.europesays.com\/fr\/wp-json\/wp\/v2\/media\/340513"}],"wp:attachment":[{"href":"https:\/\/www.europesays.com\/fr\/wp-json\/wp\/v2\/media?parent=340512"}],"wp:term":[{"taxonomy":"category","embeddable":true,"href":"https:\/\/www.europesays.com\/fr\/wp-json\/wp\/v2\/categories?post=340512"},{"taxonomy":"post_tag","embeddable":true,"href":"https:\/\/www.europesays.com\/fr\/wp-json\/wp\/v2\/tags?post=340512"}],"curies":[{"name":"wp","href":"https:\/\/api.w.org\/{rel}","templated":true}]}}