{"id":340514,"date":"2025-08-24T11:47:10","date_gmt":"2025-08-24T11:47:10","guid":{"rendered":"https:\/\/www.europesays.com\/fr\/340514\/"},"modified":"2025-08-24T11:47:10","modified_gmt":"2025-08-24T11:47:10","slug":"cryptomonnaie-les-adresses-personnelles-des-dirigeants-desormais-occultees-du-registre-du-commerce-et-des-societes","status":"publish","type":"post","link":"https:\/\/www.europesays.com\/fr\/340514\/","title":{"rendered":"Cryptomonnaie\u00a0: les adresses personnelles des dirigeants d\u00e9sormais occult\u00e9es du registre du commerce et des soci\u00e9t\u00e9s"},"content":{"rendered":"<p class=\"paragraph text_align_left lp-f-body-02\">\u00ab\u00a0C\u2019est d\u00e9sormais chose faite\u00a0\u00bb, a salu\u00e9 sur X le ministre de la Justice. Le d\u00e9cret permettant <a href=\"https:\/\/www.leparisien.fr\/politique\/enlevements-dans-le-milieu-de-la-cryptomonnaie-les-adresses-personnelles-des-dirigeants-supprimees-du-registre-du-commerce-et-des-societes-11-06-2025-NV2BWDDBLJHV7KOFFBG5S237RM.php\" target=\"_blank\" rel=\"noreferrer nofollow noopener\">d\u2019occulter la pr\u00e9sence des adresses personnelles<\/a> des dirigeants au registre du commerce et des soci\u00e9t\u00e9s a \u00e9t\u00e9 publi\u00e9 ce dimanche matin, a annonc\u00e9 G\u00e9rald Darmanin.<\/p>\n<p class=\"paragraph text_align_left lp-f-body-02\">Cette mesure avait \u00e9t\u00e9 annonc\u00e9e d\u00e9but juin par le gouvernement apr\u00e8s la multiplication <a href=\"https:\/\/www.leparisien.fr\/faits-divers\/paris-des-proches-dun-patron-dune-societe-de-cryptomonnaie-echappent-a-un-enlevement-en-pleine-rue-13-05-2025-XAVCRDAHFBAY5KZDI6SC3KFBGY.php\" target=\"_blank\" rel=\"noreferrer nofollow noopener\">d\u2019enl\u00e8vements et de tentatives d\u2019enl\u00e8vements<\/a> li\u00e9s au milieu des cryptomonnaies.<\/p>\n<p class=\"paragraph text_align_left lp-f-body-02\">Elle doit permettre de \u00ab\u00a0mieux prot\u00e9ger leur vie priv\u00e9e et <a href=\"https:\/\/www.leparisien.fr\/faits-divers\/enlevements-dans-le-milieu-de-la-cryptomonnaie-vaste-coup-de-filet-de-la-police-judiciaire-26-05-2025-LQ5QCVXZ2JAQLHFGELNZFIE4XI.php\" target=\"_blank\" rel=\"noreferrer nofollow noopener\">garantir ainsi leur s\u00e9curit\u00e9<\/a>\u00a0\u00bb, a soulign\u00e9 le garde des Sceaux, qui rappelle qu\u2019il s\u2019agit d\u2019une proposition de loi de la d\u00e9put\u00e9e Olivia Gr\u00e9goire (Ensemble) et que le d\u00e9cret a \u00e9t\u00e9 pris avec \u00c9ric Lombard (ministre de l\u2019\u00c9conomie) et V\u00e9ronique Louwagie (ministre d\u00e9l\u00e9gu\u00e9e au Commerce).<\/p>\n<blockquote class=\"twitter-tweet\">\n<p lang=\"fr\" dir=\"ltr\">C\u2019est d\u00e9sormais chose faite : a \u00e9t\u00e9 publi\u00e9 ce matin, suite \u00e0 mon engagement et sur proposition de mon amie <a href=\"https:\/\/twitter.com\/oliviagregoire?ref_src=twsrc%5Etfw\" rel=\"nofollow noopener\" target=\"_blank\">@oliviagregoire<\/a>, un d\u00e9cret pris avec <a href=\"https:\/\/twitter.com\/Eric_R_Lombard?ref_src=twsrc%5Etfw\" rel=\"nofollow noopener\" target=\"_blank\">@Eric_R_Lombard<\/a> et <a href=\"https:\/\/twitter.com\/VeroLouwagie?ref_src=twsrc%5Etfw\" rel=\"nofollow noopener\" target=\"_blank\">@VeroLouwagie<\/a>, permettant d\u2019occulter la pr\u00e9sence des adresses personnelles des dirigeants au registre du commerce et\u2026<\/p>\n<p>\u2014 G\u00e9rald DARMANIN (@GDarmanin) <a href=\"https:\/\/twitter.com\/GDarmanin\/status\/1959544685187215665?ref_src=twsrc%5Etfw\" rel=\"nofollow noopener\" target=\"_blank\">August 24, 2025<\/a><\/p><\/blockquote>\n<p class=\"paragraph text_align_left lp-f-body-02\">Dans une interview aux <a href=\"https:\/\/entrepreneurs.lesechos.fr\/creation-entreprise\/formalites-statuts\/adresses-personnelles-ce-que-prevoit-le-gouvernement-pour-proteger-les-dirigeants-2169628\" target=\"_blank\" rel=\"noreferrer nofollow noopener\">\u00c9chos<\/a> d\u00e9but juin, le cabinet de G\u00e9rald Darmanin avait expliqu\u00e9 que \u00ab\u00a0les dirigeants pourront saisir les greffiers des tribunaux de commerce pour demander l\u2019occultation de leur adresse personnelle\u00a0\u00bb du Registre du commerce des soci\u00e9t\u00e9s.<\/p>\n<p class=\"paragraph text_align_left lp-f-body-02\">Avant la mise en \u0153uvre du d\u00e9cret, les entrepreneurs pouvaient d\u00e9j\u00e0 saisir l\u2019Institut national de la propri\u00e9t\u00e9 industrielle (INPI), afin de demander \u00ab\u00a0l\u2019occultation des adresses personnelles figurant dans les pi\u00e8ces annexes du Registre national des entreprises\u00a0\u00bb, avait poursuivi le minist\u00e8re.<\/p>\n<p>Mesures \u00ab\u00a0de protection\u00a0\u00bb<\/p>\n<p class=\"paragraph text_align_left lp-f-body-02\">Cette d\u00e9cision a \u00e9t\u00e9 prise apr\u00e8s plusieurs enl\u00e8vements et tentatives d\u2019enl\u00e8vements li\u00e9s au milieu des cryptomonnaies depuis le d\u00e9but de l\u2019ann\u00e9e 2025. Cette s\u00e9rie noire avait commenc\u00e9 en janvier <a href=\"https:\/\/www.leparisien.fr\/faits-divers\/chef-le-mex-un-commanditaire-presume-du-rapt-de-david-balland-genie-de-la-cryptomonnaie-interpelle-en-prison-11-04-2025-PORSIZMVG5GPBJBX2K36CSJL4I.php\" target=\"_blank\" rel=\"noreferrer nofollow noopener\">avec le rapt du cofondateur de Ledger, David Balland<\/a>, et de sa compagne. Ce dernier avait finalement \u00e9t\u00e9 lib\u00e9r\u00e9 et sa compagne retrouv\u00e9e ligot\u00e9e dans un v\u00e9hicule.<\/p>\n<p class=\"paragraph text_align_left lp-f-body-02\">Le 13\u00a0mai, dans le XIe\u00a0arrondissement de Paris, <a href=\"https:\/\/www.leparisien.fr\/faits-divers\/paris-des-proches-dun-patron-dune-societe-de-cryptomonnaie-echappent-a-un-enlevement-en-pleine-rue-13-05-2025-XAVCRDAHFBAY5KZDI6SC3KFBGY.php\" target=\"_blank\" rel=\"noreferrer nofollow noopener\">la spectaculaire tentative d\u2019enl\u00e8vement<\/a> de la fille et du petit-fils du PDG de la soci\u00e9t\u00e9 de cryptomonnaie Paymium, immortalis\u00e9e par une vid\u00e9o devenue virale, avait \u00e9galement eu un fort retentissement m\u00e9diatique.<\/p>\n<p class=\"title-embed-dailymotion lp-color-text lp-f-subtitle-04\">Vid\u00e9oLes images de l&rsquo;enl\u00e8vement d\u00e9jou\u00e9 en plein Paris, le 13 mai<\/p>\n<p class=\"paragraph text_align_left lp-f-body-02\">Mi-mai, <a href=\"https:\/\/www.leparisien.fr\/faits-divers\/travailler-a-leur-securite-les-principaux-entrepreneurs-en-cryptomonnaies-reunis-par-bruno-retailleau-16-05-2025-BTEM62QBVVEF5PJIDJHQAAU7EY.php\" rel=\"nofollow noopener\" target=\"_blank\">apr\u00e8s avoir re\u00e7u les principaux acteurs de la cryptomonnaie<\/a>, le ministre de l\u2019Int\u00e9rieur Bruno Retailleau avait annonc\u00e9 \u00ab\u00a0des mesures g\u00e9n\u00e9rales physiques et techniques de protection, des mesures particuli\u00e8res en cas de suspicion et des mesures en cas de menace av\u00e9r\u00e9e ou d\u2019enl\u00e8vement\u00a0\u00bb.<\/p>\n<p class=\"paragraph text_align_left lp-f-body-02\"><a href=\"https:\/\/www.leparisien.fr\/faits-divers\/briefing-securite-acces-prioritaire-au-17-les-mesures-de-letat-pour-les-acteurs-de-la-cryptomonnaie-16-05-2025-L3BTO7TTB5DJZOMETOHDASX5KE.php\" rel=\"nofollow noopener\" target=\"_blank\">Quatre mesures, avec \u00ab\u00a0une application imm\u00e9diate\u00a0\u00bb<\/a>, avaient \u00e9t\u00e9 pr\u00e9sent\u00e9es, dont \u00ab\u00a0un acc\u00e8s prioritaire au num\u00e9ro d\u2019appel d\u2019urgence 17\u00a0\u00bb, \u00ab\u00a0une consultation de s\u00fbret\u00e9 de leurs domiciles\u00a0\u00bb, et \u00ab\u00a0un Briefing s\u00e9curit\u00e9\u00a0\u00bb assur\u00e9 par le Groupement d\u2019intervention de la gendarmerie nationale (GIGN), le Raid, et la brigade de recherche et d\u2019intervention de la pr\u00e9fecture de police de Paris \u00ab\u00a0au profit des acteurs les plus concern\u00e9s et leurs familles\u00a0\u00bb.<\/p>\n<p><script async src=\"https:\/\/platform.twitter.com\/widgets.js\" charset=\"utf-8\"><\/script><\/p>\n","protected":false},"excerpt":{"rendered":"\u00ab\u00a0C\u2019est d\u00e9sormais chose faite\u00a0\u00bb, a salu\u00e9 sur X le ministre de la Justice. Le d\u00e9cret permettant d\u2019occulter la&hellip;\n","protected":false},"author":2,"featured_media":340515,"comment_status":"","ping_status":"","sticky":false,"template":"","format":"standard","meta":{"footnotes":""},"categories":[1888],"tags":[1111,1928,11,1927,33,1777,674,118,1011,27,12,1926,626,1925,25],"class_list":{"0":"post-340514","1":"post","2":"type-post","3":"status-publish","4":"format-standard","5":"has-post-thumbnail","7":"category-paris","8":"tag-actu","9":"tag-actu-paris","10":"tag-actualites","11":"tag-actualites-paris","12":"tag-economie","13":"tag-eu","14":"tag-europe","15":"tag-faits-divers","16":"tag-fr","17":"tag-france","18":"tag-news","19":"tag-news-paris","20":"tag-paris","21":"tag-paris-news","22":"tag-republique-francaise"},"share_on_mastodon":{"url":"https:\/\/pubeurope.com\/@fr\/115083584775245522","error":""},"_links":{"self":[{"href":"https:\/\/www.europesays.com\/fr\/wp-json\/wp\/v2\/posts\/340514","targetHints":{"allow":["GET"]}}],"collection":[{"href":"https:\/\/www.europesays.com\/fr\/wp-json\/wp\/v2\/posts"}],"about":[{"href":"https:\/\/www.europesays.com\/fr\/wp-json\/wp\/v2\/types\/post"}],"author":[{"embeddable":true,"href":"https:\/\/www.europesays.com\/fr\/wp-json\/wp\/v2\/users\/2"}],"replies":[{"embeddable":true,"href":"https:\/\/www.europesays.com\/fr\/wp-json\/wp\/v2\/comments?post=340514"}],"version-history":[{"count":0,"href":"https:\/\/www.europesays.com\/fr\/wp-json\/wp\/v2\/posts\/340514\/revisions"}],"wp:featuredmedia":[{"embeddable":true,"href":"https:\/\/www.europesays.com\/fr\/wp-json\/wp\/v2\/media\/340515"}],"wp:attachment":[{"href":"https:\/\/www.europesays.com\/fr\/wp-json\/wp\/v2\/media?parent=340514"}],"wp:term":[{"taxonomy":"category","embeddable":true,"href":"https:\/\/www.europesays.com\/fr\/wp-json\/wp\/v2\/categories?post=340514"},{"taxonomy":"post_tag","embeddable":true,"href":"https:\/\/www.europesays.com\/fr\/wp-json\/wp\/v2\/tags?post=340514"}],"curies":[{"name":"wp","href":"https:\/\/api.w.org\/{rel}","templated":true}]}}