{"id":340531,"date":"2025-08-24T11:56:09","date_gmt":"2025-08-24T11:56:09","guid":{"rendered":"https:\/\/www.europesays.com\/fr\/340531\/"},"modified":"2025-08-24T11:56:09","modified_gmt":"2025-08-24T11:56:09","slug":"opinion-le-numerique-europeen-balle-de-match","status":"publish","type":"post","link":"https:\/\/www.europesays.com\/fr\/340531\/","title":{"rendered":"OPINION. \u00ab\u2009Le num\u00e9rique europ\u00e9en\u00a0: balle de match\u2009?\u2009\u00bb"},"content":{"rendered":"<p>En trente\u202fans, le PIB par habitant des \u00c9tats-Unis a pris 80\u00a0% d&rsquo;avance sur celui de l&rsquo;Europe. Le foss\u00e9 se creuse \u00e0 chaque vague technologique\u00a0: les dix premi\u00e8res capitalisations mondiales sont presque toutes am\u00e9ricaines ou chinoises, tandis que les g\u00e9ants europ\u00e9ens ne repr\u00e9sentent plus que 5\u00a0% de la valeur du Nasdaq. En\u202f2021, nos entreprises ont investi 270\u00a0milliards d&rsquo;euros de moins en R&amp;D que leurs homologues d&rsquo;outre-Atlantique\u202f; c&rsquo;est notre productivit\u00e9 et notre pouvoir d&rsquo;achat futurs qui se sont envol\u00e9s.<\/p>\n<p>Le retard transpara\u00eet aussi dans les usages. En France, 22,9\u00a0% des entreprises exploitent le cloud et 9,9\u00a0% l&rsquo;intelligence artificielle, contre 38,9\u00a0% et 8\u00a0% dans l&rsquo;Union. Bruxelles vise 75\u00a0% d&rsquo;entreprises \u00e9quip\u00e9es d&rsquo;ici\u202f2030\u202f; \u00e0 ce rythme, la marche restera hors de port\u00e9e. L&rsquo;Europe ne capte qu&rsquo;un dixi\u00e8me du capital-risque mondial\u00a0: nos start-up sont souvent rachet\u00e9es avant d&rsquo;atteindre la masse critique, et leur propri\u00e9t\u00e9 intellectuelle migre ensuite aux \u00c9tats-Unis.<\/p>\n<p>Cette frilosit\u00e9 coupl\u00e9e \u00e0 une na\u00efvet\u00e9 a un co\u00fbt imm\u00e9diat. Quatre euros sur cinq d\u00e9pens\u00e9s en Europe pour des logiciels et services cloud professionnels terminent dans les comptes d&rsquo;acteurs non europ\u00e9ens\u00a0: 265\u00a0milliards d&rsquo;euros traversent ainsi l&rsquo;Atlantique chaque ann\u00e9e. Certes, les \u00c9tats membres affichent 288,6\u00a0milliards d&rsquo;euros de promesses pour la \u00ab\u202fD\u00e9cennie num\u00e9rique\u202f\u00bb, mais les calendriers de mise en \u0153uvre patinent\u202f; seule une part limit\u00e9e des fonds a \u00e9t\u00e9 engag\u00e9e.<\/p>\n<p>Le reste du monde, lui, acc\u00e9l\u00e8re. Washington d\u00e9ploie son AI Action\u202fPlan, soutenu par une cascade de d\u00e9crets qui lib\u00e8rent le financement et aiguillent le capital-risque vers l&rsquo;infrastructure et la construction de datacenters. P\u00e9kin propulse DeepSeek-R1, un mod\u00e8le de raisonnement \u00e0 bas co\u00fbt d\u00e9j\u00e0 pr\u00e9sent dans plus de 70\u00a0% des nouvelles applications chinoises. L&rsquo;Inde mobilise un fonds de 13\u00a0milliards de dollars pour supercalculateurs et incubateurs quantiques. Partout ailleurs, l&rsquo;alignement strat\u00e9gique est clair\u202f; il doit l&rsquo;\u00eatre aussi en Europe.<\/p>\n<p>Nous voici face \u00e0 un dilemme\u00a0: d\u00e9classement ou r\u00e9armement technologique. Le num\u00e9rique n&rsquo;est plus seulement un secteur\u202f; c&rsquo;est l&rsquo;infrastructure vitale de la comp\u00e9titivit\u00e9, de l&#8217;emploi et de notre autonomie strat\u00e9gique. Rester spectateur reviendrait \u00e0 abandonner la prochaine g\u00e9n\u00e9ration de croissance\u00a0: chaque point de p\u00e9n\u00e9tration suppl\u00e9mentaire du cloud accro\u00eet la productivit\u00e9 des PME de 1,8\u00a0%, un effet comparable \u00e0 celui de la r\u00e9volution \u00e9lectrique.<\/p>\n<p>Pour inverser la tendance, l&rsquo;Europe doit r\u00e9solument faire le choix \u00e0 la fois de l&rsquo;innovation et de la r\u00e9silience. L&rsquo;une ne peut aller sans l&rsquo;autre\u00a0: l&rsquo;investissement dans l&rsquo;innovation doit imp\u00e9rativement \u00eatre accompagn\u00e9 d&rsquo;une mont\u00e9e en r\u00e9silience de notre pays, avec des actions \u00e0 mener d\u00e8s aujourd&rsquo;hui sur la cybers\u00e9curit\u00e9 et sur nos d\u00e9pendances technologiques.<\/p>\n<p>\u00c0 cette fin, pr\u00e9server et renforcer une fiscalit\u00e9 propice \u00e0 l&rsquo;innovation est indispensable. Il faut ainsi sanctuariser durablement le cr\u00e9dit d&rsquo;imp\u00f4t recherche et le statut de jeune entreprise innovante, v\u00e9ritables piliers de la R&amp;D priv\u00e9e. Plus largement, il est imp\u00e9ratif d&rsquo;offrir aux entreprises une visibilit\u00e9 budg\u00e9taire pluriannuelle\u00a0: l&rsquo;investissement s&rsquo;\u00e9panouit dans un environnement stable, pas dans des r\u00e8gles qui changent au gr\u00e9 des lois de finances.<\/p>\n<p>L&rsquo;argent ne suffira pas sans une mobilisation et une coordination du collectif. Bonne nouvelle\u00a0: l&rsquo;\u00c9quipe de France du num\u00e9rique, lanc\u00e9e en juin dernier, rassemble l&rsquo;ensemble des forces vives du num\u00e9rique et de l&rsquo;innovation de notre pays, tant du public que du priv\u00e9. Elle est le bras arm\u00e9 de la France pour d\u00e9cliner cette vision sur le terrain.<\/p>\n<p>Au-del\u00e0 de nos fronti\u00e8res, la France peut entra\u00eener l&rsquo;Union\u00a0: investir dans les technologies de rupture de demain, simplifier les normes pour gagner en comp\u00e9titivit\u00e9, mobiliser la commande publique comme levier de soutien aux industriels europ\u00e9ens et s\u00e9curiser la cha\u00eene d&rsquo;approvisionnement en semi-conducteurs. Ainsi, notre diversit\u00e9 pourrait enfin devenir un avantage comparatif.<\/p>\n<p>2025 est notre balle de match. Trois issues se dessinent\u00a0: subir, ralentir ou rester dans la comp\u00e9tition. L&rsquo;Europe peut encore gagner si elle d\u00e9cide de cesser de jouer en d\u00e9fense. Le num\u00e9rique est notre filet, notre raquette, notre chance. Saisissons-la d\u00e8s maintenant.<\/p>\n<ul>\n<li><strong>Draghi (2025)<\/strong>, A competitiveness strategy for Europe\u202f: \u00e9cart de croissance du revenu\u00a0 disponible par habitant et diagnostic productivit\u00e9\/R&amp;I. European Commission<\/li>\n<li><strong>Draghi (2025)<\/strong>, chiffrage <strong>-270\u202fMd\u20ac <\/strong>d&rsquo;\u00e9cart d&rsquo;investissement R&amp;I entreprises (UE vs USA).\u00a0 European Commission &#8211; <strong>Commission<\/strong><\/li>\n<li><strong>France, Digital Decade Country Report 2025<\/strong>\u202f: <strong>cloud 22,9\u202f%<\/strong>, <strong>IA 9,9\u202f% <\/strong>(France) vs <strong>UE 38,9\u202f% <\/strong>et <strong>13,5 %<\/strong>. Strat\u00e9gie num\u00e9rique de l&rsquo;UE<\/li>\n<li><strong>Eurostat\/Commission<\/strong>\u202f: <strong>55\u202f% <\/strong>des entreprises UE utilisent au moins une techno avanc\u00e9e (IA,\u00a0 cloud avanc\u00e9, data analytics). European Commission<\/li>\n<li><strong>State of the Digital Decade 2025<\/strong>\u202f: <strong>288,6\u202fMd\u20ac <\/strong>de mesures identifi\u00e9es dans les feuilles de\u00a0 route nationales\u202f; appels \u00e0 <strong>acc\u00e9l\u00e9rer<\/strong>. Strat\u00e9gie num\u00e9rique de l&rsquo;UEStrat\u00e9gie num\u00e9rique de l&rsquo;UE<\/li>\n<li><strong>\u00c9tats-Unis<\/strong>\u202f: <strong>America&rsquo;s AI Action Plan <\/strong>(juillet\u202f2025) et Executive Orders associ\u00e9s. The \u00a0White HouseThe White House<\/li>\n<li><strong>Chine<\/strong>\u202f: mont\u00e9e en puissance <strong>DeepSeek <\/strong>(mod\u00e8le de \u00ab\u00a0reasoning\u00a0\u00bb, mise \u00e0 jour R1).\u00a0 ReutersNature<\/li>\n<li><strong>Cigref (2025)<\/strong>\u202f: <strong>80\u202f% <\/strong>des d\u00e9penses europ\u00e9ennes de logiciels et services cloud pro vont \u00e0 des\u00a0 entreprises am\u00e9ricaines (<strong>265\u202fMd\u20ac<\/strong>, <strong>2\u202fM <\/strong>d&#8217;emplois induits aux USA). Cigref<\/li>\n<\/ul>\n","protected":false},"excerpt":{"rendered":"En trente\u202fans, le PIB par habitant des \u00c9tats-Unis a pris 80\u00a0% d&rsquo;avance sur celui de l&rsquo;Europe. Le foss\u00e9&hellip;\n","protected":false},"author":2,"featured_media":340532,"comment_status":"","ping_status":"","sticky":false,"template":"","format":"standard","meta":{"footnotes":""},"categories":[1586],"tags":[930,17,11,6195,1777,674,13378,1011,27,3246,955,12,4125,4536,25],"class_list":{"0":"post-340531","1":"post","2":"type-post","3":"status-publish","4":"format-standard","5":"has-post-thumbnail","7":"category-europe","8":"tag-le","9":"tag-17","10":"tag-actualites","11":"tag-balle","12":"tag-eu","13":"tag-europe","14":"tag-europeen","15":"tag-fr","16":"tag-france","17":"tag-idees","18":"tag-match","19":"tag-news","20":"tag-numerique","21":"tag-opinion","22":"tag-republique-francaise"},"share_on_mastodon":{"url":"https:\/\/pubeurope.com\/@fr\/115083620773514519","error":""},"_links":{"self":[{"href":"https:\/\/www.europesays.com\/fr\/wp-json\/wp\/v2\/posts\/340531","targetHints":{"allow":["GET"]}}],"collection":[{"href":"https:\/\/www.europesays.com\/fr\/wp-json\/wp\/v2\/posts"}],"about":[{"href":"https:\/\/www.europesays.com\/fr\/wp-json\/wp\/v2\/types\/post"}],"author":[{"embeddable":true,"href":"https:\/\/www.europesays.com\/fr\/wp-json\/wp\/v2\/users\/2"}],"replies":[{"embeddable":true,"href":"https:\/\/www.europesays.com\/fr\/wp-json\/wp\/v2\/comments?post=340531"}],"version-history":[{"count":0,"href":"https:\/\/www.europesays.com\/fr\/wp-json\/wp\/v2\/posts\/340531\/revisions"}],"wp:featuredmedia":[{"embeddable":true,"href":"https:\/\/www.europesays.com\/fr\/wp-json\/wp\/v2\/media\/340532"}],"wp:attachment":[{"href":"https:\/\/www.europesays.com\/fr\/wp-json\/wp\/v2\/media?parent=340531"}],"wp:term":[{"taxonomy":"category","embeddable":true,"href":"https:\/\/www.europesays.com\/fr\/wp-json\/wp\/v2\/categories?post=340531"},{"taxonomy":"post_tag","embeddable":true,"href":"https:\/\/www.europesays.com\/fr\/wp-json\/wp\/v2\/tags?post=340531"}],"curies":[{"name":"wp","href":"https:\/\/api.w.org\/{rel}","templated":true}]}}