{"id":340541,"date":"2025-08-24T12:01:24","date_gmt":"2025-08-24T12:01:24","guid":{"rendered":"https:\/\/www.europesays.com\/fr\/340541\/"},"modified":"2025-08-24T12:01:24","modified_gmt":"2025-08-24T12:01:24","slug":"junior-ryder-cup-six-francais-selectionnes","status":"publish","type":"post","link":"https:\/\/www.europesays.com\/fr\/340541\/","title":{"rendered":"Junior Ryder Cup\u00a0: Six Fran\u00e7ais s\u00e9lectionn\u00e9s"},"content":{"rendered":"<p>Chez les gar\u00e7ons, <strong>Hugo Le Goff<\/strong>, <strong>Oscar Couilleau <\/strong>et <strong>Callixte Alzas <\/strong>sont les trois s\u00e9lectionn\u00e9s. Le Goff, leader du m\u00e9rite amateur messieurs fran\u00e7ais et actuel 50e au classement mondial, s&rsquo;est illustr\u00e9 cette saison, entre autres, en remportant les <strong>Internationaux d&rsquo;Espagne <\/strong>et le <strong>Lytham Trophy<\/strong>. Couilleau, champion de France amateur l&rsquo;ann\u00e9e pass\u00e9e, et qui a fait partie des trois choix masculins du capitaine Gallacher, a r\u00e9cemment obtenu sa premi\u00e8re participation \u00e0 un tournoi du <strong>PGA Tour <\/strong>en remportant le <strong>Monroe Invitational<\/strong>. Quant \u00e0 Alzas, il a r\u00e9ussi un tr\u00e8s beau parcours lors de <strong>The Amateur Championship <\/strong>au mois de juin (quart de finale), avant de remporter le <strong>Carris Trophy <\/strong>d\u00e9but ao\u00fbt.<\/p>\n<p>Il serait presque tentant d&rsquo;ajouter \u00e0 ces trois-l\u00e0 un quatri\u00e8me\u00a0: le joueur ukrainien <strong>Lev Grinberg<\/strong>, en cours de naturalisation, et tr\u00e8s familier des trois fran\u00e7ais car, pensionnaire du <strong>Centre national de performance du Golf National <\/strong>depuis trois ans, il s&rsquo;entra\u00eene avec eux au quotidien. Un atout de plus dans la manche de l&rsquo;\u00e9quipe europ\u00e9enne, qui comptera en outre sur la pr\u00e9sence de l&rsquo;Anglais <strong>Kris Kim <\/strong>et de l&rsquo;Irlandais <strong>John Doyle<\/strong>, tous les deux choisis par le capitaine.<\/p>\n","protected":false},"excerpt":{"rendered":"Chez les gar\u00e7ons, Hugo Le Goff, Oscar Couilleau et Callixte Alzas sont les trois s\u00e9lectionn\u00e9s. Le Goff, leader&hellip;\n","protected":false},"author":2,"featured_media":340542,"comment_status":"","ping_status":"","sticky":false,"template":"","format":"standard","meta":{"footnotes":""},"categories":[1418],"tags":[1011,27,1472,60],"class_list":{"0":"post-340541","1":"post","2":"type-post","3":"status-publish","4":"format-standard","5":"has-post-thumbnail","7":"category-golf","8":"tag-fr","9":"tag-france","10":"tag-golf","11":"tag-sports"},"share_on_mastodon":{"url":"https:\/\/pubeurope.com\/@fr\/115083639802637335","error":""},"_links":{"self":[{"href":"https:\/\/www.europesays.com\/fr\/wp-json\/wp\/v2\/posts\/340541","targetHints":{"allow":["GET"]}}],"collection":[{"href":"https:\/\/www.europesays.com\/fr\/wp-json\/wp\/v2\/posts"}],"about":[{"href":"https:\/\/www.europesays.com\/fr\/wp-json\/wp\/v2\/types\/post"}],"author":[{"embeddable":true,"href":"https:\/\/www.europesays.com\/fr\/wp-json\/wp\/v2\/users\/2"}],"replies":[{"embeddable":true,"href":"https:\/\/www.europesays.com\/fr\/wp-json\/wp\/v2\/comments?post=340541"}],"version-history":[{"count":0,"href":"https:\/\/www.europesays.com\/fr\/wp-json\/wp\/v2\/posts\/340541\/revisions"}],"wp:featuredmedia":[{"embeddable":true,"href":"https:\/\/www.europesays.com\/fr\/wp-json\/wp\/v2\/media\/340542"}],"wp:attachment":[{"href":"https:\/\/www.europesays.com\/fr\/wp-json\/wp\/v2\/media?parent=340541"}],"wp:term":[{"taxonomy":"category","embeddable":true,"href":"https:\/\/www.europesays.com\/fr\/wp-json\/wp\/v2\/categories?post=340541"},{"taxonomy":"post_tag","embeddable":true,"href":"https:\/\/www.europesays.com\/fr\/wp-json\/wp\/v2\/tags?post=340541"}],"curies":[{"name":"wp","href":"https:\/\/api.w.org\/{rel}","templated":true}]}}