{"id":340544,"date":"2025-08-24T12:03:12","date_gmt":"2025-08-24T12:03:12","guid":{"rendered":"https:\/\/www.europesays.com\/fr\/340544\/"},"modified":"2025-08-24T12:03:12","modified_gmt":"2025-08-24T12:03:12","slug":"notre-maniere-de-garder-medhi-vivant-un-terrain-de-rugby-a-agen-porte-desormais-le-nom-du-jeune-homme-disparu","status":"publish","type":"post","link":"https:\/\/www.europesays.com\/fr\/340544\/","title":{"rendered":"\u00ab\u00a0Notre mani\u00e8re de garder Medhi vivant\u00a0\u00bb. Un terrain de rugby \u00e0 Agen porte d\u00e9sormais le nom du jeune homme disparu"},"content":{"rendered":"<p class=\"article__intro\">Un hommage organis\u00e9 par le SUA Agen et la ville se tenait ce dimanche sur la plaine des sports. Un terrain a \u00e9t\u00e9 baptis\u00e9 du nom du jeune rugbyman Medhi Narjissi disparu tragiquement en Afrique du Sud, en ao\u00fbt 2024.<\/p>\n<p>\n      L\u2019actu des r\u00e9gions\n    <\/p>\n<p>\n      Chaque jour, un tour d\u2019horizon des principales infos de toutes les r\u00e9gions.\n    <\/p>\n<p>    France T\u00e9l\u00e9visions utilise votre adresse e-mail afin de vous envoyer la newsletter \u00ab\u00a0L\u2019actu des r\u00e9gions\u00a0\u00bb. Vous pouvez vous d\u00e9sinscrire \u00e0 tout moment via le lien en bas de cette newsletter. <a target=\"_blank\" href=\"https:\/\/www.francetelevisions.fr\/groupe\/confidentialite\/politique-de-confidentialite\/politique-de-confidentialite-de-france-televisions-6503\" rel=\"nofollow noopener\">Notre politique de confidentialit\u00e9<\/a><\/p>\n<p>Dans un cadre sur le c\u00f4t\u00e9 de l&rsquo;estrade mont\u00e9e pour l&rsquo;occasion, le regard et le sourire de Medhi rayonnent sur la photo. Ce dimanche \u00e0 la plaine des sports d&rsquo;Agen, on inaugure un terrain qui porte d\u00e9sormais son nom. Car c&rsquo;est ici que sa passion pour le rugby a commenc\u00e9.<\/p>\n<p><a data-article-figure=\"\" href=\"https:\/\/france3-regions.franceinfo.fr\/image\/Uh5mL0jp_77dpxYw7uaItg1aQG0\/1220x821\/regions\/2025\/08\/24\/hommage-medhi-68aad4e2733bb089285554.jpg\" data-pswp-width=\"1220\" data-pswp-height=\"821\" target=\"_blank\" rel=\"nofollow noopener\"><\/p>\n<p>          <img width=\"600\" height=\"400\" class=\"article-image lazy\" data-src=\"https:\/\/www.europesays.com\/fr\/wp-content\/uploads\/2025\/08\/hommage-medhi-68aad4e2733bb089285554.jpg\" alt=\"Le pr\u00e9sident du club a d\u00e9but\u00e9 les prises de paroles suivi de sa famille et de ses amis.\" fetchpriority=\"high\" as=\"image\"\/><\/p>\n<p>\n            Le pr\u00e9sident du club a d\u00e9but\u00e9 les prises de paroles suivi de sa famille et de ses amis.<br \/>\n                           \u2022<br \/>\n                                      \u00a9 A. Girardeau \/ France 3 Aquitaine\n                      <\/p>\n<p><\/a><\/p>\n<p>C&rsquo;est d&rsquo;ailleurs ce qu&rsquo;a rappel\u00e9 le pr\u00e9sident du club, Jean-Fran\u00e7ois Fonteneau en prenant la parole. C&rsquo;est ici, dans ce stade \u00ab\u00a0qu&rsquo;il a appris les premiers gestes au rugby, les premiers plaquages&#8230;\u00a0\u00bb Aussi, donner son nom, c&rsquo;est, selon le pr\u00e9sident du club, \u00ab\u00a0notre mani\u00e8re de garder Medhi vivant\u00a0\u00bb.<\/p>\n<p>Pour l&rsquo;occasion, le club a pens\u00e9 \u00e0 d\u00e9caler les horaires des entra\u00eenements. Ce qui a permis aux joueurs d&rsquo;\u00eatre pr\u00e9sents pour l&rsquo;hommage ce dimanche matin aux c\u00f4t\u00e9s d&rsquo;Ugo Mola, le manager du Stade toulousain ou encore du maire d&rsquo;Agen, Jean Dionis du S\u00e9jour, et des deux meilleurs amis de Medhi.<\/p>\n<p><a data-article-figure=\"\" href=\"https:\/\/france3-regions.franceinfo.fr\/image\/GhlLEUhCnymKnL3C66MoRQqE9fk\/1920x1080\/regions\/2025\/08\/24\/bord-agen-1-01-01-00-07-1-00-06-21-20-68aae55b0e299581277907.jpg\" data-pswp-width=\"1920\" data-pswp-height=\"1080\" target=\"_blank\" rel=\"nofollow noopener\"><\/p>\n<p>          <img width=\"600\" height=\"400\" class=\"article-image lazy\" data-src=\"https:\/\/www.europesays.com\/fr\/wp-content\/uploads\/2025\/08\/bord-agen-1-01-01-00-07-1-00-06-21-20-68aae55b0e299581277907.jpg\" alt=\"Quelques Agenais ont souhait\u00e9 \u00e9crire quelques mots dans le livre d'or.\" fetchpriority=\"high\" as=\"image\"\/><\/p>\n<p>\n            Quelques Agenais ont souhait\u00e9 \u00e9crire quelques mots dans le livre d&rsquo;or.<br \/>\n                           \u2022<br \/>\n                                      \u00a9 E.Tymen \/ France 3 Aquitaine\n                      <\/p>\n<p><\/a><\/p>\n<p>Pr\u00e8s de 300 personnes ont assist\u00e9 \u00e0 cet hommage pour le jeune rugbyman disparu tragiquement l&rsquo;an dernier en Afrique du Sud.<\/p>\n<p><a data-article-figure=\"\" href=\"https:\/\/france3-regions.franceinfo.fr\/image\/04Ojt9-beJ73GpKZU87a_0A8R5A\/1920x1080\/regions\/2025\/08\/24\/bord-agen-1-01-01-00-07-1-00-01-52-03-68aae7ee9c70b593445437.jpg\" data-pswp-width=\"1920\" data-pswp-height=\"1080\" target=\"_blank\" rel=\"nofollow noopener\"><\/p>\n<p>          <img width=\"600\" height=\"400\" class=\"article-image lazy\" data-src=\"https:\/\/www.europesays.com\/fr\/wp-content\/uploads\/2025\/08\/bord-agen-1-01-01-00-07-1-00-01-52-03-68aae7ee9c70b593445437.jpg\" alt=\"Beaucoup de gens sont venus assister \u00e0 la c\u00e9r\u00e9monie consacr\u00e9e au jeune joueur de rugby disparu.\" fetchpriority=\"high\" as=\"image\"\/><\/p>\n<p>\n            Beaucoup de gens sont venus assister \u00e0 la c\u00e9r\u00e9monie consacr\u00e9e au jeune joueur de rugby disparu.<br \/>\n                           \u2022<br \/>\n                                      \u00a9 E.Tymen \/ France 3 Aquitaine\n                      <\/p>\n<p><\/a><\/p>\n<p>Sur l&rsquo;estrade de nombreux t\u00e9moignages se sont succ\u00e9d\u00e9. Des mots touchants de sa famille, ses parents, Jalil et Val\u00e9rie, mais aussi sa s\u0153ur In\u00e8s et ses amis proches. Beaucoup d&rsquo;\u00e9motion partag\u00e9e \u00e0 l&rsquo;\u00e9vocation du jeune homme, de \u00ab\u00a0sa joie de vivre\u00a0\u00bb.<\/p>\n<p>La foule est nombreuse ce matin. Des joueurs, des parents, des amis mais aussi des anonymes, touch\u00e9s par ce drame. C&rsquo;est pourquoi un livre d&rsquo;or a \u00e9t\u00e9 install\u00e9 pour tous les Agenais qui souhaitent adresser une pens\u00e9e pour Medhi, un message \u00e0 la famille.<\/p>\n<p><a data-article-figure=\"\" href=\"https:\/\/france3-regions.franceinfo.fr\/image\/srwoTg0pMHHWped5UEUHZwnSQD0\/1920x1080\/regions\/2025\/08\/24\/bord-agen-1-01-01-00-00-8-00-01-43-20-68aae463b298a197706716.jpg\" data-pswp-width=\"1920\" data-pswp-height=\"1080\" target=\"_blank\" rel=\"nofollow noopener\"><\/p>\n<p>          <img width=\"600\" height=\"400\" class=\"article-image lazy\" data-src=\"https:\/\/www.europesays.com\/fr\/wp-content\/uploads\/2025\/08\/bord-agen-1-01-01-00-00-8-00-01-43-20-68aae463b298a197706716.jpg\" alt=\"Arnaud Duputs : &quot;Medhi jouait ici. Il allait devenir un grand joueur de rugby&quot;.\" fetchpriority=\"high\" as=\"image\"\/><\/p>\n<p>\n            Arnaud Duputs : \u00ab\u00a0Medhi jouait ici. Il allait devenir un grand joueur de rugby\u00a0\u00bb.<br \/>\n                           \u2022<br \/>\n                                      \u00a9 E.Tymen \/ France 3 Aquitaine\n                      <\/p>\n<p><\/a><\/p>\n<p>Des joueurs sont pr\u00e9sents aussi. Pour le capitaine Arnaud Duputs, c&rsquo;\u00e9tait important d&rsquo;\u00eatre l\u00e0 et de se souvenir de Medhi, qui allait devenir \u00ab\u00a0un grand joueur, d\u00e9j\u00e0 parti au Stade toulousain, avec d&rsquo;\u00e9normes qualit\u00e9s\u00a0\u00bb. Donner son nom \u00e0 ce terrain c&rsquo;est aussi l&rsquo;occasion de partager des valeurs avec les jeunes joueurs du SU Agen. \u00ab\u00a0C&rsquo;est le terrain sur lequel on s&rsquo;entra\u00eene toute la saison. C&rsquo;est une bonne chose que Medhi (sa photo, ndlr) soit ici. On y pensera \u00e0 l&rsquo;entra\u00eenement\u00a0\u00bb.<\/p>\n<blockquote class=\"ftvi_content_quote\">\n<p class=\"ftvi_citation_quote\">\u00c7a va inspirer les nouvelles g\u00e9n\u00e9rations qui vont s&rsquo;entra\u00eener sur ce terrain. Un regard vers lui et on aura envie de lui rendre honneur. <\/p>\n<p>Arnaud Duputs<\/p>\n<p class=\"ftvi_citation_source\">Capitaine du SU Agen<\/p>\n<\/blockquote>\n<p>Le terrain qui porte le nom de Medhi Narjissi est situ\u00e9 sur la plaine des sports Philippe Sella, nom loin du Stade Armandie.<\/p><\/p>\n","protected":false},"excerpt":{"rendered":"Un hommage organis\u00e9 par le SUA Agen et la ville se tenait ce dimanche sur la plaine des&hellip;\n","protected":false},"author":2,"featured_media":340545,"comment_status":"","ping_status":"","sticky":false,"template":"","format":"standard","meta":{"footnotes":""},"categories":[1416],"tags":[1011,27,479,1468,60],"class_list":{"0":"post-340544","1":"post","2":"type-post","3":"status-publish","4":"format-standard","5":"has-post-thumbnail","7":"category-rugby","8":"tag-fr","9":"tag-france","10":"tag-rugby","11":"tag-rugby-football","12":"tag-sports"},"share_on_mastodon":{"url":"https:\/\/pubeurope.com\/@fr\/115083647643057597","error":""},"_links":{"self":[{"href":"https:\/\/www.europesays.com\/fr\/wp-json\/wp\/v2\/posts\/340544","targetHints":{"allow":["GET"]}}],"collection":[{"href":"https:\/\/www.europesays.com\/fr\/wp-json\/wp\/v2\/posts"}],"about":[{"href":"https:\/\/www.europesays.com\/fr\/wp-json\/wp\/v2\/types\/post"}],"author":[{"embeddable":true,"href":"https:\/\/www.europesays.com\/fr\/wp-json\/wp\/v2\/users\/2"}],"replies":[{"embeddable":true,"href":"https:\/\/www.europesays.com\/fr\/wp-json\/wp\/v2\/comments?post=340544"}],"version-history":[{"count":0,"href":"https:\/\/www.europesays.com\/fr\/wp-json\/wp\/v2\/posts\/340544\/revisions"}],"wp:featuredmedia":[{"embeddable":true,"href":"https:\/\/www.europesays.com\/fr\/wp-json\/wp\/v2\/media\/340545"}],"wp:attachment":[{"href":"https:\/\/www.europesays.com\/fr\/wp-json\/wp\/v2\/media?parent=340544"}],"wp:term":[{"taxonomy":"category","embeddable":true,"href":"https:\/\/www.europesays.com\/fr\/wp-json\/wp\/v2\/categories?post=340544"},{"taxonomy":"post_tag","embeddable":true,"href":"https:\/\/www.europesays.com\/fr\/wp-json\/wp\/v2\/tags?post=340544"}],"curies":[{"name":"wp","href":"https:\/\/api.w.org\/{rel}","templated":true}]}}