{"id":340547,"date":"2025-08-24T12:06:10","date_gmt":"2025-08-24T12:06:10","guid":{"rendered":"https:\/\/www.europesays.com\/fr\/340547\/"},"modified":"2025-08-24T12:06:10","modified_gmt":"2025-08-24T12:06:10","slug":"motogp-casey-stoner-a-jorge-martin-tes-blessures-horribles-te-rendront-plus-fort-a-limage-de-marc-marquez","status":"publish","type":"post","link":"https:\/\/www.europesays.com\/fr\/340547\/","title":{"rendered":"MotoGP, Casey Stoner \u00e0 Jorge Martin : \u00ab\u00a0tes blessures horribles te rendront plus fort\u00a0\u00bb, \u00e0 l\u2019image de Marc Marquez"},"content":{"rendered":"<p><strong>Au c\u0153ur d\u2019une saison 2025 sabord\u00e9e par les blessures,<br \/>\nJorge Martin a trouv\u00e9 un avocat de poids. Casey Stoner, double<br \/>\nchampion du monde MotoGP, estime que les \u00ab horribles \u00bb p\u00e9pins<br \/>\nphysiques du champion 2024 pourraient, \u00e0 terme, en faire un pilote<br \/>\nencore plus redoutable.<\/strong><\/p>\n<p><strong>Stoner<\/strong> n\u2019\u00e9dulcore rien, mais trace une voie de<br \/>\nsortie : \u00ab <strong>je ne peux pas vraiment me mettre \u00e0 sa<br \/>\nplace, ni m\u00eame imaginer ce qu\u2019il a v\u00e9cu<\/strong>. Mais en<br \/>\nm\u00eame temps, nous avons quand m\u00eame commenc\u00e9 l\u2019ann\u00e9e avec un poignet<br \/>\ncass\u00e9 pendant l\u2019intersaison. Il est ensuite pass\u00e9 d\u2019un moment<br \/>\nvraiment difficile \u00e0 un moment horrible avec l\u2019accident qu\u2019il a eu<br \/>\nau Qatar\u00a0\u00bb.<\/p>\n<p>Il ajoute sur <a href=\"https:\/\/www.crash.net\/motogp\/news\/1079634\/1\/casey-stoner-jorge-martins-horrifying-2025-injuries-these-moments-make-you\" target=\"_blank\" rel=\"noopener\"><br \/>\ncrash.net<\/a> : \u00ab ce n\u2019\u00e9tait donc certainement pas la fa\u00e7on<br \/>\ndont il voulait commencer la saison en tant que champion du monde.<br \/>\nMais <strong>ces moments vous rendent ensuite normalement beaucoup<br \/>\nplus fort<\/strong>. Nous avons vu <strong>Marc Marquez<\/strong><br \/>\nrevenir d\u2019une blessure extr\u00eamement grave et retrouver sa meilleure<br \/>\nforme, cependant <strong>nous ne savons pas \u00e0 quoi il faudra<br \/>\ns\u2019attendre avec \u00a0Jorge \u00e0 l\u2019avenir<\/strong>. Pour moi, on peut<br \/>\naussi bien vivre les hauts que les bas, mais <strong>c\u2019est quelque<br \/>\nchose que je me suis assur\u00e9 de ne pas trop faire quand je<br \/>\ncourais<\/strong> \u00bb.<\/p>\n<p><img loading=\"lazy\" decoding=\"async\" class=\"aligncenter size-full wp-image-1320998\" src=\"https:\/\/www.europesays.com\/fr\/wp-content\/uploads\/2025\/08\/Jorge-Martin-.jpg\" alt=\"Casey Stoner\" width=\"631\" height=\"364\"  \/><\/p>\n<p><strong>Pour Casey Stoner, la suite<br \/>\navec Jorge Martin d\u00e9pendra autant du corps que de la<br \/>\nt\u00eate<\/strong><\/p>\n<p>La ligne de conduite, selon l\u2019Australien, tient en un principe<br \/>\nd\u2019\u00e9quilibre \u00e9motionnel :<\/p>\n<p>\u00ab Si les hauts sont trop hauts, alors les bas sont trop bas.<br \/>\nDonc, <strong>l\u2019important est de ne pas rester trop longtemps sur<br \/>\ncette lanc\u00e9e<\/strong> et d\u2019essayer de rester un peu les pieds sur<br \/>\nterre, car ces moments difficiles vous frapperont toujours \u00e0 un<br \/>\nmoment donn\u00e9 de votre carri\u00e8re. Il faut faire face \u00e0 cela \u00e0 un<br \/>\nmoment donn\u00e9 et <strong>utiliser cela comme toutes les<br \/>\nconnaissances possibles pour revenir et \u00eatre plus<br \/>\nfort<\/strong>. \u00bb<\/p>\n<p>Le r\u00e9cit de l\u2019ann\u00e9e de <strong>Martin<\/strong> explique<br \/>\nl\u2019ampleur du d\u00e9fi : <strong>poignet touch\u00e9<\/strong> d\u00e8s Sepang<br \/>\n(tests avort\u00e9s apr\u00e8s 13 tours), <strong>rechute \u00e0<br \/>\nl\u2019entra\u00eenement<\/strong> avant la Tha\u00eflande, retour tardif au Qatar<br \/>\npour un Grand Prix conclu au tapis \u2014 <strong>percut\u00e9 par Fabio Di<br \/>\nGiannantonio<\/strong> \u2014 puis nouveau come-back \u00e0<br \/>\n<strong>Brno<\/strong> juste avant la tr\u00eave. En coulisses,<br \/>\nl\u2019Espagnol a tent\u00e9 d\u2019activer une clause de performance pour quitter<br \/>\n<strong>Aprilia<\/strong> d\u00e8s fin 2025 ; menac\u00e9 d\u2019une action en<br \/>\njustice, il a revu sa position pour aller jusqu\u2019\u00e0 la derni\u00e8re ann\u00e9e<br \/>\nde son contrat.<\/p>\n<p>Pour <strong>Stoner<\/strong>, la suite d\u00e9pendra autant du corps<br \/>\nque de la t\u00eate. La preuve par Marquez, revenu au sommet apr\u00e8s une<br \/>\nblessure \u00ab extr\u00eamement grave \u00bb. Message sous-jacent \u00e0 <a href=\"https:\/\/www.paddock-gp.com\/motogp-people-jorge-martin-du-bitume-des-gp-aux-cols-dandorre-le-champion-du-monde-soffre-un-defi-cycliste-extreme\/\" target=\"_blank\" rel=\"noopener\"><br \/>\n<strong>Martin<\/strong><\/a> : capitaliser sur l\u2019\u00e9preuve,<br \/>\ntransformer la douleur en donn\u00e9es\u2026 et repartir plus fort.<\/p>\n<p><img loading=\"lazy\" decoding=\"async\" class=\"aligncenter wp-image-1142511\" src=\"https:\/\/www.europesays.com\/fr\/wp-content\/uploads\/2025\/08\/stoner-marquez.jpg\" alt=\"Casey Stoner\" width=\"863\" height=\"596\"  \/><\/p>\n","protected":false},"excerpt":{"rendered":"Au c\u0153ur d\u2019une saison 2025 sabord\u00e9e par les blessures, Jorge Martin a trouv\u00e9 un avocat de poids. Casey&hellip;\n","protected":false},"author":2,"featured_media":226153,"comment_status":"","ping_status":"","sticky":false,"template":"","format":"standard","meta":{"footnotes":""},"categories":[1413],"tags":[1011,27,1457,1456,60],"class_list":{"0":"post-340547","1":"post","2":"type-post","3":"status-publish","4":"format-standard","5":"has-post-thumbnail","7":"category-moto","8":"tag-fr","9":"tag-france","10":"tag-moto","11":"tag-motocycle","12":"tag-sports"},"share_on_mastodon":{"url":"https:\/\/pubeurope.com\/@fr\/115083659572433102","error":""},"_links":{"self":[{"href":"https:\/\/www.europesays.com\/fr\/wp-json\/wp\/v2\/posts\/340547","targetHints":{"allow":["GET"]}}],"collection":[{"href":"https:\/\/www.europesays.com\/fr\/wp-json\/wp\/v2\/posts"}],"about":[{"href":"https:\/\/www.europesays.com\/fr\/wp-json\/wp\/v2\/types\/post"}],"author":[{"embeddable":true,"href":"https:\/\/www.europesays.com\/fr\/wp-json\/wp\/v2\/users\/2"}],"replies":[{"embeddable":true,"href":"https:\/\/www.europesays.com\/fr\/wp-json\/wp\/v2\/comments?post=340547"}],"version-history":[{"count":0,"href":"https:\/\/www.europesays.com\/fr\/wp-json\/wp\/v2\/posts\/340547\/revisions"}],"wp:featuredmedia":[{"embeddable":true,"href":"https:\/\/www.europesays.com\/fr\/wp-json\/wp\/v2\/media\/226153"}],"wp:attachment":[{"href":"https:\/\/www.europesays.com\/fr\/wp-json\/wp\/v2\/media?parent=340547"}],"wp:term":[{"taxonomy":"category","embeddable":true,"href":"https:\/\/www.europesays.com\/fr\/wp-json\/wp\/v2\/categories?post=340547"},{"taxonomy":"post_tag","embeddable":true,"href":"https:\/\/www.europesays.com\/fr\/wp-json\/wp\/v2\/tags?post=340547"}],"curies":[{"name":"wp","href":"https:\/\/api.w.org\/{rel}","templated":true}]}}