{"id":340550,"date":"2025-08-24T12:08:13","date_gmt":"2025-08-24T12:08:13","guid":{"rendered":"https:\/\/www.europesays.com\/fr\/340550\/"},"modified":"2025-08-24T12:08:13","modified_gmt":"2025-08-24T12:08:13","slug":"cyclisme-revelateur-des-stars-de-demain-le-tour-de-lavenir-passe-par-la-saone-et-loire-le-jsl","status":"publish","type":"post","link":"https:\/\/www.europesays.com\/fr\/340550\/","title":{"rendered":"Cyclisme. R\u00e9v\u00e9lateur des stars de demain, le Tour de l\u2019Avenir passe par la Sa\u00f4ne-et-Loire &#8211; Le JSL"},"content":{"rendered":"<ol>\n<li><a href=\"https:\/\/news.google.com\/rss\/articles\/CBMiuAFBVV95cUxNMlF0cHdld3FOd2tHbVFrVTE4Y0FrZks5cmlxMWZPcjhXS1g4RVVfaW0xQnc1YjlJa1dYXzBHWk1rLVV2a2paNVV2SktQZF9mTE0wWXppTlpWZklZRG04M2VWOEdkVzhLdGVmaGo2b2t4NmtUSzdKN2FHc3YtbjFtbGt4VGllU3Judkh0NUduRUpfOFNGLXc3VHNqdm91UC1jREtEaHdpUDB6YzhnZTlhbDV2S25SNENy?oc=5\" target=\"_blank\" rel=\"nofollow noopener\">Cyclisme. R\u00e9v\u00e9lateur des stars de demain, le Tour de l\u2019Avenir passe par la Sa\u00f4ne-et-Loire<\/a>&nbsp;&nbsp;Le JSL<\/li>\n<li><a href=\"https:\/\/news.google.com\/rss\/articles\/CBMi7AFBVV95cUxONzdaY3JyYktJWEVjd2lzUkNEeEFHVWhqbnJVUVFMQmI4eUpreWF4Qk0zZU5TT004dkpXbkRaMUxGc3Y3aFpKS212YmpYa2Q3Nzl3VDNUY3YteGMtOWI3b05mSTZsTHJrbHU5VGdpZ28xOVZJUGFCX1hjY1lpMFBnTEtJWF8yTURaRmg1c0txUWdTUW03UWZzd1lEc3VnY1NjdVJtWFdzVk1NdXdlSFBaMFRuWm9zdkQwZFdLMG9scnRqcUp4SmlTNy1lai1IaEFIZFBIRkNpV3BZZXN0ZG1XTGNwSy0tSWk1a19Hag?oc=5\" target=\"_blank\" rel=\"nofollow noopener\">\u00ab C&rsquo;est vraiment une belle surprise \u00bb : Seixas frappe d&rsquo;entr\u00e9e et envoie un message \u00e0 la concurrence<\/a>&nbsp;&nbsp;L&rsquo;\u00c9quipe<\/li>\n<li><a href=\"https:\/\/news.google.com\/rss\/articles\/CBMi9wFBVV95cUxQNUFlX0otYk9nb2Q4NFNuRjJ3STRZZ2JuVGFCZm5vWi12dy1MdUdGd2YxVXBvdWowY2lmcGZjVUQxZlpDVF9nMFFwZDhsUlZqbW83Uk9acTBQcTZTdDJqX1pRZE1FR3BvMXNVTDJhZExGc3FVSXZsYmVqTHRfd2RfRjlfMElaOU54cDJJTnpNMEF1cXYxc2ExS1cxTWJzWHFyVTdIaDE2U0Nma1VRN0NyZmlQZ09RdGxqNUdCS1JUZGpiajRGd1hiS0xlZ0NXNnFXUDl4cHVSYy1aU19VcmlLNTFHRnRPVGVnQjI1R0czU1FKSzVmS19B?oc=5\" target=\"_blank\" rel=\"nofollow noopener\">DIRECT. Tour de l&rsquo;Avenir 2025: Seixas d\u00e9j\u00e0 en jaune, suivez la 1\u00e8re \u00e9tape entre Aoste et Saint-Galmier en live<\/a>&nbsp;&nbsp;RMC Sport<\/li>\n<li><a href=\"https:\/\/news.google.com\/rss\/articles\/CBMinwJBVV95cUxOZ1ExRUY2UkV2UzJqSDlKWE16N3RmUTIxZXRPa013eXgyU3d5OWQxRS10aHRPX3lEMnZPU2U0dzc4WHFDMVprczJCOUxsNTd0VEw2QzRpam16ZDA2VVZTY1ZIcUJqZTlqaGVzbEdsVlFZd3JpN1V0ZWMwZ2kzQ1dfLUxhMU1nWnpGMUR5RVVXcldROFlwMWZ6bnZvVVBQV3FQeEpSOXRDVnJobDBnUHFoRjZMRjNGbWIyZnJpbHFuMDZreGdra0JUZXQzZWFOVDNZR3hWRjh1MUk1NXMtSFF5NXpNUUVmRWJneWo0STMzVVYwMndyeGxjQ0hIRXdXb20zV1FGTl8tMy12c1piWGhwdEZpeUEydHRFWDhlYUxFSQ?oc=5\" target=\"_blank\" rel=\"nofollow noopener\">Seixas prend d\u00e9j\u00e0 les commandes du Tour de l&rsquo;Avenir apr\u00e8s sa victoire sur le prologue<\/a>&nbsp;&nbsp;Eurosport<\/li>\n<li><a href=\"https:\/\/news.google.com\/rss\/articles\/CBMivAFBVV95cUxPdUdoSktrVnpETWloS1UwSW1UajlDVXlCdEtCQzBDQXZFZjl2QXR0SXo5Smc4RkNpTnVvai1rU3lfVkVSMTZmd19yMDE4U3ZjUzROTDlneEcxLWxZdV9MVXJVdDdDT3g3Y3AycFFsU2NPQlY2eDNLbVpXTkdPWmt6SkJ2X2tuRV81MzRwd3gwTWZRZVhmMmZzdU9HenlHMUJUSWM2OE9UZmFPX1lTQTYzRDFQdHFhTEM3UGJQbA?oc=5\" target=\"_blank\" rel=\"nofollow noopener\">\u00c9tang-sur-Arroux. Cycliste passionn\u00e9, Jean-Louis Mangematin sera signaleur sur le Tour de l\u2019Avenir<\/a>&nbsp;&nbsp;Le JSL<\/li>\n<\/ol>\n","protected":false},"excerpt":{"rendered":"Cyclisme. R\u00e9v\u00e9lateur des stars de demain, le Tour de l\u2019Avenir passe par la Sa\u00f4ne-et-Loire&nbsp;&nbsp;Le JSL \u00ab C&rsquo;est vraiment&hellip;\n","protected":false},"author":2,"featured_media":340551,"comment_status":"","ping_status":"","sticky":false,"template":"","format":"standard","meta":{"footnotes":""},"categories":[1411],"tags":[1154,207,107,1011,27,517,60],"class_list":{"0":"post-340550","1":"post","2":"type-post","3":"status-publish","4":"format-standard","5":"has-post-thumbnail","7":"category-cyclisme","8":"tag-cycling","9":"tag-cyclisme","10":"tag-fil-info","11":"tag-fr","12":"tag-france","13":"tag-sport","14":"tag-sports"},"share_on_mastodon":{"url":"https:\/\/pubeurope.com\/@fr\/115083667258237748","error":""},"_links":{"self":[{"href":"https:\/\/www.europesays.com\/fr\/wp-json\/wp\/v2\/posts\/340550","targetHints":{"allow":["GET"]}}],"collection":[{"href":"https:\/\/www.europesays.com\/fr\/wp-json\/wp\/v2\/posts"}],"about":[{"href":"https:\/\/www.europesays.com\/fr\/wp-json\/wp\/v2\/types\/post"}],"author":[{"embeddable":true,"href":"https:\/\/www.europesays.com\/fr\/wp-json\/wp\/v2\/users\/2"}],"replies":[{"embeddable":true,"href":"https:\/\/www.europesays.com\/fr\/wp-json\/wp\/v2\/comments?post=340550"}],"version-history":[{"count":0,"href":"https:\/\/www.europesays.com\/fr\/wp-json\/wp\/v2\/posts\/340550\/revisions"}],"wp:featuredmedia":[{"embeddable":true,"href":"https:\/\/www.europesays.com\/fr\/wp-json\/wp\/v2\/media\/340551"}],"wp:attachment":[{"href":"https:\/\/www.europesays.com\/fr\/wp-json\/wp\/v2\/media?parent=340550"}],"wp:term":[{"taxonomy":"category","embeddable":true,"href":"https:\/\/www.europesays.com\/fr\/wp-json\/wp\/v2\/categories?post=340550"},{"taxonomy":"post_tag","embeddable":true,"href":"https:\/\/www.europesays.com\/fr\/wp-json\/wp\/v2\/tags?post=340550"}],"curies":[{"name":"wp","href":"https:\/\/api.w.org\/{rel}","templated":true}]}}