{"id":340553,"date":"2025-08-24T12:10:10","date_gmt":"2025-08-24T12:10:10","guid":{"rendered":"https:\/\/www.europesays.com\/fr\/340553\/"},"modified":"2025-08-24T12:10:10","modified_gmt":"2025-08-24T12:10:10","slug":"ce-nest-pas-le-sujet-anne-claire-coudray-recadree-sechement-par-son-invite-a-peine-rentree-de-vacances","status":"publish","type":"post","link":"https:\/\/www.europesays.com\/fr\/340553\/","title":{"rendered":"\u00ab\u00a0Ce n\u2019est pas le sujet !\u00a0\u00bb, Anne-Claire Coudray recadr\u00e9e s\u00e8chement par son invit\u00e9, \u00e0 peine rentr\u00e9e de vacances"},"content":{"rendered":"<p>\u00c0 peine de retour de vacances, <strong><a href=\"https:\/\/www.public.fr\/anne-claire-coudray-remplace-audrey-crespo-mara-en-urgence-et-repousse-ses-vacances-dete-faut-il-sinquieter\" target=\"_blank\" rel=\"noopener\">Anne-Claire Coudray<\/a><\/strong> a interview\u00e9 un invit\u00e9 qui n&rsquo;avait pas sa langue dans la poche. Ce samedi, la journaliste phare de TF1 a pos\u00e9 une question qui d\u00e9range \u00e0 <strong>Jean-Luc M\u00e9lenchon<\/strong> en direct dans le 13 Heures.<\/p>\n<p>La pr\u00e9sentatrice a abord\u00e9 le <strong>sujet du refus d\u2019accr\u00e9ditation d\u2019un journaliste du Monde aux universit\u00e9s d\u2019\u00e9t\u00e9 de LFI<\/strong>. L&rsquo;\u00e9change a rapidement tourn\u00e9 court.<\/p>\n<p>Jean-Luc M\u00e9lenchon met les points sur les i \u00e0 Anne-Claire Coudray<\/p>\n<p>\u00ab Vous parliez de consentement des peuples<a href=\"https:\/\/www.public.fr\/raquel-garrido-atomise-jean-luc-melenchon-et-laccuse-detre-violent\" target=\"_blank\" rel=\"noopener\"> Jean-Luc M\u00e9lenchon<\/a>, j\u2019avais quand m\u00eame une question franco-fran\u00e7aise \u00e0 vous poser\u00a0: pour ces universit\u00e9s d\u2019\u00e9t\u00e9, vous avez \u00e9t\u00e9 <strong>vivement critiqu\u00e9<\/strong>, y compris par vos amis de gauche, vous avez <strong>refus\u00e9 l\u2019accr\u00e9ditation \u00e0 un journaliste du Monde <\/strong>qui est l\u2019auteur d\u2019un livre sur votre mouvement la France Insoumise, la <strong>libert\u00e9 de la presse n\u2019est pas un principe sacr\u00e9 en d\u00e9mocratie<\/strong>\u00a0et franchement de quoi aviez-vous peur ? \u00bb, a lanc\u00e9 Anne-Claire Coudray. <\/p>\n<p>Face \u00e0 cette question, l\u2019ancien candidat \u00e0 la pr\u00e9sidentielle ne s&rsquo;est pas d\u00e9mont\u00e9, comme toujours. Jean-Luc M\u00e9lenchon a imm\u00e9diatement recadr\u00e9 : \u00ab Nous<strong> n\u2019avons en g\u00e9n\u00e9ral peur de rien<\/strong> et certainement pas de la presse ni de ses critiques vu que toute la presse nous critique tout le temps. Donc, c<strong>e n&rsquo;est pas \u00e7a le sujet. <\/strong>\u00bb. <\/p>\n<p>Le leader de <strong>La France Insoumise<\/strong> ne s\u2019est pas arr\u00eat\u00e9 l\u00e0. Il a expliqu\u00e9 que son mouvement avait refus\u00e9 la pr\u00e9sence du journaliste <strong>Olivier P\u00e9rou<\/strong>, coauteur du livre La Meute, consacr\u00e9 aux coulisses de LFI. Pour lui, l\u2019ouvrage est une attaque injuste : \u00ab <strong>Un livre qui explique que nous sommes une secte<\/strong>, alors que nous sommes le premier parti parlementaire de la gauche \u00e0 l\u2019Assembl\u00e9e, qui met en cause nos vies priv\u00e9es, qui ne respecte pas le principe du contradictoire \u00bb. Jean-Luc M\u00e9lenchon est rest\u00e9 inflexible : \u00ab Nous <strong>avons le droit de refuser la personne qui est responsable<\/strong> \u00bb. Voil\u00e0 qui est dit et qui r\u00e9pond fermement \u00e0 la question de la journaliste.<\/p>\n<p>Un retour tendu pour Anna Claire Coudray<\/p>\n<p>L&rsquo;homme politique rappelle que <strong>70 journalistes ont \u00e9t\u00e9 accr\u00e9dit\u00e9s<\/strong> pour couvrir l\u2019\u00e9v\u00e9nement. Mais l\u2019absence du reporter du Monde a fait grand bruit, d\u2019autant que plusieurs soci\u00e9t\u00e9s de journalistes se sont indign\u00e9es : \u00ab Il <strong>n\u2019appartient pas aux partis politiques de choisir les journalistes qui assistent \u00e0 leurs r\u00e9unions<\/strong> (\u2026) Il s\u2019agit d\u2019une atteinte grave au droit d\u2019informer \u00bb.<\/p>\n<p>Voil\u00e0, Anne-Claire Coudray est bel et bien de retour dans la jungle politique. Apr\u00e8s cet \u00e9change tendu, elle peut <strong>attaquer la rentr\u00e9e de pied ferme.<\/strong><\/p>\n<p>      Mentionn\u00e9s dans cet article<\/p>\n<p>      Sur le m\u00eame sujet<\/p>\n","protected":false},"excerpt":{"rendered":"\u00c0 peine de retour de vacances, Anne-Claire Coudray a interview\u00e9 un invit\u00e9 qui n&rsquo;avait pas sa langue dans&hellip;\n","protected":false},"author":2,"featured_media":340554,"comment_status":"","ping_status":"","sticky":false,"template":"","format":"standard","meta":{"footnotes":""},"categories":[1359],"tags":[27438,58,59,1011,27,3081,973,199],"class_list":{"0":"post-340553","1":"post","2":"type-post","3":"status-publish","4":"format-standard","5":"has-post-thumbnail","7":"category-people","8":"tag-anne-claire-coudray","9":"tag-divertissement","10":"tag-entertainment","11":"tag-fr","12":"tag-france","13":"tag-jean-luc-melenchon","14":"tag-people","15":"tag-tf1"},"share_on_mastodon":{"url":"https:\/\/pubeurope.com\/@fr\/115083675096543853","error":""},"_links":{"self":[{"href":"https:\/\/www.europesays.com\/fr\/wp-json\/wp\/v2\/posts\/340553","targetHints":{"allow":["GET"]}}],"collection":[{"href":"https:\/\/www.europesays.com\/fr\/wp-json\/wp\/v2\/posts"}],"about":[{"href":"https:\/\/www.europesays.com\/fr\/wp-json\/wp\/v2\/types\/post"}],"author":[{"embeddable":true,"href":"https:\/\/www.europesays.com\/fr\/wp-json\/wp\/v2\/users\/2"}],"replies":[{"embeddable":true,"href":"https:\/\/www.europesays.com\/fr\/wp-json\/wp\/v2\/comments?post=340553"}],"version-history":[{"count":0,"href":"https:\/\/www.europesays.com\/fr\/wp-json\/wp\/v2\/posts\/340553\/revisions"}],"wp:featuredmedia":[{"embeddable":true,"href":"https:\/\/www.europesays.com\/fr\/wp-json\/wp\/v2\/media\/340554"}],"wp:attachment":[{"href":"https:\/\/www.europesays.com\/fr\/wp-json\/wp\/v2\/media?parent=340553"}],"wp:term":[{"taxonomy":"category","embeddable":true,"href":"https:\/\/www.europesays.com\/fr\/wp-json\/wp\/v2\/categories?post=340553"},{"taxonomy":"post_tag","embeddable":true,"href":"https:\/\/www.europesays.com\/fr\/wp-json\/wp\/v2\/tags?post=340553"}],"curies":[{"name":"wp","href":"https:\/\/api.w.org\/{rel}","templated":true}]}}