{"id":340557,"date":"2025-08-24T12:12:14","date_gmt":"2025-08-24T12:12:14","guid":{"rendered":"https:\/\/www.europesays.com\/fr\/340557\/"},"modified":"2025-08-24T12:12:14","modified_gmt":"2025-08-24T12:12:14","slug":"un-nouveau-roman-dolivier-adam-sur-lamitie-et-ses-secrets","status":"publish","type":"post","link":"https:\/\/www.europesays.com\/fr\/340557\/","title":{"rendered":"Un nouveau roman d&rsquo;Olivier Adam sur l\u2019amiti\u00e9 et ses secrets"},"content":{"rendered":"<p><strong>Pour ses 50 ans, l\u2019\u00e9crivain fran\u00e7ais Olivier Adam nous offre une tr\u00e8s belle histoire d\u2019amiti\u00e9 qui ne manque pas de faire r\u00e9fl\u00e9chir.<\/strong><\/p>\n<p class=\"toreadalso-fromEMP\"><strong>\u2022 \u00c0 lire aussi: <\/strong><a href=\"https:\/\/www.journaldemontreal.com\/2025\/08\/17\/voici-10-grands-classiques-quon-peut-lire-ou-bien-regarder\" target=\"7a318a85-487b-4088-904b-1cebac0e0b0a\" rel=\"nofollow noopener\"><strong>Voici 10 grands classiques qu&rsquo;on peut lire ou bien regarder<\/strong><\/a><\/p>\n<p>Tous les 10 ans environ, l\u2019\u00e9crivain fran\u00e7ais Olivier Adam se fixe une esp\u00e8ce de rendez-vous avec lui-m\u00eame et ses lecteurs.\u00a0<\/p>\n<p>\u00abAu passage de mes dizaines \u00e0 moi, donc \u00e0 mes 30 ans, mes 40 ans et maintenant mes 50 ans, j\u2019aime partir sur l\u2019id\u00e9e d\u2019un livre qui, au-del\u00e0 de l\u2019histoire, soit aussi une forme d\u2019\u00e9tat des lieux de quelque chose, explique-t-il. \u00c0 30 ans, j\u2019ai fait Falaises, qui \u00e9tait un peu le portrait d\u2019une g\u00e9n\u00e9ration, la g\u00e9n\u00e9ration Kurt Cobain. Pour mes 40 ans, j\u2019ai fait Les lisi\u00e8res, qui \u00e9tait l\u2019\u00e9tat des lieux d\u2019une soci\u00e9t\u00e9 peu repr\u00e9sent\u00e9e politiquement ou artistiquement et qui commen\u00e7ait \u00e0 bouillir de se sentir non repr\u00e9sent\u00e9e. \u00c7a a d\u00e9bouch\u00e9 sur la mont\u00e9e du populisme, de l\u2019extr\u00eame droite et de l\u2019adh\u00e9sion des classes populaires \u00e0 ces mouvements, ce qui \u00e0 l\u2019\u00e9poque \u00e9tait mal document\u00e9 et que j\u2019ai travaill\u00e9 assez t\u00f4t. Puis l\u00e0, pour mes 50 ans, je voulais faire \u00e0 nouveau une sorte d\u2019\u00e9tat des lieux, et j\u2019ai tout de suite eu l\u2019id\u00e9e de travailler sur un truc plus r\u00e9trospectif.\u00bb<\/p>\n<p>Une id\u00e9e qu\u2019on pourrait qualifier d\u2019excellente, puisqu\u2019elle a rencontr\u00e9 un r\u00eave de roman qu\u2019il portait depuis longtemps en lui: raconter l\u2019histoire au long cours de trois amis li\u00e9s depuis l\u2019enfance par deux choses.\u00a0<\/p>\n<p>\u00abTout d\u2019abord, une esp\u00e8re de pacte secret \u00e0 la vie \u00e0 la mort, pr\u00e9cise Olivier Adam. Ensuite, qu\u2019ils grandissent exactement au m\u00eame endroit dans des maisons parfaitement identiques, qu\u2019ils fr\u00e9quentent les m\u00eames \u00e9coles et qu\u2019ils aient des parents issus du m\u00eame milieu social, avec le m\u00eame bagage culturel, \u00e9conomique, etc.\u00bb<\/p>\n<p>  <strong>S\u2019arracher \u00e0 ses racines<\/strong><\/p>\n<p>En 1985, \u00e0 l\u2019\u00e2ge de 10 ans, Paul quittera ainsi le quartier qu\u2019il a toujours connu \u00e0 Vigneux-sur-Seine, en banlieue de Paris, pour s\u2019installer dans un plus beau quartier. Ce n\u2019est pas tr\u00e8s jojo \u00e0 dire, mais sa m\u00e8re en avait marre de vivre avec les pauvres et les Arabes&#8230; Bref, direction all\u00e9e des Sycomores, dans une autre banlieue pavillonnaire des environs de Paris.\u00a0<\/p>\n<p>L\u00e0, Paul va faire la connaissance de Sarah et d\u2019Alex, qui habitent juste en face de chez lui. Tous trois ont 10 ans, tous trois s\u2019ennuient ferme \u00e0 la maison apr\u00e8s les classes. Alors assez rapidement, ils vont devenir les meilleurs amis du monde. Et ensemble, ils vont faire toutes sortes de choses: jouer au foot, aller nager, regarder des films, se promener dans la r\u00e9gion en bicross. Ils vont aussi faire quelques b\u00eatises, et l\u2019une d\u2019elles les hantera jusqu\u2019\u00e0 la fin de leurs jours.<\/p>\n<p>\u00abJ\u2019avais donc cet itin\u00e9raire d\u2019amiti\u00e9 au long cours, mais aussi, comme toujours chez moi, je tenais \u00e0 ce qu\u2019il y ait une approche plus sociale ou sociologique, poursuit Olivier Adam. Trois enfants des lotissements pavillonnaires un peu bas de gamme en banlieue parisienne qui ont des aspirations, des r\u00eaves, et comment ils vont ou non parvenir \u00e0 se d\u00e9sassigner, comment ils vont ou non parvenir \u00e0 contourner la reproduction sociale et les d\u00e9terminismes sociaux pour faire ce qu\u2019ils ont envie de faire, sachant qu\u2019ils viennent de l\u2019endroit le plus commun de la France, mais qu\u2019eux ne le sont pas, communs. Car leurs aspirations seront un peu diff\u00e9rentes de leurs camarades, sans doute \u00e0 cause de ce qu\u2019ils ont v\u00e9cu de particulier autour de ce secret&#8230;\u00bb<\/p>\n<p>  <strong>Un champ de mines<\/strong><\/p>\n<p>De ce secret, on ne dira rien. En revanche, on peut ajouter sans probl\u00e8me qu\u2019on suivra ce trio d\u2019amis jusqu\u2019en 2025. \u00c0 tour de r\u00f4le, Paul et Sarah d\u00e9rouleront le fil de leurs souvenirs, ceux qui rapprochent, ceux qui blessent et ceux qu\u2019on pr\u00e9f\u00e9rerait oublier. Et au c\u0153ur de leurs \u00e9changes, il y aura bien s\u00fbr l\u2019insaisissable Alex.<\/p>\n<p>\u00abMettre l\u2019amiti\u00e9 \u00e0 ce point au centre de nos vies est relativement r\u00e9cent, souligne Olivier Adam. Avant, dans les classes populaires et moyennes, la vie tournait autour du travail et de la famille \u2013 les oncles, les cousins, les fr\u00e8res et s\u0153urs&#8230; Aujourd\u2019hui, les amis sont presque \u00e0 \u00e9galit\u00e9 avec la famille dans nos pr\u00e9occupations quotidiennes. Ma g\u00e9n\u00e9ration et celles qui suivent ont beaucoup mis l\u2019amiti\u00e9 sur un pi\u00e9destal, presque en nous expliquant que la famille pouvait \u00eatre toxique avec ses mensonges, ses non-dits, etc. Moi, ce qui m\u2019int\u00e9resse quand je me penche sur un sujet en particulier, c\u2019est d\u2019aller rectifier les choses et d\u2019aller voir vraiment ce qu\u2019il en est. Et ce qu\u2019il en est, eh bien, c\u2019est que c\u2019est compl\u00e8tement faux! Dans l\u2019amiti\u00e9, il y a autant de non-dits, de mensonges, de trahisons ou de jalousie. C\u2019est ce que le livre illustre en partie.\u00bb<\/p>\n<p>Bref, il d\u00e9monte l\u2019id\u00e9e qu\u2019un ami, c\u2019est forc\u00e9ment pour la vie et toujours du bon c\u00f4t\u00e9&#8230;<\/p>\n<p>                <a class=\"fancybox\" rel=\"group nofollow noopener\" href=\"https:\/\/m1.quebecormedia.com\/emp\/emp\/01809_18481865bb201b-f4e0-4a40-9a4c-ff767eb3c75f_ORIGINAL.jpg?impolicy=crop-resize&amp;x=0&amp;y=0&amp;w=843&amp;h=1280&amp;width=1400\" target=\"_blank\"><\/p>\n<p>                  <img decoding=\"async\"  src=\"https:\/\/www.europesays.com\/fr\/wp-content\/uploads\/2025\/08\/01809_18481865bb201b-f4e0-4a40-9a4c-ff767eb3c75f_ORIGINAL.jpg\" class=\"story-img\" alt=\"\"\/><br \/>\n                <\/a><\/p>\n<p>                    Photo fournie par les \u00c9ditions Flammarion<\/p>\n<p><strong>Et toute la vie devant nous<\/strong><br \/><strong>Olivier Adam<\/strong><br \/><strong>\u00c9ditions Flammarion<\/strong><br \/><strong>320 pages<\/strong><\/p>\n","protected":false},"excerpt":{"rendered":"Pour ses 50 ans, l\u2019\u00e9crivain fran\u00e7ais Olivier Adam nous offre une tr\u00e8s belle histoire d\u2019amiti\u00e9 qui ne manque&hellip;\n","protected":false},"author":2,"featured_media":340558,"comment_status":"","ping_status":"","sticky":false,"template":"","format":"standard","meta":{"footnotes":""},"categories":[1357],"tags":[1379,58,59,1011,27,1380],"class_list":{"0":"post-340557","1":"post","2":"type-post","3":"status-publish","4":"format-standard","5":"has-post-thumbnail","7":"category-livres","8":"tag-books","9":"tag-divertissement","10":"tag-entertainment","11":"tag-fr","12":"tag-france","13":"tag-livres"},"share_on_mastodon":{"url":"https:\/\/pubeurope.com\/@fr\/115083683029798806","error":""},"_links":{"self":[{"href":"https:\/\/www.europesays.com\/fr\/wp-json\/wp\/v2\/posts\/340557","targetHints":{"allow":["GET"]}}],"collection":[{"href":"https:\/\/www.europesays.com\/fr\/wp-json\/wp\/v2\/posts"}],"about":[{"href":"https:\/\/www.europesays.com\/fr\/wp-json\/wp\/v2\/types\/post"}],"author":[{"embeddable":true,"href":"https:\/\/www.europesays.com\/fr\/wp-json\/wp\/v2\/users\/2"}],"replies":[{"embeddable":true,"href":"https:\/\/www.europesays.com\/fr\/wp-json\/wp\/v2\/comments?post=340557"}],"version-history":[{"count":0,"href":"https:\/\/www.europesays.com\/fr\/wp-json\/wp\/v2\/posts\/340557\/revisions"}],"wp:featuredmedia":[{"embeddable":true,"href":"https:\/\/www.europesays.com\/fr\/wp-json\/wp\/v2\/media\/340558"}],"wp:attachment":[{"href":"https:\/\/www.europesays.com\/fr\/wp-json\/wp\/v2\/media?parent=340557"}],"wp:term":[{"taxonomy":"category","embeddable":true,"href":"https:\/\/www.europesays.com\/fr\/wp-json\/wp\/v2\/categories?post=340557"},{"taxonomy":"post_tag","embeddable":true,"href":"https:\/\/www.europesays.com\/fr\/wp-json\/wp\/v2\/tags?post=340557"}],"curies":[{"name":"wp","href":"https:\/\/api.w.org\/{rel}","templated":true}]}}