{"id":340559,"date":"2025-08-24T12:13:20","date_gmt":"2025-08-24T12:13:20","guid":{"rendered":"https:\/\/www.europesays.com\/fr\/340559\/"},"modified":"2025-08-24T12:13:20","modified_gmt":"2025-08-24T12:13:20","slug":"letoile-mysterieuse-daout-2025-est-decouverte","status":"publish","type":"post","link":"https:\/\/www.europesays.com\/fr\/340559\/","title":{"rendered":"L&rsquo;\u00c9toile myst\u00e9rieuse d&rsquo;ao\u00fbt 2025 est d\u00e9couverte !"},"content":{"rendered":"<p>\u00c7a y est ! Ce dimanche 24 ao\u00fbt 2025, Jean-Luc Reichmann a pu f\u00e9liciter l&rsquo;actuel Ma\u00eetre de midi des 12 coups de midi sur TF1, qui a enfin pu remporter l&rsquo;\u00c9toile myst\u00e9rieuse du jeu. Voil\u00e0 quelques jours que l&rsquo;identit\u00e9 de la c\u00e9l\u00e8bre personnalit\u00e9 cach\u00e9e \u00e9taient connue autant des t\u00e9l\u00e9spectateurs que des candidats. \u00c0 cela pr\u00e8s qu&rsquo;aucun \u00ab\u00a0Coup de ma\u00eetre\u00a0\u00bb n&rsquo;avait \u00e9t\u00e9 r\u00e9alis\u00e9 sans bavure, et donc qu&rsquo;aucun nom n&rsquo;avait pu \u00eatre propos\u00e9 \u00e0 l&rsquo;animateur.<\/p>\n<p>Un vent de changement souffle sur le plateau des 12 coups de midi. Depuis <a href=\"https:\/\/www.programme-tv.net\/news\/tv\/382426-coup-de-theatre-emilien-elimine-des-12-coups-de-midi-apres-646-victoires-je-n-avais-pas-les-reponses\/\" data-api-deeplink=\"teleloisirs:\/\/news\/382426\" target=\"_blank\" rel=\"noopener\">l&rsquo;\u00e9limination d&rsquo;\u00c9milien<\/a> le dimanche 6 juillet dernier, plus grand vainqueur du jeu quotidien diffus\u00e9 sur TF1, une v\u00e9ritable palanqu\u00e9e de Ma\u00eetres de midi s&rsquo;est succ\u00e9d\u00e9 face \u00e0 l&rsquo;animateur Jean-Luc Reichmann. Et <b>tous n&rsquo;ont pas eu le m\u00eame talent que le jeune vend\u00e9en pour d\u00e9masquer les personnalit\u00e9s cach\u00e9es<\/b> derri\u00e8re des petites cases bleues en fin d&rsquo;\u00e9mission. Pour rappel, il en a d\u00e9couvert pas moins de 23 lors de son r\u00e8gne. Apr\u00e8s son d\u00e9part, une seule \u00c9toile myst\u00e9rieuse avait \u00e9t\u00e9 trouv\u00e9e, <a href=\"https:\/\/www.programme-tv.net\/news\/tv\/383810-les-12-coups-de-midi-la-premiere-etoile-mysterieuse-depuis-le-depart-d-emilien-est-decouverte-par-melvin\/\" data-api-deeplink=\"teleloisirs:\/\/news\/383810\" target=\"_blank\" rel=\"noopener\">par Melvin, le 23 juillet dernier<\/a>. Un mois plus tard, presque jour pour jour, un deuxi\u00e8me Ma\u00eetre de midi a enfin r\u00e9ussi \u00e0 d\u00e9crocher l&rsquo;\u00c9toile en jeu.<\/p>\n<p>Les 12 coups de midi : Virginie Efira se cachait derri\u00e8re l&rsquo;\u00c9toile myst\u00e9rieuse d&rsquo;ao\u00fbt 2025<\/p>\n<p>L&rsquo;identit\u00e9 de la c\u00e9l\u00e9brit\u00e9 \u00e0 retrouver dans Les 12 coups de midi \u00e9tait pourtant connue de tous depuis le vendredi 22 ao\u00fbt sur TF1. Il s&rsquo;agissait de la com\u00e9dienne d&rsquo;origine belge, qui jouit d&rsquo;un \u00e9norme succ\u00e8s en France\u00a0: Virginie Efira. <b>Plusieurs indices sur cette \u00c9toile myst\u00e9rieuse \u2013\u00a0pas franchement \u00e9vidents\u00a0\u2013 n&rsquo;avaient pas aid\u00e9 les Ma\u00eetres de midi \u00e0 trouver son identit\u00e9<\/b> et il avait fallu attendre que <a href=\"https:\/\/www.programme-tv.net\/news\/tv\/385872-les-12-coups-de-midi-la-personnalite-de-l-etoile-mysterieuse-d-aout-2025-est-devoilee-decouvrez-de-qui-il-s-agit\/\" data-api-deeplink=\"teleloisirs:\/\/news\/385872\" target=\"_blank\" rel=\"noopener\">son visage soit int\u00e9gralement d\u00e9voil\u00e9<\/a> et que l&rsquo;un d&rsquo;entre eux r\u00e9alise un \u00ab\u00a0Coup de ma\u00eetre\u00a0\u00bb parfait pour proposer son nom. La piscine olympique, la paire de ciseaux, la chauve-souris, le scooter rose et les bougies faisaient r\u00e9f\u00e9rence \u00e0 plusieurs longs-m\u00e9trages dans lesquels Virginie Efira a jou\u00e9, respectivement <a href=\"https:\/\/www.programme-tv.net\/news\/cinema\/239714-le-grand-bain-pourquoi-benoit-poelvoorde-a-t-il-failli-abandonner-le-film-de-gilles-lellouche\/\" data-api-deeplink=\"teleloisirs:\/\/news\/239714\" target=\"_blank\" rel=\"noopener\">Le Grand Bain<\/a>, Adieu les cons, H\u00f4tel Transylvanie, <a href=\"https:\/\/www.programme-tv.net\/news\/cinema\/333122-20-ans-decart-virginie-efira-et-pierre-niney-ont-ils-vraiment-20-ans-de-difference-dage\/\" data-api-deeplink=\"teleloisirs:\/\/news\/333122\" target=\"_blank\" rel=\"noopener\">20 ans d&rsquo;\u00e9cart<\/a> et <a href=\"https:\/\/www.programme-tv.net\/news\/evenement\/cesar-cesar-2022\/294765-cesar-2022-benedetta-la-veritable-et-triste-histoire-de-cette-nonne-lesbienne-et-mystique-du-17e-siecle\/\" data-api-deeplink=\"teleloisirs:\/\/news\/294765\" target=\"_blank\" rel=\"noopener\">Benedetta<\/a>. Le carr\u00e9 d&rsquo;as \u00e9tait un clin d&rsquo;\u0153il \u00e0 sa passion pour le poker, la biche renvoyait \u00e0 <a href=\"https:\/\/www.programme-tv.net\/news\/cinema\/339918-rendez-vous-en-terre-inconnue-virginie-efira-a-decroche-le-role-de-ce-film-qui-cartonne-sur-netflix-grace-a-lemission\/\" data-api-deeplink=\"teleloisirs:\/\/news\/339918\" target=\"_blank\" rel=\"noopener\">sa participation \u00e0 Rendez-vous en terre inconnue<\/a> en 2010, tandis que la t\u00e9l\u00e9vision rappelait <a href=\"https:\/\/www.programme-tv.net\/news\/tv\/319562-exclu-nouvelle-star-virginie-efira-et-julien-dore-se-retrouvent-16-ans-apres-leur-rencontre-pour-une-surprise-totalement-insolite-video\/\" data-api-deeplink=\"teleloisirs:\/\/news\/319562\" target=\"_blank\" rel=\"noopener\">son pass\u00e9 d&rsquo;animatrice<\/a>.<\/p>\n<p>                        Thomas remporte sa premi\u00e8re \u00e9toile myst\u00e9rieuse dans Les 12 coups de midi<\/p>\n<p>Enfin ! Ce dimanche 24 ao\u00fbt 2025, l&rsquo;actuel Ma\u00eetre des 12 coups de midi, <b>Thomas<\/b>, a r\u00e9ussi \u00e0 encha\u00eener cinq bonnes r\u00e9ponses lors du \u00ab\u00a0Coup de ma\u00eetre\u00a0\u00bb. C&rsquo;est donc sans grande difficult\u00e9 qu&rsquo;il a propos\u00e9 \u00e0 Jean-Luc Reichmann le nom de <a href=\"https:\/\/www.programme-tv.net\/biographie\/10054-efira-virginie\/\" data-link-people=\"fe7c7b05-7ae4-48cf-bf56-23ca9f26b17e\" target=\"_blank\" rel=\"noopener\">Virginie Efira<\/a>, apr\u00e8s avoir regard\u00e9 l&rsquo;\u00c9toile myst\u00e9rieuse pendant cinq secondes. Le candidat, qui reviendra le lendemain pour disputer son titre, remporte donc 37\u00a0451 euros de cadeaux. Chapeau !<\/p>\n","protected":false},"excerpt":{"rendered":"\u00c7a y est ! Ce dimanche 24 ao\u00fbt 2025, Jean-Luc Reichmann a pu f\u00e9liciter l&rsquo;actuel Ma\u00eetre de midi&hellip;\n","protected":false},"author":2,"featured_media":340560,"comment_status":"","ping_status":"","sticky":false,"template":"","format":"standard","meta":{"footnotes":""},"categories":[1356],"tags":[244,58,59,1011,27,465,8050,252,199,1364,27152],"class_list":{"0":"post-340559","1":"post","2":"type-post","3":"status-publish","4":"format-standard","5":"has-post-thumbnail","7":"category-television","8":"tag-commentaire","9":"tag-divertissement","10":"tag-entertainment","11":"tag-fr","12":"tag-france","13":"tag-jean-luc-reichmann","14":"tag-les-douze-coups-de-midi","15":"tag-television","16":"tag-tf1","17":"tag-tv","18":"tag-u00e9toile-mystu00e9rieuse"},"share_on_mastodon":{"url":"https:\/\/pubeurope.com\/@fr\/115083686951605577","error":""},"_links":{"self":[{"href":"https:\/\/www.europesays.com\/fr\/wp-json\/wp\/v2\/posts\/340559","targetHints":{"allow":["GET"]}}],"collection":[{"href":"https:\/\/www.europesays.com\/fr\/wp-json\/wp\/v2\/posts"}],"about":[{"href":"https:\/\/www.europesays.com\/fr\/wp-json\/wp\/v2\/types\/post"}],"author":[{"embeddable":true,"href":"https:\/\/www.europesays.com\/fr\/wp-json\/wp\/v2\/users\/2"}],"replies":[{"embeddable":true,"href":"https:\/\/www.europesays.com\/fr\/wp-json\/wp\/v2\/comments?post=340559"}],"version-history":[{"count":0,"href":"https:\/\/www.europesays.com\/fr\/wp-json\/wp\/v2\/posts\/340559\/revisions"}],"wp:featuredmedia":[{"embeddable":true,"href":"https:\/\/www.europesays.com\/fr\/wp-json\/wp\/v2\/media\/340560"}],"wp:attachment":[{"href":"https:\/\/www.europesays.com\/fr\/wp-json\/wp\/v2\/media?parent=340559"}],"wp:term":[{"taxonomy":"category","embeddable":true,"href":"https:\/\/www.europesays.com\/fr\/wp-json\/wp\/v2\/categories?post=340559"},{"taxonomy":"post_tag","embeddable":true,"href":"https:\/\/www.europesays.com\/fr\/wp-json\/wp\/v2\/tags?post=340559"}],"curies":[{"name":"wp","href":"https:\/\/api.w.org\/{rel}","templated":true}]}}