{"id":340561,"date":"2025-08-24T12:14:12","date_gmt":"2025-08-24T12:14:12","guid":{"rendered":"https:\/\/www.europesays.com\/fr\/340561\/"},"modified":"2025-08-24T12:14:12","modified_gmt":"2025-08-24T12:14:12","slug":"grosse-rentree-pour-fun-radio-ln-radio-plus-matinale","status":"publish","type":"post","link":"https:\/\/www.europesays.com\/fr\/340561\/","title":{"rendered":"Grosse rentr\u00e9e pour Fun Radio, LN Radio plus matinale"},"content":{"rendered":"<p class=\"ap-StoryElement ap-StoryElement--mb ap-StoryText\">La rentr\u00e9e t\u00e9l\u00e9 et radio est mouvement\u00e9e cette ann\u00e9e. M\u00eame si les mouvements ne sont pas aussi impressionnants qu&rsquo;en France, le mercato a \u00e9t\u00e9 anim\u00e9 et pas mal de nouvelles t\u00eates et de nouvelles voix sont \u00e0 d\u00e9couvrir sur les diff\u00e9rents m\u00e9dias. C&rsquo;est le cas, par exemple, pour les deux radios du groupe IPM (\u00e9diteur de La Derni\u00e8re Heure\/Les Sports, Libre Belgique, L&rsquo;Avenir, Paris Match et Moustique).<\/p>\n<p class=\"ap-StoryElement ap-StoryElement--mb ap-StoryText\">L\u00e0 o\u00f9 les choses bougent le plus, c&rsquo;est sur Fun Radio. \u00ab\u00a0C&rsquo;est une tr\u00e8s grosse rentr\u00e9e avec beaucoup de challenges, explique Lloyd Byloos, le directeur g\u00e9n\u00e9ral des radios IPM. Je suis content de cette nouvelle grille et de sa coh\u00e9rence. C&rsquo;est le retour de la musique et de l&rsquo;ADN Fun avec du divertissement.\u00a0\u00bb La station voit d\u00e9barquer Cyril Hanouna dans ce qu&rsquo;on appelle le drive, \u00e0 savoir la tranche de l&rsquo;apr\u00e8s-midi. Le trublion du PAF recrut\u00e9 par le groupe M6, animera un talk de trois heures, Tout beau, tout Fun, du lundi au vendredi sur Fun Radio en France comme en Belgique.<\/p>\n<p class=\"ap-StoryElement ap-StoryElement--mb ap-StoryText\">Cette arriv\u00e9e annonc\u00e9e, qu&rsquo;allait-il advenir de <a href=\"https:\/\/www.dhnet.be\/medias\/television\/2025\/06\/03\/bruno-guillon-succede-a-olivier-minne-sur-france-2-GBKGGWRBPJCU3IFKO72AVPYCOA\/\" target=\"_self\" rel=\"noopener\">Bruno Guillon<\/a> qui animait jusqu&rsquo;\u00e0 pr\u00e9sent la matinale de Fun Radio ? L&rsquo;animateur avait pr\u00e9venu : il ne partagerait pas <a href=\"https:\/\/www.dhnet.be\/medias\/television\/2025\/08\/19\/le-mec-est-aussi-puissant-quune-chaine-de-tele-le-nouveau-chroniqueur-de-cyril-hanouna-jerome-anthony-se-confie-a-la-dh-VJ5IUMBTDRBCLDTTJTRCUAVCVU\/\" target=\"_self\" rel=\"noopener\">l&rsquo;antenne avec Baba<\/a>. L&rsquo;\u00e9t\u00e9 a manifestement port\u00e9 conseil et Bruno Guillon sera bien aux commandes de la tranche matinale de Fun Radio chez nos voisins comme chez nous. Il sera \u00e0 l&rsquo;antenne de 6h \u00e0 10h.<\/p>\n<p class=\"ap-StoryElement ap-StoryElement--mb ap-StoryText\">Toujours sur Fun Radio Belgique, on note l&rsquo;arriv\u00e9e d&rsquo;Ivan et sa bande qui animeront le d\u00e9but de soir\u00e9e avec Ivan sur Fun Radio. Ce sera \u00e0 suivre de 18h \u00e0 20h. Ivan l&rsquo;a promis, il faut s&rsquo;attendre \u00e0 beaucoup de fun et \u00e0 un esprit tr\u00e8s d\u00e9cal\u00e9.<\/p>\n<p class=\"ap-StoryElement ap-StoryElement--mb ap-StoryText\">Notons encore la pr\u00e9sence de Simon et Jeanne de 10h \u00e0 midi avec un nouveau talk de fin de matin\u00e9e, \u00e9galement sur Fun Radio. Et une promesse musicale pour tous les week-ends : celle de musique non-stop, sans pub, les samedis et dimanches entre 0h11 et 0h51.<\/p>\n<p><a href=\"https:\/\/www.dhnet.be\/medias\/divers\/2025\/01\/06\/divertir-informer-nouveau-site-et-app-flambant-neuve-ln-radio-fait-peau-neuve-en-2025-PEUPUPUS3ZAF5FT3H7U6GGCCKM\/\" target=\"_blank\" rel=\"noopener noreferrer\" class=\"ap-StoryInterstitialLink ap-StoryElement ap-StoryElement--mb\">Divertir, informer, nouveau site et &lsquo;app&rsquo; flambant neuve : LN Radio fait peau neuve en 2025<\/a>LN Radio sur le pont d\u00e8s 6h<\/p>\n<p class=\"ap-StoryElement ap-StoryElement--mb ap-StoryText\">Il y a beaucoup moins de changements sur LN Radio, l&rsquo;autre station propri\u00e9t\u00e9 du groupe IPM. Le plus important concerne la matinale qui ne d\u00e9butera plus \u00e0 6 h 30 mais \u00e0 6h, avec une revue de la presse assur\u00e9e \u00e0 6 h 15 par Maxime Binet qui reste \u00e9galement en charge du Caf\u00e9 serr\u00e9, l&rsquo;interview politique du matin. LNRadio l&rsquo;aprem reste au menu de 16h \u00e0 19h.. C\u00f4t\u00e9 nouveaut\u00e9, Mikl animera une \u00e9mission musicale entre midi et 16h.<\/p>\n<p><img loading=\"lazy\" decoding=\"async\" class=\"w-full lazyload lazyload--opacity object-contain\" style=\"aspect-ratio:67 \/ 100;opacity:1\" alt=\"Emmanuel Beugnet et Doroth\u00e9e Faraon animent la matinale sur LN Radio.\" width=\"768\" height=\"1152\" fetchpriority=\"auto\" src=\"https:\/\/www.europesays.com\/fr\/wp-content\/uploads\/2025\/04\/1743819792_235_S5VKD3X55FFF3BW6V4SEHXNP7I.png\"  data- data-optimumx=\"1\"\/>Emmanuel Beugnet et Doroth\u00e9e Faraon animent la matinale sur LN Radio. \u00a9D.R.<\/p>\n","protected":false},"excerpt":{"rendered":"La rentr\u00e9e t\u00e9l\u00e9 et radio est mouvement\u00e9e cette ann\u00e9e. M\u00eame si les mouvements ne sont pas aussi impressionnants&hellip;\n","protected":false},"author":2,"featured_media":340562,"comment_status":"","ping_status":"","sticky":false,"template":"","format":"standard","meta":{"footnotes":""},"categories":[1355],"tags":[47669,17,8343,10001,58,59,2257,63,1011,27,47670,47671,17564,8346,47672,11808,151,47673,30348,45332,955,1361,873,47674,47675,40976,47676,2057,41537,38559,3213,8356,47677,8358,8359,517,31668,47678,47679,4403,47680,47681,8361,8362,8363,8364],"class_list":{"0":"post-340561","1":"post","2":"type-post","3":"status-publish","4":"format-standard","5":"has-post-thumbnail","7":"category-musique","8":"tag-tomassisk","9":"tag-17","10":"tag-bleu-et-jaune","11":"tag-brussels","12":"tag-divertissement","13":"tag-entertainment","14":"tag-foot","15":"tag-football","16":"tag-fr","17":"tag-france","18":"tag-gillis","19":"tag-gilloise","20":"tag-jupiler","21":"tag-jupiler-pro-league","22":"tag-la-vielle-dame","23":"tag-league","24":"tag-les","25":"tag-les-apaches","26":"tag-liege","27":"tag-luik","28":"tag-match","29":"tag-music","30":"tag-musique","31":"tag-rodjes","32":"tag-rouches","33":"tag-rouges","34":"tag-rouges-et-blancs","35":"tag-royal","36":"tag-royale","37":"tag-rscl","38":"tag-saint","39":"tag-saint-gilloise","40":"tag-sint","41":"tag-sint-gillis","42":"tag-soccer","43":"tag-sport","44":"tag-standard","45":"tag-standardmen","46":"tag-tomas-sisk","47":"tag-union","48":"tag-union-60","49":"tag-union-sg","50":"tag-unionistes","51":"tag-usg","52":"tag-voetbal","53":"tag-wedstrijd"},"share_on_mastodon":{"url":"","error":"Validation failed: Text character limit of 500 exceeded"},"_links":{"self":[{"href":"https:\/\/www.europesays.com\/fr\/wp-json\/wp\/v2\/posts\/340561","targetHints":{"allow":["GET"]}}],"collection":[{"href":"https:\/\/www.europesays.com\/fr\/wp-json\/wp\/v2\/posts"}],"about":[{"href":"https:\/\/www.europesays.com\/fr\/wp-json\/wp\/v2\/types\/post"}],"author":[{"embeddable":true,"href":"https:\/\/www.europesays.com\/fr\/wp-json\/wp\/v2\/users\/2"}],"replies":[{"embeddable":true,"href":"https:\/\/www.europesays.com\/fr\/wp-json\/wp\/v2\/comments?post=340561"}],"version-history":[{"count":0,"href":"https:\/\/www.europesays.com\/fr\/wp-json\/wp\/v2\/posts\/340561\/revisions"}],"wp:featuredmedia":[{"embeddable":true,"href":"https:\/\/www.europesays.com\/fr\/wp-json\/wp\/v2\/media\/340562"}],"wp:attachment":[{"href":"https:\/\/www.europesays.com\/fr\/wp-json\/wp\/v2\/media?parent=340561"}],"wp:term":[{"taxonomy":"category","embeddable":true,"href":"https:\/\/www.europesays.com\/fr\/wp-json\/wp\/v2\/categories?post=340561"},{"taxonomy":"post_tag","embeddable":true,"href":"https:\/\/www.europesays.com\/fr\/wp-json\/wp\/v2\/tags?post=340561"}],"curies":[{"name":"wp","href":"https:\/\/api.w.org\/{rel}","templated":true}]}}