{"id":340569,"date":"2025-08-24T12:18:11","date_gmt":"2025-08-24T12:18:11","guid":{"rendered":"https:\/\/www.europesays.com\/fr\/340569\/"},"modified":"2025-08-24T12:18:11","modified_gmt":"2025-08-24T12:18:11","slug":"une-ex-compagne-de-jean-imbert-depose-plainte-pour-violences-conjugales-et-sequestration","status":"publish","type":"post","link":"https:\/\/www.europesays.com\/fr\/340569\/","title":{"rendered":"Une ex-compagne de Jean Imbert d\u00e9pose plainte pour violences conjugales et s\u00e9questration"},"content":{"rendered":"<p>Lila Salet, actrice et ex-compagne de <a href=\"https:\/\/www.20minutes.fr\/societe\/4149986-20250423-nez-casse-insultes-crises-jalousie-chef-jean-imbert-accuse-violences-conjugales-quatre-ex-compagnes\" class=\"c-link c-link--is-underlined\" rel=\"nofollow noopener\" target=\"_blank\">Jean Imbert<\/a>, a d\u00e9pos\u00e9 plainte contre pour \u00ab\u00a0<a href=\"https:\/\/www.20minutes.fr\/dossier\/violences_conjugales\" class=\"c-link c-link--is-underlined\" rel=\"nofollow noopener\" target=\"_blank\">violences conjugales<\/a>\u00a0\u00bb et \u00ab\u00a0s\u00e9questration\u00a0\u00bb samedi, r\u00e9v\u00e8le <a href=\"https:\/\/www.elle.fr\/Societe\/News\/EXCLUSIF-Une-plainte-deposee-contre-Jean-Imbert-pour-violences-conjugales-et-sequestration-4375312\" rel=\"nofollow noopener\" target=\"_blank\" class=\"c-link c-link--is-underlined\">Elle<\/a>. Dans cette plainte, consult\u00e9e par le magazine, la victime d\u00e9nonce une \u00ab\u00a0relation marqu\u00e9e par des disputes et des pressions psychologiques constantes\u00a0\u00bb. Les faits se sont d\u00e9roul\u00e9s entre\u00a02012 et\u00a02013.<\/p>\n<\/p>\n<p>En avril, apr\u00e8s l\u2019enqu\u00eate du magazine Elle sur les accusations de violences des quatre ex-compagnes du gagnant de \u00ab\u00a0<a href=\"https:\/\/www.20minutes.fr\/dossier\/top_chef\" class=\"c-link c-link--is-underlined\" rel=\"nofollow noopener\" target=\"_blank\">Top Chef<\/a>\u00a0\u00bb, l\u2019actrice, devenue agente immobili\u00e8re, avait publi\u00e9 une vid\u00e9o sur Instagram, d\u00e9non\u00e7ant que \u00ab\u00a0cet homme [lui] mettait d\u2019\u00e9normes claques dans la t\u00eate\u00a0\u00bb. Et d\u2019interpeller l\u2019auteur des faits\u00a0: \u00ab\u00a0Jean Imbert, si tu passes par l\u00e0, [\u2026] arr\u00eate de minimiser les faits. Tu le sais que tu es une enflure. Tu es une enflure qui frappe les femmes.\u00a0\u00bb<\/p>\n<p>Lila Salet avait \u00ab\u00a0salu\u00e9 le courage\u00a0\u00bb d\u2019Alexandra Rosenfeld<\/p>\n<p>En d\u00e9but de semaine, <a href=\"https:\/\/www.20minutes.fr\/high-tech\/by-the-web\/4168594-20250819-sous-emprise-alexandra-rosenfeld-revele-avoir-subi-violences-part-jean-imbert\" class=\"c-link c-link--is-underlined\" rel=\"nofollow noopener\" target=\"_blank\">Alexandra Rosenfeld<\/a>, une autre ancienne compagne de Jean Imbert, qui avait t\u00e9moign\u00e9 dans Elle sous un pseudo, a pris la parole pour raconter les violences qu\u2019elle a subies. Aupr\u00e8s du <a href=\"https:\/\/www.leparisien.fr\/culture-loisirs\/tv\/le-chef-jean-imbert-accuse-de-violences-son-ex-compagne-alexandra-rosenfeld-sort-du-silence-19-08-2025-TTCZVOWE4JCRZAT7MCMOLAQXLI.php\" rel=\"nofollow noopener\" target=\"_blank\" class=\"c-link c-link--is-underlined\">Parisien<\/a>, Lila Salet avait \u00ab\u00a0salu\u00e9 son courage\u00a0\u00bb. \u00ab\u00a0Je suis tr\u00e8s fi\u00e8re d\u2019elle, de sa trajectoire. Le temps des victimes n\u2019est pas le m\u00eame pour toutes\u00a0\u00bb, a-t-elle confi\u00e9 au quotidien.<\/p>\n<p><a href=\"https:\/\/www.20minutes.fr\/dossier\/violences_conjugales\" class=\"c-link c-btn c-btn--primary\" rel=\"nofollow noopener\" target=\"_blank\">Notre dossier sur les violences conjugales<\/a><\/p>\n<p>Le chef cuisinier, accus\u00e9 de violences physiques et psychologiques par quatre ex-compagnes, continue de nier. Apr\u00e8s la publication de la miss France 2006, <a href=\"https:\/\/www.20minutes.fr\/arts-stars\/people\/4168861-20250821-representants-jean-imbert-repondent-dernier-temoignage-alexandra-rosenfeld-contre\" class=\"c-link c-link--is-underlined\" rel=\"nofollow noopener\" target=\"_blank\">l\u2019\u00e9quipe de communication<\/a> du chef du Plaza Ath\u00e9n\u00e9e, a justifi\u00e9 les faits, comme son nez cass\u00e9, par \u00ab\u00a0un coup de t\u00eate\u00a0\u00bb qui \u00ab\u00a0intervenait dans un moment de violences subies par Jean Imbert alors qu\u2019il \u00e9tait empoign\u00e9 par Alexandra et qu\u2019il s\u2019en d\u00e9gageait\u00a0\u00bb. \u00ab\u00a0Cette relation \u00e9tait insoutenable, marqu\u00e9e par les insultes et les crises\u00a0\u00bb, ont encore assur\u00e9 les repr\u00e9sentants de Jean Imbert.<\/p>\n","protected":false},"excerpt":{"rendered":"Lila Salet, actrice et ex-compagne de Jean Imbert, a d\u00e9pos\u00e9 plainte contre pour \u00ab\u00a0violences conjugales\u00a0\u00bb et \u00ab\u00a0s\u00e9questration\u00a0\u00bb samedi,&hellip;\n","protected":false},"author":2,"featured_media":340570,"comment_status":"","ping_status":"","sticky":false,"template":"","format":"standard","meta":{"footnotes":""},"categories":[8],"tags":[2594,25865,58,3170,59,1011,27,2440,973,104,492,809,7434,798,797],"class_list":{"0":"post-340569","1":"post","2":"type-post","3":"status-publish","4":"format-standard","5":"has-post-thumbnail","7":"category-divertissement","8":"tag-actrice","9":"tag-chef-cuisinier","10":"tag-divertissement","11":"tag-elle","12":"tag-entertainment","13":"tag-fr","14":"tag-france","15":"tag-instagram","16":"tag-people","17":"tag-societe","18":"tag-top-chef","19":"tag-violence","20":"tag-violences-sexuelles-et-sexistes","21":"tag-violences-conjugales","22":"tag-violences-faites-aux-femmes"},"share_on_mastodon":{"url":"https:\/\/pubeurope.com\/@fr\/115083706834537489","error":""},"_links":{"self":[{"href":"https:\/\/www.europesays.com\/fr\/wp-json\/wp\/v2\/posts\/340569","targetHints":{"allow":["GET"]}}],"collection":[{"href":"https:\/\/www.europesays.com\/fr\/wp-json\/wp\/v2\/posts"}],"about":[{"href":"https:\/\/www.europesays.com\/fr\/wp-json\/wp\/v2\/types\/post"}],"author":[{"embeddable":true,"href":"https:\/\/www.europesays.com\/fr\/wp-json\/wp\/v2\/users\/2"}],"replies":[{"embeddable":true,"href":"https:\/\/www.europesays.com\/fr\/wp-json\/wp\/v2\/comments?post=340569"}],"version-history":[{"count":0,"href":"https:\/\/www.europesays.com\/fr\/wp-json\/wp\/v2\/posts\/340569\/revisions"}],"wp:featuredmedia":[{"embeddable":true,"href":"https:\/\/www.europesays.com\/fr\/wp-json\/wp\/v2\/media\/340570"}],"wp:attachment":[{"href":"https:\/\/www.europesays.com\/fr\/wp-json\/wp\/v2\/media?parent=340569"}],"wp:term":[{"taxonomy":"category","embeddable":true,"href":"https:\/\/www.europesays.com\/fr\/wp-json\/wp\/v2\/categories?post=340569"},{"taxonomy":"post_tag","embeddable":true,"href":"https:\/\/www.europesays.com\/fr\/wp-json\/wp\/v2\/tags?post=340569"}],"curies":[{"name":"wp","href":"https:\/\/api.w.org\/{rel}","templated":true}]}}