{"id":340579,"date":"2025-08-24T12:23:12","date_gmt":"2025-08-24T12:23:12","guid":{"rendered":"https:\/\/www.europesays.com\/fr\/340579\/"},"modified":"2025-08-24T12:23:12","modified_gmt":"2025-08-24T12:23:12","slug":"lukraine-frappe-la-russie-avec-une-serie-dattaques-de-drones-le-jour-de-son-independance-liberation","status":"publish","type":"post","link":"https:\/\/www.europesays.com\/fr\/340579\/","title":{"rendered":"L\u2019Ukraine frappe la Russie avec une s\u00e9rie d\u2019attaques de drones le jour de son ind\u00e9pendance \u2013 Lib\u00e9ration"},"content":{"rendered":"<p class=\"sc-ksZaOG ehjQrN text-element\">En ce jour o\u00f9 elle c\u00e9l\u00e8bre son ind\u00e9pendance, l\u2019Ukraine a lanc\u00e9 une s\u00e9rie d\u2019attaques aux drones sur le territoire russe ce dimanche 24\u00a0ao\u00fbt, provoquant des incendies dans une centrale nucl\u00e9aire et un terminal p\u00e9trolier, alors que la perspective <a href=\"https:\/\/www.liberation.fr\/international\/europe\/negociations-pour-une-rencontre-poutine-zelensky-lordre-du-jour-nest-absolument-pas-pret-previent-lavrov-20250822_2S74KQOJW5FKZDCVAO3KXQXWP4\/\" target=\"_blank\" rel=\"noreferrer nofollow noopener\" title=\"https:\/\/www.liberation.fr\/international\/europe\/negociations-pour-une-rencontre-poutine-zelensky-lordre-du-jour-nest-absolument-pas-pret-previent-lavrov-20250822_2S74KQOJW5FKZDCVAO3KXQXWP4\/\">d\u2019une rencontre entre Vladimir Poutine et Volodymyr Zelensky s\u2019\u00e9loigne<\/a>.<\/p>\n<p class=\"sc-ksZaOG ehjQrN text-element\">Les autorit\u00e9s locales russes ont d\u00e9clar\u00e9 dans la nuit avoir intercept\u00e9 des drones ukrainiens dans des r\u00e9gions parfois loin du front comme celle de Saint-P\u00e9tersbourg (nord-ouest) ou sur la Volga.<\/p>\n<p class=\"sc-ksZaOG ehjQrN text-element\">Abattu peu apr\u00e8s minuit par la d\u00e9fense anti-a\u00e9rienne russe, l\u2019un de ces engins \u00aba explos\u00e9 et endommag\u00e9 un transformateur auxiliaire\u00bb sur le terrain de la centrale nucl\u00e9aire situ\u00e9e <a href=\"https:\/\/www.liberation.fr\/international\/europe\/a-koursk-larmee-ukrainienne-bat-en-retraite-face-aux-forces-russes-20250318_VB7YHB7DHRBTJM7TF2MWW7HNME\/\" target=\"_blank\" rel=\"noreferrer nofollow noopener\" title=\"https:\/\/www.liberation.fr\/international\/europe\/a-koursk-larmee-ukrainienne-bat-en-retraite-face-aux-forces-russes-20250318_VB7YHB7DHRBTJM7TF2MWW7HNME\/\">dans la r\u00e9gion russe frontali\u00e8re de Koursk<\/a>, a annonc\u00e9 son op\u00e9rateur sur son compte Telegram. \u00abL\u2019incendie a \u00e9t\u00e9 \u00e9teint\u00bb, a-t-elle ajout\u00e9, pr\u00e9cisant qu\u2019il n\u2019y avait aucune victime mais que le fonctionnement d\u2019un r\u00e9acteur avait \u00e9t\u00e9 r\u00e9duit. \u00abLe niveau de radiation sur le site industriel de la centrale nucl\u00e9aire de Koursk et dans les environs n\u2019a pas chang\u00e9 et correspond aux niveaux normaux\u00bb, selon la m\u00eame source.<\/p>\n<p class=\"sc-ksZaOG ehjQrN text-element\">Depuis le d\u00e9but des combats, l\u2019Agence internationale de l\u2019\u00e9nergie atomique (AEIA) met en garde contre le risque d\u2019une catastrophe, notamment \u00e0 la centrale nucl\u00e9aire de Zaporijjia dans le sud de l\u2019Ukraine, occup\u00e9e depuis mars\u00a02022 par la Russie. En ao\u00fbt\u00a02024, Vladimir Poutine avait accus\u00e9 Kyiv de vouloir frapper la centrale situ\u00e9e dans la r\u00e9gion de Koursk, alors sous offensive ukrainienne. Les forces russes l\u2019ont reprise au printemps.<\/p>\n<p class=\"sc-ksZaOG ehjQrN text-element\">Sur la c\u00f4te de la Baltique, l\u2019interception de 10 drones sur le port d\u2019Oust-Louga, pr\u00e8s de Saint-P\u00e9tersbourg, a provoqu\u00e9 un incendie dans un terminal p\u00e9trolier du groupe russe Novatek, a fait savoir le gouverneur r\u00e9gional Alexandre Drozdenko sur Telegram. \u00abLes pompiers et le minist\u00e8re des Situations d\u2019urgence sont \u00e0 l\u2019\u0153uvre pour l\u2019\u00e9teindre\u00bb, a-t-il ajout\u00e9.<\/p>\n<blockquote class=\"twitter-tweet\">\n<p lang=\"en\" dir=\"ltr\">Overnight, several drones launched by Ukraine struck the gas and oil export terminal at the Port of Ust-Luga in the Leningrad Oblast of Northwestern Russia, near the border with Estonia and on the Gulf of Finland. Several fires can be seen burning at the port, with the smoke\u2026 <a href=\"https:\/\/t.co\/EsLiIgkBgW\" rel=\"nofollow\">pic.twitter.com\/EsLiIgkBgW<\/a><\/p>\n<p>\u2014 OSINTdefender (@sentdefender) <a href=\"https:\/\/twitter.com\/sentdefender\/status\/1959505610988208194?ref_src=twsrc%5Etfw\" rel=\"nofollow noopener\" target=\"_blank\">August 24, 2025<\/a><\/p><\/blockquote>\n<p class=\"sc-ksZaOG ehjQrN text-element\">Ces derni\u00e8res semaines, alors que s\u2019acc\u00e9l\u00e9raient les discussions pour mettre fin au conflit <a href=\"https:\/\/www.liberation.fr\/international\/europe\/sommet-trump-zelensky-a-washington-une-rencontre-qui-sacheve-dans-lincertitude-20250819_C2PWFGKEKBGUPH25SFSJVFOFCA\/\" target=\"_blank\" rel=\"noreferrer nofollow noopener\" title=\"https:\/\/www.liberation.fr\/international\/europe\/sommet-trump-zelensky-a-washington-une-rencontre-qui-sacheve-dans-lincertitude-20250819_C2PWFGKEKBGUPH25SFSJVFOFCA\/\">sous pression de Donald Trump<\/a>, l\u2019Ukraine a lanc\u00e9 des dizaines de drones vers le territoire russe. Elle vise notamment les raffineries et les d\u00e9p\u00f4ts de p\u00e9trole russes pour entraver leur capacit\u00e9 \u00e0 financer l\u2019offensive.<\/p>\n<p class=\"sc-ksZaOG ehjQrN text-element\">Ces attaques ont \u00e9t\u00e9 mises en cause dans la flamb\u00e9e des prix des carburants en Russie, qui ont atteint des records malgr\u00e9 la suspension des exportations d\u2019essence d\u00e9cr\u00e9t\u00e9e par le gouvernement. Le minist\u00e8re russe de l\u2019Energie a lui attribu\u00e9 les prix \u00e9lev\u00e9s \u00e0 \u00abla haute demande saisonni\u00e8re et les travaux agricoles\u00bb, sans mentionner les attaques ukrainiennes.<\/p>\n<p class=\"sc-ksZaOG ehjQrN text-element\">Vendredi, le Premier ministre hongrois Viktor Orban a annonc\u00e9 de son c\u00f4t\u00e9 avoir demand\u00e9 l\u2019aide de Donald Trump face \u00e0 ses difficult\u00e9s d\u2019approvisionnement en p\u00e9trole russe via l\u2019ol\u00e9oduc Droujba, bombard\u00e9 selon lui par Kyiv.<\/p>\n<p class=\"sc-ksZaOG ehjQrN text-element\">Ces nouvelles attaques ukrainiennes interviennent alors que l\u2019Ukraine, ancienne r\u00e9publique sovi\u00e9tique, c\u00e9l\u00e8bre dimanche ses 34\u00a0ans d\u2019ind\u00e9pendance. \u00abVoici comment l\u2019Ukraine\u00a0r\u00e9agit lorsque ses appels \u00e0 la paix sont ignor\u00e9s\u00bb, a soulign\u00e9 le pr\u00e9sident Volodymyr Zelensky, alors que la perspective d\u2019une rencontre avec son homologue russe Vladimir Poutine s\u2019\u00e9loigne. \u00abLe peuple ukrainien ne se rendra jamais et ne renoncera jamais \u00e0 son Ind\u00e9pendance\u00bb, a insist\u00e9 le chef des arm\u00e9es Oleksandre Syrsky, tandis que le chef de la diplomatie Andri Sybiga a qualifi\u00e9 l\u2019ind\u00e9pendance de l\u2019Ukraine de \u00abpierre angulaire de la s\u00e9curit\u00e9 de l\u2019Europe\u00bb.<\/p>\n<p class=\"sc-ksZaOG ehjQrN text-element\"><a href=\"https:\/\/www.liberation.fr\/international\/amerique\/qui-est-keith-kellogg-lemissaire-de-donald-trump-sur-le-dossier-ukrainien-20250213_QNFE4K75HBAEBGMXJXQ3ZYFU6Q\/\" target=\"_blank\" rel=\"noreferrer nofollow noopener\" title=\"https:\/\/www.liberation.fr\/international\/amerique\/qui-est-keith-kellogg-lemissaire-de-donald-trump-sur-le-dossier-ukrainien-20250213_QNFE4K75HBAEBGMXJXQ3ZYFU6Q\/\">L\u2019\u00e9missaire am\u00e9ricain pour l\u2019Ukraine, <\/a><a href=\"https:\/\/www.liberation.fr\/international\/amerique\/qui-est-keith-kellogg-lemissaire-de-donald-trump-sur-le-dossier-ukrainien-20250213_QNFE4K75HBAEBGMXJXQ3ZYFU6Q\/\" target=\"_blank\" rel=\"noreferrer nofollow noopener\" title=\"https:\/\/www.liberation.fr\/international\/amerique\/qui-est-keith-kellogg-lemissaire-de-donald-trump-sur-le-dossier-ukrainien-20250213_QNFE4K75HBAEBGMXJXQ3ZYFU6Q\/\">Keith Kellogg<\/a>, assiste d\u2019ailleurs \u00e0 la c\u00e9r\u00e9monie de la c\u00e9l\u00e9bration du Jour de l\u2019Ind\u00e9pendance ce dimanche \u00e0 Kyiv, tout comme le Premier ministre canadien Mark Carney.<\/p>\n<p class=\"sc-ksZaOG ehjQrN text-element\">Alors que l\u2019Ukraine est quotidiennement bombard\u00e9e, une femme de 47\u00a0ans est morte ce dimanche matin dans une frappe de drone russe dans la r\u00e9gion de Dnipropetrovsk (est), selon le gouverneur r\u00e9gional.<\/p>\n<p class=\"sc-ksZaOG ehjQrN text-element\">Sur le front, <a href=\"https:\/\/www.liberation.fr\/international\/europe\/sur-le-front-du-donbass-une-percee-russe-deja-contenue-mais-revelatrice-des-fragilites-de-la-defense-ukrainienne-20250815_U2AXXBUW7VH7BOILOFGK5RINLE\/\" target=\"_blank\" rel=\"noreferrer nofollow noopener\" title=\"https:\/\/www.liberation.fr\/international\/europe\/sur-le-front-du-donbass-une-percee-russe-deja-contenue-mais-revelatrice-des-fragilites-de-la-defense-ukrainienne-20250815_U2AXXBUW7VH7BOILOFGK5RINLE\/\">l\u2019arm\u00e9e russe a accru ses gains territoriaux<\/a> ces derniers mois face \u00e0 des forces ukrainiennes moins nombreuses et moins bien \u00e9quip\u00e9es. Elle a revendiqu\u00e9 samedi la prise de deux villages dans la r\u00e9gion de Donetsk, dans l\u2019est de l\u2019Ukraine, progressant notamment vers la ville de Kostyantynivka, bastion important sur la route de Kramatorsk qui est pour sa part un point important pour la logistique ukrainienne.<\/p>\n<p class=\"sc-ksZaOG ehjQrN text-element\">Alors que Moscou et Kiev s\u2019accusent respectivement de bloquer l\u2019organisation d\u2019une \u00e9ventuelle r\u00e9union avec son homologue russe, Donald Trump a annonc\u00e9 vendredi se donner \u00abdeux semaines\u00bb pour d\u00e9cider de sa ligne concernant ce conflit. Par ailleurs, le <a href=\"https:\/\/www.wsj.com\/politics\/national-security\/pentagon-has-quietly-blocked-ukraines-long-range-missile-strikes-on-russia-432a12e1?mod=hp_lead_pos1\" target=\"_blank\" rel=\"noreferrer nofollow noopener\" title=\"https:\/\/www.wsj.com\/politics\/national-security\/pentagon-has-quietly-blocked-ukraines-long-range-missile-strikes-on-russia-432a12e1?mod=hp_lead_pos1\">Wall Street Journal<\/a> a r\u00e9v\u00e9l\u00e9 samedi que le Pentagone avait \u00abdiscr\u00e8tement\u00bb emp\u00each\u00e9 l\u2019Ukraine de tirer des missiles de longue port\u00e9e contre la Russie, refusant \u00abau moins une fois\u00bb une demande de Kyiv d\u2019utiliser des munitions am\u00e9ricaines.<\/p>\n<p class=\"sc-ksZaOG ehjQrN text-element\"><b>Mis \u00e0 jour\u00a0: <\/b>\u00e0 12\u00a0h\u00a004, avec l\u2019ajout de la d\u00e9claration de Volodymyr Zelensky et la pr\u00e9sence de l\u2019\u00e9missaire am\u00e9ricain \u00e0 Kyiv.<\/p>\n<p><script async src=\"https:\/\/platform.twitter.com\/widgets.js\" charset=\"utf-8\"><\/script><\/p>\n","protected":false},"excerpt":{"rendered":"En ce jour o\u00f9 elle c\u00e9l\u00e8bre son ind\u00e9pendance, l\u2019Ukraine a lanc\u00e9 une s\u00e9rie d\u2019attaques aux drones sur le&hellip;\n","protected":false},"author":2,"featured_media":340580,"comment_status":"","ping_status":"","sticky":false,"template":"","format":"standard","meta":{"footnotes":""},"categories":[2],"tags":[11,1011,27,12,132,220,297],"class_list":{"0":"post-340579","1":"post","2":"type-post","3":"status-publish","4":"format-standard","5":"has-post-thumbnail","7":"category-actualites","8":"tag-actualites","9":"tag-fr","10":"tag-france","11":"tag-news","12":"tag-russie","13":"tag-ukraine","14":"tag-ukraine-la-crise"},"share_on_mastodon":{"url":"https:\/\/pubeurope.com\/@fr\/115083726267849371","error":""},"_links":{"self":[{"href":"https:\/\/www.europesays.com\/fr\/wp-json\/wp\/v2\/posts\/340579","targetHints":{"allow":["GET"]}}],"collection":[{"href":"https:\/\/www.europesays.com\/fr\/wp-json\/wp\/v2\/posts"}],"about":[{"href":"https:\/\/www.europesays.com\/fr\/wp-json\/wp\/v2\/types\/post"}],"author":[{"embeddable":true,"href":"https:\/\/www.europesays.com\/fr\/wp-json\/wp\/v2\/users\/2"}],"replies":[{"embeddable":true,"href":"https:\/\/www.europesays.com\/fr\/wp-json\/wp\/v2\/comments?post=340579"}],"version-history":[{"count":0,"href":"https:\/\/www.europesays.com\/fr\/wp-json\/wp\/v2\/posts\/340579\/revisions"}],"wp:featuredmedia":[{"embeddable":true,"href":"https:\/\/www.europesays.com\/fr\/wp-json\/wp\/v2\/media\/340580"}],"wp:attachment":[{"href":"https:\/\/www.europesays.com\/fr\/wp-json\/wp\/v2\/media?parent=340579"}],"wp:term":[{"taxonomy":"category","embeddable":true,"href":"https:\/\/www.europesays.com\/fr\/wp-json\/wp\/v2\/categories?post=340579"},{"taxonomy":"post_tag","embeddable":true,"href":"https:\/\/www.europesays.com\/fr\/wp-json\/wp\/v2\/tags?post=340579"}],"curies":[{"name":"wp","href":"https:\/\/api.w.org\/{rel}","templated":true}]}}