{"id":340587,"date":"2025-08-24T12:31:21","date_gmt":"2025-08-24T12:31:21","guid":{"rendered":"https:\/\/www.europesays.com\/fr\/340587\/"},"modified":"2025-08-24T12:31:21","modified_gmt":"2025-08-24T12:31:21","slug":"a-montpellier-fabien-roussel-appelle-a-la-mobilisation","status":"publish","type":"post","link":"https:\/\/www.europesays.com\/fr\/340587\/","title":{"rendered":"\u00c0 Montpellier, Fabien Roussel appelle \u00e0 la mobilisation"},"content":{"rendered":"\n<p>Apr\u00e8s une journ\u00e9e riche en d\u00e9bats pour le deuxi\u00e8me jour del\u2019universit\u00e9 d\u2019\u00e9t\u00e9 du PCF organis\u00e9es ce week-end \u00e0 Montpellier, Fabien Roussel, arm\u00e9 de ses plus belles chaussures rouges, est rentr\u00e9 sous une ovation dans l\u2019amphith\u00e9\u00e2tre du Corum, samedi. Il faut dire qu\u2019avec le nombre de sujets br\u00fblants qui agitent l\u2019actualit\u00e9, sa prise de parole \u00e9tait attendue.<\/p>\n<p>Le Nordiste n\u2019a pas tergivers\u00e9 longtemps : \u00ab La situation est de plus en plus dure. Quand on allume le poste, c\u2019est la guerre, les violences, les massacres, des famines \u00bb, a-t-il imm\u00e9diatement lanc\u00e9 avant de consacrer une partie de son discours aux sujets internationaux. Il a ainsi appel\u00e9 \u00e0 refuser de \u00ab se faire humilier par Ursula von der Leyen qui sans aucun mandat d\u00e9mocratique est all\u00e9e signer la capitulation \u00e0 Washington \u00bb. Sur ce sujet des droits de douane am\u00e9ricains, Fabien Roussel a demand\u00e9 \u00ab la tenue d\u2019un conseil europ\u00e9en exceptionnel \u00bb, la convocation \u00ab au plus vite \u00bb des parlements ainsi que la convocation d\u2019un referendum en France.<\/p>\n<p>Sur le conflit ukrainien, il a appel\u00e9 aux n\u00e9gociations pour garantir la neutralit\u00e9 de l\u2019Ukraine. Sur le \u00ab le g\u00e9nocide du peuple palestinien \u00bb, le communiste a fait part de \u00ab sa col\u00e8re devant des chefs d\u2019\u00c9tat europ\u00e9ens qui se disent pr\u00eats \u00e0 envoyer des troupes en Ukraine mais qui laissent faire le gouvernement criminel de Netanyahou et ses ministres racistes \u00bb. Les militants pr\u00e9sents ont ensuite ovationn\u00e9 Qassem Awad, dirigeant de l\u2019Organisation de lib\u00e9ration de la Palestine (OLP), pr\u00e9sent dans la salle.<\/p>\n<p> Rentr\u00e9e sociale explosive\n              <\/p>\n<p>Fabien Roussel a ensuite r\u00e9clam\u00e9 un \u00ab boycott militaire et commercial \u00bb d\u2019Isra\u00ebl et a renouvel\u00e9 la demande de lib\u00e9ration des otages isra\u00e9liens et celle de Marwan Barghouti. Il a \u00e9galement confirm\u00e9 travailler avec les forces politiques, associatives et syndicales \u00e0 \u00ab une grande marche pacifique pour l\u2019arr\u00eat des massacres pour la lib\u00e9ration des otages isra\u00e9liens et des prisonniers palestiniens et une solution \u00e0 deux \u00c9tats \u00bb.<\/p>\n<p>Mais le c\u0153ur du discours de pr\u00e8s d\u2019une heure trente du secr\u00e9taire national a bien port\u00e9 sur la rentr\u00e9e sociale et la mobilisation pour s\u2019opposer au plan d\u2019aust\u00e9rit\u00e9 pr\u00e9vu. Fabien Roussel a d\u2019abord confirm\u00e9 que sans changement sur le budget, il appellerait \u00e0 la censure du gouvernement Bayrou. \u00ab Le PCF soutient toutes celles et ceux qui se mobiliseront en cette rentr\u00e9e pour mettre un coup d\u2019arr\u00eat \u00e0 ce braquage in\u00e9dit de nos richesses nationales \u00bb, a-t-il poursuivi tout en indiquant qu\u2019il serait aux c\u00f4t\u00e9s des \u00e9nerg\u00e9ticiens le 2 septembre, des personnels des H\u00f4pitaux de Paris (APHP) et des personnels de sant\u00e9, le 4 octobre et de ceux qui veulent \u00ab bloquer le pays \u00bb le 10 septembre. \u00ab Nous partageons pleinement la r\u00e9volte de celles et ceux qui travaillent dur et ne r\u00e9coltent que du m\u00e9pris de la part de ministres qui \u00e9margent \u00e0 10 000 euros par mois, ne payent pas le train, l\u2019avion, l\u2019essence, l\u2019\u00e9lectricit\u00e9, la nourriture mais qui nous donnent des le\u00e7ons de vie. Il y a 20 millionnaires parmi les ministres : qu\u2019ils vivent avec un Smic, et payent leurs factures et on en reparlera \u00bb, a-t-il insist\u00e9.<\/p>\n<p>Apr\u00e8s un focus sur l\u2019importance du milieu associatif o\u00f9 \u00ab 186 000 emplois sont menac\u00e9s\u00a0\u00bb qui s\u2019ajoutent aux \u00ab 300 00 emplois menac\u00e9s dans l\u2019industrie\u00a0\u00bb, le maire de Saint-Amand-les-Eaux a insist\u00e9 sur l\u2019importance de retrouver un \u00ab \u00c9tat fort, solidaire et juste \u00bb et de -r\u00e9tablir une \u00ab R\u00e9publique la\u00efque et sociale \u00bb. Fabien Roussel a ensuite list\u00e9 une partie des propositions mises en avant par les communistes pour cette rentr\u00e9e. S\u2019il appelle \u00e0 la fin \u00ab des orgies de subventions publiques pour les grands groupes et les cures d\u2019aust\u00e9rit\u00e9 pour les services publics \u00bb, il r\u00e9clame un \u00ab\u00a0Pacte pour la France \u00bb qui s\u2019appuierait sur un plan d\u2019investissement de 500 milliards d\u2019euros en cinq ans. \u00ab C\u2019est pour cela aussi que nous revendiquons la n\u00e9cessit\u00e9 de nationaliser certains \u00e9tablissements bancaires priv\u00e9s. Il y a besoin de cette r\u00e9volution qui consiste \u00e0 mettre une partie du capital au service du travail, de la production, du climat et du redressement du pays \u00bb, explique-t-il.<\/p>\n<p>Dans ce \u00abpacte\u00bb, il propose aussi une augmentation des salaires, des pensions de retraite et la baisse de 30 \u00e0 50 % des prix de l\u2019\u00e9lectricit\u00e9. Il souhaite aussi la construction de 200 000 nouveaux logements par an, la relance de \u00ab 20 nouvelles centrales nucl\u00e9aires \u00bb et la planification de \u00ab l\u2019embauche et la formation, sous statut de centaines de milliers d\u2019enseignants, de soignants, de travailleurs sociaux, de douaniers, de policiers, d\u2019agents territoriaux \u00bb.<\/p>\n<p>Ces propositions seront \u00e0 nouveau mises en avant \u00e0 la F\u00eate de l\u2019Huma, les 12, 13 et 14 septembre prochain.<\/p>\n<p>\u00ab Le PCF soutient tous ceux qui se mobiliseront pour arr\u00eater ce braquage in\u00e9dit de nos richesses \u00bb<\/p>\n","protected":false},"excerpt":{"rendered":"Apr\u00e8s une journ\u00e9e riche en d\u00e9bats pour le deuxi\u00e8me jour del\u2019universit\u00e9 d\u2019\u00e9t\u00e9 du PCF organis\u00e9es ce week-end \u00e0&hellip;\n","protected":false},"author":2,"featured_media":340588,"comment_status":"","ping_status":"","sticky":false,"template":"","format":"standard","meta":{"footnotes":""},"categories":[9599],"tags":[1111,11,1777,674,1011,27,2208,12,2680,3518,25],"class_list":{"0":"post-340587","1":"post","2":"type-post","3":"status-publish","4":"format-standard","5":"has-post-thumbnail","7":"category-montpellier","8":"tag-actu","9":"tag-actualites","10":"tag-eu","11":"tag-europe","12":"tag-fr","13":"tag-france","14":"tag-montpellier","15":"tag-news","16":"tag-occitanie","17":"tag-palestine","18":"tag-republique-francaise"},"share_on_mastodon":{"url":"https:\/\/pubeurope.com\/@fr\/115083757661464620","error":""},"_links":{"self":[{"href":"https:\/\/www.europesays.com\/fr\/wp-json\/wp\/v2\/posts\/340587","targetHints":{"allow":["GET"]}}],"collection":[{"href":"https:\/\/www.europesays.com\/fr\/wp-json\/wp\/v2\/posts"}],"about":[{"href":"https:\/\/www.europesays.com\/fr\/wp-json\/wp\/v2\/types\/post"}],"author":[{"embeddable":true,"href":"https:\/\/www.europesays.com\/fr\/wp-json\/wp\/v2\/users\/2"}],"replies":[{"embeddable":true,"href":"https:\/\/www.europesays.com\/fr\/wp-json\/wp\/v2\/comments?post=340587"}],"version-history":[{"count":0,"href":"https:\/\/www.europesays.com\/fr\/wp-json\/wp\/v2\/posts\/340587\/revisions"}],"wp:featuredmedia":[{"embeddable":true,"href":"https:\/\/www.europesays.com\/fr\/wp-json\/wp\/v2\/media\/340588"}],"wp:attachment":[{"href":"https:\/\/www.europesays.com\/fr\/wp-json\/wp\/v2\/media?parent=340587"}],"wp:term":[{"taxonomy":"category","embeddable":true,"href":"https:\/\/www.europesays.com\/fr\/wp-json\/wp\/v2\/categories?post=340587"},{"taxonomy":"post_tag","embeddable":true,"href":"https:\/\/www.europesays.com\/fr\/wp-json\/wp\/v2\/tags?post=340587"}],"curies":[{"name":"wp","href":"https:\/\/api.w.org\/{rel}","templated":true}]}}