{"id":340593,"date":"2025-08-24T12:39:18","date_gmt":"2025-08-24T12:39:18","guid":{"rendered":"https:\/\/www.europesays.com\/fr\/340593\/"},"modified":"2025-08-24T12:39:18","modified_gmt":"2025-08-24T12:39:18","slug":"direct-ligue-1-ecoutez-lorient-rennes-match-a-suivre-en-integralite-sur-ici-armorique","status":"publish","type":"post","link":"https:\/\/www.europesays.com\/fr\/340593\/","title":{"rendered":"DIRECT &#8211; Ligue 1 : \u00e9coutez Lorient &#8211; Rennes, match \u00e0 suivre en int\u00e9gralit\u00e9 sur ICI Armorique"},"content":{"rendered":"<p> <img decoding=\"async\" src=\"https:\/\/www.europesays.com\/fr\/wp-content\/uploads\/2025\/08\/1756039158_715_1200x680\" alt=\"illustration agrandir l'image\" style=\"--_image-preview:url('data:image\/jpeg;base64,\/9j\/2wBDACgcHiMeGSgjISMtKygwPGRBPDc3PHtYXUlkkYCZlo+AjIqgtObDoKrarYqMyP\/L2u71\/\/\/\/m8H\/\/\/\/6\/+b9\/\/j\/2wBDASstLTw1PHZBQXb4pYyl+Pj4+Pj4+Pj4+Pj4+Pj4+Pj4+Pj4+Pj4+Pj4+Pj4+Pj4+Pj4+Pj4+Pj4+Pj4+Pj4+Pj\/wAARCAAXACoDASIAAhEBAxEB\/8QAGAABAQEBAQAAAAAAAAAAAAAAAAECAwT\/xAAXEAEBAQEAAAAAAAAAAAAAAAAAARES\/8QAFgEBAQEAAAAAAAAAAAAAAAAAAQAC\/8QAFhEBAQEAAAAAAAAAAAAAAAAAAAER\/9oADAMBAAIRAxEAPwDzyNYsi4G5WLEx0xMR1z5OXXk5LDUi4CBhICK4uAg\/\/9k=');\" loading=\"eager\" fetchpriority=\"high\" aria-hidden=\"true\" class=\"svelte-1pnmlwx rounded\" onload=\"this.__e=event\" onerror=\"this.__e=event\"\/> Les Rennais sortent d&rsquo;une victoire m\u00e9morable face \u00e0 l&rsquo;OM et esp\u00e8rent encha\u00eener \u00e0 Lorient \u00a9 AFP &#8211; Fred TANNEAU     <\/p>\n<p class=\"g-ici-body-regular-3 info svelte-1c4u67c\">Publi\u00e9 le dimanche 24 ao\u00fbt 2025 \u00e0 14:00 <\/p>\n<ul class=\"SocialNetworks svelte-bt5901\">\n<li class=\"svelte-bt5901\"><\/li>\n<li class=\"svelte-bt5901\"><\/li>\n<li class=\"svelte-bt5901\"><\/li>\n<li class=\"svelte-bt5901\"><\/li>\n<li class=\"svelte-bt5901\"><\/li>\n<\/ul>\n<p class=\"standfirst g-ici-body-bold-1 svelte-983d72\">Apr\u00e8s sa victoire retentissante face \u00e0 Marseille, le Stade Rennais se rend \u00e0 Lorient ce dimanche (15h) pour la 2e journ\u00e9e de Ligue 1. Les Rouge et Noir esp\u00e8rent encha\u00eener, face \u00e0 des Merlus qui ont remport\u00e9 les quatre derni\u00e8re confrontations entre les deux \u00e9quipes. Suivez ce match sur ICI Armorique.<\/p>\n<p>Au sortir d&rsquo;un succ\u00e8s arrach\u00e9 au courage contre Marseille au Roazhon Park, le Stade Rennais esp\u00e8re une confirmation ce dimanche (15h) au Moustoir face \u00e0 Lorient pour la 2e journ\u00e9e de Ligue 1. De retour dans l&rsquo;\u00e9lite, les Merlus esp\u00e8rent eux asseoir leur statut de b\u00eate noire du SRFC\u00a0: les Morbihannais restent sur quatre victoires de rang face \u00e0 Rennes. Ce premier derby breton de la saison se disputera avec une tribune ferm\u00e9e, la tribune Sud, qui accueille habituellement les Ultras lorientais. Une sanction due \u00e0 l&rsquo;envahissement de terrain qui avait suivi la mont\u00e9e du FCL en Ligue 1. Suivez ce match en direct sur ICI Armorique d\u00e8s 14h30, avec les commentaires de Fran\u00e7ois Rauzy et Cl\u00e9ment Gavard (So Foot).<\/p>\n<p>Le direct radio <\/p>\n<p>loading<\/p>\n<p>Le match en direct minute par minute <\/p>\n<p>loading<\/p>\n<p>Les r\u00e9sultats de la 2e journ\u00e9e de Ligue 1 <\/p>\n<p>loading<\/p>\n<p>Le classement de Ligue 1 <\/p>\n<p>loading<\/p>\n<ul class=\"SocialNetworks svelte-bt5901\">\n<li class=\"svelte-bt5901\"><\/li>\n<li class=\"svelte-bt5901\"><\/li>\n<li class=\"svelte-bt5901\"><\/li>\n<li class=\"svelte-bt5901\"><\/li>\n<li class=\"svelte-bt5901\"><\/li>\n<\/ul>\n","protected":false},"excerpt":{"rendered":"Les Rennais sortent d&rsquo;une victoire m\u00e9morable face \u00e0 l&rsquo;OM et esp\u00e8rent encha\u00eener \u00e0 Lorient \u00a9 AFP &#8211; Fred&hellip;\n","protected":false},"author":2,"featured_media":340594,"comment_status":"","ping_status":"","sticky":false,"template":"","format":"standard","meta":{"footnotes":""},"categories":[2821],"tags":[1111,11,829,1777,674,1011,27,12,584,25],"class_list":{"0":"post-340593","1":"post","2":"type-post","3":"status-publish","4":"format-standard","5":"has-post-thumbnail","7":"category-rennes","8":"tag-actu","9":"tag-actualites","10":"tag-bretagne","11":"tag-eu","12":"tag-europe","13":"tag-fr","14":"tag-france","15":"tag-news","16":"tag-rennes","17":"tag-republique-francaise"},"share_on_mastodon":{"url":"https:\/\/pubeurope.com\/@fr\/115083789452039065","error":""},"_links":{"self":[{"href":"https:\/\/www.europesays.com\/fr\/wp-json\/wp\/v2\/posts\/340593","targetHints":{"allow":["GET"]}}],"collection":[{"href":"https:\/\/www.europesays.com\/fr\/wp-json\/wp\/v2\/posts"}],"about":[{"href":"https:\/\/www.europesays.com\/fr\/wp-json\/wp\/v2\/types\/post"}],"author":[{"embeddable":true,"href":"https:\/\/www.europesays.com\/fr\/wp-json\/wp\/v2\/users\/2"}],"replies":[{"embeddable":true,"href":"https:\/\/www.europesays.com\/fr\/wp-json\/wp\/v2\/comments?post=340593"}],"version-history":[{"count":0,"href":"https:\/\/www.europesays.com\/fr\/wp-json\/wp\/v2\/posts\/340593\/revisions"}],"wp:featuredmedia":[{"embeddable":true,"href":"https:\/\/www.europesays.com\/fr\/wp-json\/wp\/v2\/media\/340594"}],"wp:attachment":[{"href":"https:\/\/www.europesays.com\/fr\/wp-json\/wp\/v2\/media?parent=340593"}],"wp:term":[{"taxonomy":"category","embeddable":true,"href":"https:\/\/www.europesays.com\/fr\/wp-json\/wp\/v2\/categories?post=340593"},{"taxonomy":"post_tag","embeddable":true,"href":"https:\/\/www.europesays.com\/fr\/wp-json\/wp\/v2\/tags?post=340593"}],"curies":[{"name":"wp","href":"https:\/\/api.w.org\/{rel}","templated":true}]}}