{"id":340599,"date":"2025-08-24T12:43:14","date_gmt":"2025-08-24T12:43:14","guid":{"rendered":"https:\/\/www.europesays.com\/fr\/340599\/"},"modified":"2025-08-24T12:43:14","modified_gmt":"2025-08-24T12:43:14","slug":"profitez-du-soleil-a-proximite-de-nice-loin-des-touristes","status":"publish","type":"post","link":"https:\/\/www.europesays.com\/fr\/340599\/","title":{"rendered":"Profitez du soleil \u00e0 proximit\u00e9 de Nice, loin des touristes"},"content":{"rendered":"<p class=\"p2\">C\u00f4te d\u2019Azur rime souvent avec plages bond\u00e9es et files d\u2019attente interminables\u2026 Pourtant, certains coins voient encore leur authenticit\u00e9 pleinement pr\u00e9serv\u00e9e du tourisme de masse. Beaulieu-sur-Mer, notamment, offre cette parenth\u00e8se si douce pour profiter du soleil m\u00e9diterran\u00e9en sans subir les effets n\u00e9gatifs du tourisme.<\/p>\n<p>Beaulieu-sur-Mer : petit paradis ensoleill\u00e9 loin des foules<\/p>\n<p class=\"p2\">\u00c0 mi-chemin entre Nice et Monaco,<strong> Beaulieu-sur-Mer<\/strong> cultive une certaine \u00e9l\u00e9gance discr\u00e8te, mais efficace. Bien loin de l\u2019effervescence de la<strong> Promenade des Anglais<\/strong>, cette commune de la <strong>Riviera<\/strong> a su conserver son \u00e2me villageoise tout en arborant la beaut\u00e9 l\u00e9gendaire de la C\u00f4te d\u2019Azur. Ses ruelles bord\u00e9es de palmiers, ses fa\u00e7ades aux teintes pastel et son atmosph\u00e8re paisible donnent imm\u00e9diatement le ton : ici, on prend le temps de vivre et de profiter.<\/p>\n<p class=\"p2\">Le<strong> climat m\u00e9diterran\u00e9en<\/strong>, g\u00e9n\u00e9reux en soleil, invite \u00e0 s\u2019attarder en terrasse ou \u00e0 fl\u00e2ner le long du port. Pas de hordes de vacanciers press\u00e9s, mais une ambiance feutr\u00e9e qui plait tant aux locaux qu\u2019aux divers visiteurs. La douceur des paysages n\u2019est pas en reste : mer d\u2019un bleu profond, collines verdoyantes, le d\u00e9cor semble tout droit sorti d\u2019une carte postale.<\/p>\n<p class=\"p2\">Beaulieu-sur-Mer a \u00e9galement cette particularit\u00e9 rare, puisqu\u2019elle offre \u00e0 la fois une immersion dans l\u2019art de vivre proven\u00e7al et une ouverture sur le glamour azur\u00e9en. Une combinaison qui en fait un havre pour qui veut \u00e9chapper \u00e0 l\u2019agitation des villes plus touristiques.<\/p>\n<p>Lire aussi<\/p>\n<p>\t\t\t<a class=\"ContextualLinks-link\" href=\"https:\/\/www.cosmopolitan.fr\/protege-du-tourisme-de-masse-ce-joli-port-du-sud-de-la-france-est-la-destination-parfaite-pour-la-fin-de-l-ete,2134681.asp\" rel=\"nofollow noopener\" target=\"_blank\">Prot\u00e9g\u00e9 du tourisme de masse, ce joli port du sud de la France est la destination parfaite pour la fin de l&rsquo;\u00e9t\u00e9<\/a>\t<\/p>\n<p>Que faire \u00e0 Beaulieu-sur-Mer ?<\/p>\n<p class=\"p2\">Si le charme de Beaulieu-sur-Mer r\u00e9side d\u2019abord dans son ambiance, la commune ne manque pas d\u2019activit\u00e9s. Son littoral abrite de <a href=\"https:\/\/www.cosmopolitan.fr\/a-3h-de-paris-cette-plage-cachee-est-la-destination-ideale-pour-prolonger-les-vacances,2140239.asp\" title=\"\u00c0 3h de Paris, cette plage cach\u00e9e est la destination id\u00e9ale pour prolonger les vacances\" class=\"internal\" rel=\"nofollow noopener\" target=\"_blank\">petites plages<\/a> intimistes, parfaites pour une <strong>baignade<\/strong> \u00e0 l\u2019abri des regards. La <strong>plage de la Petite Afrique,<\/strong> ombrag\u00e9e par des palmiers, est une invitation au farniente, tandis que celle des Fourmis s\u00e9duit par sa vue sur la baie.<\/p>\n<p class=\"p2\">Les amateurs de patrimoine peuvent visiter la <strong>villa K\u00e9rylos<\/strong>, r\u00e9plique d\u2019une demeure grecque antique, qui t\u00e9moigne du faste de la Belle \u00c9poque et de l\u2019attrait des \u00e9lites pour la r\u00e9gion. Le port, quant \u00e0 lui, offre une promenade agr\u00e9able o\u00f9 s\u2019alignent voiliers et caf\u00e9s. Pour les plus sportifs, des sentiers permettent de rejoindre les villages voisins \u00e0 pied, en profitant d\u2019un sacr\u00e9<a href=\"https:\/\/www.cosmopolitan.fr\/a-seulement-40-minutes-de-perpignan-ce-village-mediterraneen-totalement-meconnu-est-un-veritable-havre-de-paix,2131985.asp\" title=\"\u00c0 seulement 40 minutes de Perpignan, ce village m\u00e9diterran\u00e9en totalement m\u00e9connu est un v\u00e9ritable havre de paix\" class=\"internal\" rel=\"nofollow noopener\" target=\"_blank\"> panorama sur la M\u00e9diterran\u00e9e<\/a>.<\/p>\n<p class=\"p2\">Le march\u00e9 local, anim\u00e9 mais \u00e0 taille humaine, est aussi un passage oblig\u00e9. Entre fromages proven\u00e7aux, huile d\u2019olive et fleurs color\u00e9es, vous y trouverez de quoi composer un pique-nique \u00e0 savourer face \u00e0 la mer. Et si vous aimez l\u2019ambiance plus mondaine, Monaco et Nice restent \u00e0 port\u00e9e !<\/p>\n<p>Lire aussi<\/p>\n<ul class=\"ContextualLinks-items\">&#13;<\/p>\n<li class=\"ContextualLinks-item\">&#13;<br \/>\n\t\t\t\t\t\t<a class=\"ContextualLinks-link\" href=\"https:\/\/www.cosmopolitan.fr\/cette-ville-du-sud-de-la-france-a-ete-elue-ville-la-plus-relaxante-du-pays,2133919.asp\" rel=\"nofollow noopener\" target=\"_blank\">Cette ville du sud de la France a \u00e9t\u00e9 \u00e9lue ville la plus relaxante du pays<\/a>&#13;\n\t\t\t\t\t<\/li>\n<li class=\"ContextualLinks-item\">&#13;<br \/>\n\t\t\t\t\t\t<a class=\"ContextualLinks-link\" href=\"https:\/\/www.cosmopolitan.fr\/ce-village-du-sud-de-la-france-eloigne-des-foules-touristiques-est-le-lieu-parfait-pour-des-vacances-au-calme,2133946.asp\" rel=\"nofollow noopener\" target=\"_blank\">Ce village du sud de la France, \u00e9loign\u00e9 des foules touristiques, est le lieu parfait pour des vacances au calme<\/a>&#13;\n\t\t\t\t\t<\/li>\n<\/ul>\n","protected":false},"excerpt":{"rendered":"C\u00f4te d\u2019Azur rime souvent avec plages bond\u00e9es et files d\u2019attente interminables\u2026 Pourtant, certains coins voient encore leur authenticit\u00e9&hellip;\n","protected":false},"author":2,"featured_media":340600,"comment_status":"","ping_status":"","sticky":false,"template":"","format":"standard","meta":{"footnotes":""},"categories":[2819],"tags":[1111,11,1777,674,1011,27,12,2401,882,25],"class_list":{"0":"post-340599","1":"post","2":"type-post","3":"status-publish","4":"format-standard","5":"has-post-thumbnail","7":"category-nice","8":"tag-actu","9":"tag-actualites","10":"tag-eu","11":"tag-europe","12":"tag-fr","13":"tag-france","14":"tag-news","15":"tag-nice","16":"tag-provence-alpes-cote-dazur","17":"tag-republique-francaise"},"share_on_mastodon":{"url":"https:\/\/pubeurope.com\/@fr\/115083804845555133","error":""},"_links":{"self":[{"href":"https:\/\/www.europesays.com\/fr\/wp-json\/wp\/v2\/posts\/340599","targetHints":{"allow":["GET"]}}],"collection":[{"href":"https:\/\/www.europesays.com\/fr\/wp-json\/wp\/v2\/posts"}],"about":[{"href":"https:\/\/www.europesays.com\/fr\/wp-json\/wp\/v2\/types\/post"}],"author":[{"embeddable":true,"href":"https:\/\/www.europesays.com\/fr\/wp-json\/wp\/v2\/users\/2"}],"replies":[{"embeddable":true,"href":"https:\/\/www.europesays.com\/fr\/wp-json\/wp\/v2\/comments?post=340599"}],"version-history":[{"count":0,"href":"https:\/\/www.europesays.com\/fr\/wp-json\/wp\/v2\/posts\/340599\/revisions"}],"wp:featuredmedia":[{"embeddable":true,"href":"https:\/\/www.europesays.com\/fr\/wp-json\/wp\/v2\/media\/340600"}],"wp:attachment":[{"href":"https:\/\/www.europesays.com\/fr\/wp-json\/wp\/v2\/media?parent=340599"}],"wp:term":[{"taxonomy":"category","embeddable":true,"href":"https:\/\/www.europesays.com\/fr\/wp-json\/wp\/v2\/categories?post=340599"},{"taxonomy":"post_tag","embeddable":true,"href":"https:\/\/www.europesays.com\/fr\/wp-json\/wp\/v2\/tags?post=340599"}],"curies":[{"name":"wp","href":"https:\/\/api.w.org\/{rel}","templated":true}]}}