{"id":340603,"date":"2025-08-24T12:46:12","date_gmt":"2025-08-24T12:46:12","guid":{"rendered":"https:\/\/www.europesays.com\/fr\/340603\/"},"modified":"2025-08-24T12:46:12","modified_gmt":"2025-08-24T12:46:12","slug":"nantes-un-tramway-deraille-apres-une-collision-une-automobiliste-grievement-blessee","status":"publish","type":"post","link":"https:\/\/www.europesays.com\/fr\/340603\/","title":{"rendered":"Nantes\u00a0: un tramway d\u00e9raille apr\u00e8s une collision, une automobiliste gri\u00e8vement bless\u00e9e"},"content":{"rendered":"<p>Une femme de 54 ans qui \u00e9tait au volant de sa voiture a \u00e9t\u00e9 gri\u00e8vement bless\u00e9e apr\u00e8s une collision entre son v\u00e9hicule et un tramway \u00e0 Nantes, ce dimanche 24 ao\u00fbt. L&rsquo;accident a eu lieu au niveau de l&rsquo;arr\u00eate Croix-Bonneau, non loin du centre-ville. <\/p>\n<p>Une collision entre un tramway et une voiture a fait une bless\u00e9e grave \u00e0 Nantes, ce dimanche 24 ao\u00fbt. L&rsquo;accident a eu lieu \u00e0 Croix-Bonneau, peu avant 9h30 dans la matin\u00e9e. Le tramway a d\u00e9raill\u00e9 apr\u00e8s le choc. En fin de matin\u00e9e, le trafic entre l&rsquo;arr\u00eat Croix-Bonneau et Jamet \u00e9tait toujours interrompu. Des agents de la Semitan \u00e9taient toujours sur place pour r\u00e9tablir la situation.<\/p>\n<p>La conductrice, \u00ab\u00a0choqu\u00e9e par l&rsquo;accident\u00a0\u00bb<\/p>\n<p>Apr\u00e8s le choc, l&rsquo;automobiliste, une femme \u00e2g\u00e9e de 54 ans, a \u00e9t\u00e9 transport\u00e9e au CHU de Nantes dans un \u00e9tat grave. De l&rsquo;autre c\u00f4t\u00e9, la conductrice du tramway, \u00ab\u00a0choqu\u00e9e\u00a0\u00bb, n&rsquo;a pas eu \u00e0 \u00eatre m\u00e9dicalis\u00e9e, indiquent les sapeurs-pompiers des Loire-Atlantique. <strong>De m\u00eame c\u00f4t\u00e9 passagers, o\u00f9 aucun bless\u00e9 n&rsquo;est \u00e0 d\u00e9plorer parmi eux<\/strong>, malgr\u00e9 le d\u00e9raillement du train apr\u00e8s la collision.<\/p>\n<p><img loading=\"lazy\" decoding=\"async\" class=\"VisualPreview svelte-1rldrkz\" src=\"data:image\/jpeg;base64,\/9j\/2wBDACgcHiMeGSgjISMtKygwPGRBPDc3PHtYXUlkkYCZlo+AjIqgtObDoKrarYqMyP\/L2u71\/\/\/\/m8H\/\/\/\/6\/+b9\/\/j\/2wBDASstLTw1PHZBQXb4pYyl+Pj4+Pj4+Pj4+Pj4+Pj4+Pj4+Pj4+Pj4+Pj4+Pj4+Pj4+Pj4+Pj4+Pj4+Pj4+Pj4+Pj\/wAARCAAfACoDASIAAhEBAxEB\/8QAFgABAQEAAAAAAAAAAAAAAAAAAgAB\/8QAFhABAQEAAAAAAAAAAAAAAAAAABEB\/8QAFwEAAwEAAAAAAAAAAAAAAAAAAAECA\/\/EABcRAQEBAQAAAAAAAAAAAAAAAAARARL\/2gAMAwEAAhEDEQA\/AN0dLR1puozB1jYoVOLGrEfRQ4oSjOrgRkOKADFCigD\/2Q==\" alt=\"Les agents de la Semitan pr\u00e9sents \u00e0 Croix-Bonneau \u00e0 Nantes ce dimanche matin\" width=\"600\" height=\"451\"\/>  Les agents de la Semitan pr\u00e9sents \u00e0 Croix-Bonneau \u00e0 Nantes ce dimanche matin \u00a9 Radio France &#8211; Hugo Deschamps<\/p>\n<p>Pour le moment, les circonstances de l&rsquo;accident ne sont pas encore connues. Une enqu\u00eate de police a \u00e9t\u00e9 ouverte pour en savoir plus. Le temps de l&rsquo;intervention des agents de la Semitan, qui \u00e9tait encore en cours en fin de matin\u00e9e ce dimanche, des bus relais ont \u00e9t\u00e9 mis en place.<\/p>\n","protected":false},"excerpt":{"rendered":"Une femme de 54 ans qui \u00e9tait au volant de sa voiture a \u00e9t\u00e9 gri\u00e8vement bless\u00e9e apr\u00e8s une&hellip;\n","protected":false},"author":2,"featured_media":340604,"comment_status":"","ping_status":"","sticky":false,"template":"","format":"standard","meta":{"footnotes":""},"categories":[2818],"tags":[1111,11,1777,674,1011,27,766,12,2636,25],"class_list":{"0":"post-340603","1":"post","2":"type-post","3":"status-publish","4":"format-standard","5":"has-post-thumbnail","7":"category-nantes","8":"tag-actu","9":"tag-actualites","10":"tag-eu","11":"tag-europe","12":"tag-fr","13":"tag-france","14":"tag-nantes","15":"tag-news","16":"tag-pays-de-la-loire","17":"tag-republique-francaise"},"share_on_mastodon":{"url":"https:\/\/pubeurope.com\/@fr\/115083816626712884","error":""},"_links":{"self":[{"href":"https:\/\/www.europesays.com\/fr\/wp-json\/wp\/v2\/posts\/340603","targetHints":{"allow":["GET"]}}],"collection":[{"href":"https:\/\/www.europesays.com\/fr\/wp-json\/wp\/v2\/posts"}],"about":[{"href":"https:\/\/www.europesays.com\/fr\/wp-json\/wp\/v2\/types\/post"}],"author":[{"embeddable":true,"href":"https:\/\/www.europesays.com\/fr\/wp-json\/wp\/v2\/users\/2"}],"replies":[{"embeddable":true,"href":"https:\/\/www.europesays.com\/fr\/wp-json\/wp\/v2\/comments?post=340603"}],"version-history":[{"count":0,"href":"https:\/\/www.europesays.com\/fr\/wp-json\/wp\/v2\/posts\/340603\/revisions"}],"wp:featuredmedia":[{"embeddable":true,"href":"https:\/\/www.europesays.com\/fr\/wp-json\/wp\/v2\/media\/340604"}],"wp:attachment":[{"href":"https:\/\/www.europesays.com\/fr\/wp-json\/wp\/v2\/media?parent=340603"}],"wp:term":[{"taxonomy":"category","embeddable":true,"href":"https:\/\/www.europesays.com\/fr\/wp-json\/wp\/v2\/categories?post=340603"},{"taxonomy":"post_tag","embeddable":true,"href":"https:\/\/www.europesays.com\/fr\/wp-json\/wp\/v2\/tags?post=340603"}],"curies":[{"name":"wp","href":"https:\/\/api.w.org\/{rel}","templated":true}]}}