{"id":340617,"date":"2025-08-24T12:55:19","date_gmt":"2025-08-24T12:55:19","guid":{"rendered":"https:\/\/www.europesays.com\/fr\/340617\/"},"modified":"2025-08-24T12:55:19","modified_gmt":"2025-08-24T12:55:19","slug":"la-peniche-accueil-inconditionnel-seul-ou-accompagne","status":"publish","type":"post","link":"https:\/\/www.europesays.com\/fr\/340617\/","title":{"rendered":"La P\u00e9niche : accueil inconditionnel\u2026 seul ou accompagn\u00e9 !"},"content":{"rendered":"<p>P\u00e9niche Accueil est install\u00e9e au 34 rue Sainte-H\u00e9l\u00e8ne depuis d\u00e9but 2025. La structure g\u00e9r\u00e9e par l\u2019association Le Mas, re\u00e7oit toutes les personnes sans-abri ou en grandes difficult\u00e9s. Seules ou avec leurs animaux\u2026 Un partenariat s\u2019est instaur\u00e9 avec Gamelles Pleines. L\u2019association lyonnaise connait bien la probl\u00e9matique des animaux car elle effectue des maraudes en presqu\u2019\u00eele pour distribuer des croquettes ou des accessoires pour chiens et chats. La pr\u00e9sence de l\u2019animal facilite souvent les \u00e9changes\u2026<\/p>\n<p>\u00ab\u00a0Je suis contente d\u2019\u00eatre ici tous les jours. C\u2019est souvent des gens qu\u2019on conna\u00eet. De toute fa\u00e7on on se conna\u00eet tous en vrai\u00a0\u00bb. <strong>Carole<\/strong> fait partie des habitu\u00e9s au 34 rue Saint H\u00e9l\u00e8ne o\u00f9 se trouvent les locaux de\u00a0<strong>P\u00e9niche Accueil<\/strong>. Autrefois, cet <strong><a href=\"https:\/\/www.mas-asso.fr\/service\/peniche-accueil\/\" target=\"_blank\" rel=\"noreferrer noopener nofollow\">accueil inconditionnel<\/a><\/strong> \u00e9tait install\u00e9 \u00e0 bord d\u2019une p\u00e9niche, Le Balajo, amarr\u00e9e sur le Rh\u00f4ne, \u00e0 deux pas de l\u00e0\u2026De cette \u00e9poque, il ne reste que le nom et quelques bou\u00e9es accroch\u00e9es aux murs.<\/p>\n<p>Ecoutez aussi : <a href=\"https:\/\/www.lyondemain.fr\/hirondelle-centre-soins-animaux-canicule\/\" target=\"_blank\" rel=\"noreferrer noopener nofollow\">L\u2019Hirondelle : la canicule fragilise aussi les animaux sauvages<\/a><\/p>\n<p>S\u2019attabler, se servir un caf\u00e9, d\u00e9guster des g\u00e2teaux\u2026 tout simplement<\/p>\n<p>Les nouveaux locaux comportent une grande salle o\u00f9 l\u2019on peut <strong>s\u2019attabler<\/strong>, <strong>se servir un caf\u00e9<\/strong>, <strong>d\u00e9guster des g\u00e2teaux<\/strong>. A droite, une <strong>cuisine<\/strong> spacieuse. En face, l\u2019<strong>accueil<\/strong> avec deux personnes en permanence. Dont une qui \u00e9tait elle-m\u00eame\u2026passag\u00e8re, avant d\u2019\u00eatre embauch\u00e9e. Passager, c\u2019est le nom donn\u00e9 aux personns de passage\u2026 Au fond du couloir, un <strong>salon<\/strong> plus cosy et des <strong>bureaux ferm\u00e9s<\/strong> pour une <strong>\u00e9coute plus confidentielle<\/strong>.<\/p>\n<p><img loading=\"lazy\" decoding=\"async\" width=\"1200\" height=\"675\" src=\"https:\/\/www.europesays.com\/fr\/wp-content\/uploads\/2025\/08\/Peniche-Accueil-Carole-et-Olivier-Rostane.jpg\" alt=\"Carole et Olivier Rostane\" class=\"wp-image-251227\"  \/>Carole et Olivier Rostane<\/p>\n<p>C\u2019est <strong>Olivier Rostane<\/strong>, chef de service de <strong>P\u00e9niche Accueil<\/strong> et du <strong>Centre d\u2019Accueil et d\u2019Orientation<\/strong> de l\u2019association <strong><a href=\"https:\/\/www.mas-asso.fr\/\" target=\"_blank\" rel=\"noreferrer noopener nofollow\">Le Mas<\/a><\/strong>, qui nous a fait d\u00e9couvrir le lieu. \u00ab\u00a0Notre particularit\u00e9, c\u2019est vraiment d\u2019offrir un <strong>accueil inconditionnel<\/strong>. O\u00f9 on n\u2019a pas, je dirais, la n\u00e9cessit\u00e9 de devoir faire des d\u00e9marches. Ou de devoir forc\u00e9ment rentrer dans une logique de parcours d\u2019insertion, etc. La premi\u00e8re des volont\u00e9s des personnes qui fr\u00e9quentent le lieu, c\u2019est d\u2019abord de<strong> se poser dans un lieu de convivialit\u00e9<\/strong>\u00ab\u00a0.<\/p>\n<p>Ecoutez le podcast<\/p>\n<p>P\u00e9niche accueil et Gamelles Pleines <\/p>\n<p><strong>P\u00e9niche Accueil<\/strong>, c\u2019est un accueil de jour au service des <strong>personnes en situation de grande exclusion<\/strong>. Un lieu dans lequel <strong>les animaux sont les bienvenus<\/strong>.<\/p>\n<p>Ecoutez aussi : <a href=\"https:\/\/www.lyondemain.fr\/le-sans-abrisme-nest-pas-une-fatalite-bernard-devert\/\" target=\"_blank\" rel=\"noreferrer noopener nofollow\">\u00ab Le sans-abrisme n\u2019est pas une fatalit\u00e9 \u00bb Bernard Devert<\/a><\/p>\n<p>Gamelles Pleines : \u00ab\u00a0les animaux facilitent l\u2019approche\u2026\u00a0\u00bb<\/p>\n<p>Nous y avons crois\u00e9 <strong>Riad<\/strong> et ses deux molosses. \u00ab\u00a0Je suis venu chercher des <strong>croquettes<\/strong> pour mes chiens, des <strong>harnais<\/strong> et tout \u00e7a. \u00c0 Lyon, c\u2019est vrai qu\u2019il y a beaucoup de structures pour accueillir les <strong>sans-abri<\/strong>. Contrairement \u00e0 certaines autres villes. Mais quand il fait chaud, c\u2019est compliqu\u00e9 aussi pour les <strong>chiens<\/strong>, parce qu\u2019ils se br\u00fblent les pattes\u2026\u00a0\u00bb<\/p>\n<p><strong>Gamelles Pleines<\/strong> effectue chaque semaine des <strong>maraudes aupr\u00e8s des sans-abri<\/strong> entre Perrache et les Terreaux. L\u2019association approvisionne <strong>P\u00e9niche Accueil<\/strong> en <strong>croquettes<\/strong>. Les <strong>sans-abri<\/strong> peuvent ainsi r\u00e9cup\u00e9rer de la <strong>nourriture pour animaux<\/strong>.\u00a0Mais les b\u00e9n\u00e9voles, toujours v\u00eatus de leur chasubles roses, sont aussi pr\u00e9sents tout un apres-midi pour un autre contact avec les passagers.<\/p>\n<p><img loading=\"lazy\" decoding=\"async\" width=\"1200\" height=\"675\" src=\"https:\/\/www.europesays.com\/fr\/wp-content\/uploads\/2025\/08\/Peniche-Accueil-et-Gamelles-pleines-Copie.jpg\" alt=\"nourriture pour chiens sans-abri\" class=\"wp-image-251226\"  \/>Marc Nony<\/p>\n<p>C\u2019est \u00e0 cette occasion que nous avons crois\u00e9 <strong>Marc Nony<\/strong>, l\u2019un des administrateurs de l\u2019association lyonnaise. \u00ab\u00a0On vient en aide aux gens qui sont dans la rue, ou en tout cas en difficult\u00e9s. Ceux qui ont des <strong>chats<\/strong>, des <strong>chiens<\/strong>. On les aide en leur apportant \u00e9videmment de la<strong> nourriture<\/strong>, des <strong>accessoires<\/strong> pour les animaux. Mais en fait, on passe beaucoup de temps \u00e0 <strong>discuter avec eux<\/strong>. Les r\u00e9orienter s\u2019il y a des probl\u00e8mes de sant\u00e9, s\u2019ils ont besoin de faire des d\u00e9marches administratives ou autres. Donc on est vraiment <strong>\u00e0 l\u2019\u00e9coute des humains<\/strong>, et l\u2019approche est facilit\u00e9e gr\u00e2ce aux animaux, tout simplement\u00a0\u00bb.<\/p>\n<p><strong>P\u00e9niche Accueil<\/strong> ouvre ses portes tous les jours de la semaine du lundi au vendredi au <strong>34 rue Saint-H\u00e9l\u00e8ne, Lyon 2\u00e8me<\/strong><\/p>\n<p>Ecoutez aussi : <a href=\"https:\/\/www.lyondemain.fr\/johnny-entourage-lien-social\/\" target=\"_blank\" rel=\"noreferrer noopener nofollow\">Entourage : les Johnny rallument le feu du lien social<\/a><\/p>\n<p>Ecoutez aussi \u00ab\u00a0Le Caf\u00e9 du Monde Nouveau\u00a0\u00bb, le podcast du Foyer Notre-Dame des Sans-Abri<\/p>\n<p><img loading=\"lazy\" decoding=\"async\" width=\"1200\" height=\"675\" src=\"https:\/\/www.europesays.com\/fr\/wp-content\/uploads\/2025\/08\/Peniche-Accueil-accueil-inconditionnel.jpg\" alt=\"accueil inconditionnel\" class=\"wp-image-251224\"  \/><br \/>\nJ\u2019aime \u00e7a\u00a0:<\/p>\n<p>J\u2019aime chargement\u2026<\/p>\n<p><a class=\"sd-link-color\"\/><\/p>\n<p>\n\tArticles similaires\n<\/p>\n<p>\t\t\t\t<img decoding=\"async\" src=\"https:\/\/www.europesays.com\/fr\/wp-content\/uploads\/2025\/08\/1756040119_963_7866158698e17e8ed633c05e8f8e7fe5d9e057ad78661c4dc34e413abb6b9f19\" alt=\"G\u00e9rald Bouchon\"\/><\/p>\n<p>Pionnier des radios libres, passionn\u00e9 de radio, journaliste et dirigeant de m\u00e9dias \u00e9co-responsables..<\/p>\n","protected":false},"excerpt":{"rendered":"P\u00e9niche Accueil est install\u00e9e au 34 rue Sainte-H\u00e9l\u00e8ne depuis d\u00e9but 2025. La structure g\u00e9r\u00e9e par l\u2019association Le Mas,&hellip;\n","protected":false},"author":2,"featured_media":340618,"comment_status":"","ping_status":"","sticky":false,"template":"","format":"standard","meta":{"footnotes":""},"categories":[1889],"tags":[47686,1111,11,11577,2430,17049,13370,47687,1777,674,1011,27,47688,40253,47689,2428,47690,12,6519,47691,25,15317],"class_list":{"0":"post-340617","1":"post","2":"type-post","3":"status-publish","4":"format-standard","5":"has-post-thumbnail","7":"category-lyon","8":"tag-accueil-de-jour","9":"tag-actu","10":"tag-actualites","11":"tag-animaux-de-compagnie","12":"tag-auvergne-rhone-alpes","13":"tag-chats","14":"tag-chiens","15":"tag-croquettes","16":"tag-eu","17":"tag-europe","18":"tag-fr","19":"tag-france","20":"tag-gamelles-pleines","21":"tag-la-peniche","22":"tag-le-mas","23":"tag-lyon","24":"tag-marc-nony","25":"tag-news","26":"tag-nourriture","27":"tag-olivier-rostane","28":"tag-republique-francaise","29":"tag-sans-abri"},"share_on_mastodon":{"url":"https:\/\/pubeurope.com\/@fr\/115083852710501779","error":""},"_links":{"self":[{"href":"https:\/\/www.europesays.com\/fr\/wp-json\/wp\/v2\/posts\/340617","targetHints":{"allow":["GET"]}}],"collection":[{"href":"https:\/\/www.europesays.com\/fr\/wp-json\/wp\/v2\/posts"}],"about":[{"href":"https:\/\/www.europesays.com\/fr\/wp-json\/wp\/v2\/types\/post"}],"author":[{"embeddable":true,"href":"https:\/\/www.europesays.com\/fr\/wp-json\/wp\/v2\/users\/2"}],"replies":[{"embeddable":true,"href":"https:\/\/www.europesays.com\/fr\/wp-json\/wp\/v2\/comments?post=340617"}],"version-history":[{"count":0,"href":"https:\/\/www.europesays.com\/fr\/wp-json\/wp\/v2\/posts\/340617\/revisions"}],"wp:featuredmedia":[{"embeddable":true,"href":"https:\/\/www.europesays.com\/fr\/wp-json\/wp\/v2\/media\/340618"}],"wp:attachment":[{"href":"https:\/\/www.europesays.com\/fr\/wp-json\/wp\/v2\/media?parent=340617"}],"wp:term":[{"taxonomy":"category","embeddable":true,"href":"https:\/\/www.europesays.com\/fr\/wp-json\/wp\/v2\/categories?post=340617"},{"taxonomy":"post_tag","embeddable":true,"href":"https:\/\/www.europesays.com\/fr\/wp-json\/wp\/v2\/tags?post=340617"}],"curies":[{"name":"wp","href":"https:\/\/api.w.org\/{rel}","templated":true}]}}