{"id":340619,"date":"2025-08-24T12:56:10","date_gmt":"2025-08-24T12:56:10","guid":{"rendered":"https:\/\/www.europesays.com\/fr\/340619\/"},"modified":"2025-08-24T12:56:10","modified_gmt":"2025-08-24T12:56:10","slug":"jean-michel-aulas-devoile-ses-ambitions-pour-sa-ville-mais-toujours-sans-etre-candidat","status":"publish","type":"post","link":"https:\/\/www.europesays.com\/fr\/340619\/","title":{"rendered":"Jean-Michel Aulas d\u00e9voile ses ambitions pour sa ville (mais toujours sans \u00eatre candidat)"},"content":{"rendered":"<p><strong>\u00c9LECTIONS &#8211; Dans une tribune publi\u00e9e dimanche dans \u00ab\u00a0La Tribune du Dimanche\u00a0\u00bb, l\u2019ex-pr\u00e9sident de l\u2019Olympique lyonnais a annonc\u00e9 vouloir transposer son exp\u00e9rience sportive et entrepreneuriale \u00e0 la politique locale<\/strong><\/p>\n<p>\u00ab\u00a0Le football est un miroir grossissant de la soci\u00e9t\u00e9, et parfois m\u00eame son laboratoire\u00a0\u00bb, \u00e9crit <a href=\"https:\/\/www.20minutes.fr\/sport\/jean-michel_aulas\/?at_medium=RSS%20feed&amp;at_campaign=ynews&amp;utm_source=yahoo&amp;utm_medium=rss&amp;utm_campaign=news_feed&amp;utm_content=in_article_link\" rel=\"nofollow noopener\" target=\"_blank\" data-ylk=\"slk:Jean-Michel Aulas;elm:context_link;itc:0;sec:content-canvas\" class=\"link \">Jean-Michel Aulas<\/a>. Dans un article, publi\u00e9 ce dimanche dans <a href=\"https:\/\/www.latribune.fr\/la-tribune-dimanche\/opinions\/opinion-dans-le-football-j-ai-construit-dans-la-vie-publique-je-voudrais-refonder-par-jean-michel-aulas-vice-president-de-la-fff-1031330.html?at_medium=RSS%20feed&amp;at_campaign=ynews&amp;utm_source=yahoo&amp;utm_medium=rss&amp;utm_campaign=news_feed&amp;utm_content=in_article_link\" rel=\"nofollow noopener\" target=\"_blank\" data-ylk=\"slk:La Tribune du Dimanche;elm:context_link;itc:0;sec:content-canvas\" class=\"link \">La Tribune du Dimanche<\/a>, l\u2019ancien patron de l\u2019<a href=\"https:\/\/www.20minutes.fr\/sport\/ol\/?at_medium=RSS%20feed&amp;at_campaign=ynews&amp;utm_source=yahoo&amp;utm_medium=rss&amp;utm_campaign=news_feed&amp;utm_content=in_article_link\" rel=\"nofollow noopener\" target=\"_blank\" data-ylk=\"slk:Olympique lyonnais;elm:context_link;itc:0;sec:content-canvas\" class=\"link \">Olympique lyonnais<\/a> affirme vouloir \u00ab\u00a0refonder\u00a0\u00bb la vie publique de <a href=\"https:\/\/www.20minutes.fr\/lyon\/?at_medium=RSS%20feed&amp;at_campaign=ynews&amp;utm_source=yahoo&amp;utm_medium=rss&amp;utm_campaign=news_feed&amp;utm_content=in_article_link\" rel=\"nofollow noopener\" target=\"_blank\" data-ylk=\"slk:Lyon;elm:context_link;itc:0;sec:content-canvas\" class=\"link \">Lyon<\/a>, apr\u00e8s avoir \u00ab\u00a0construit\u00a0\u00bb dans le <a href=\"https:\/\/www.20minutes.fr\/sport\/football\/?at_medium=RSS%20feed&amp;at_campaign=ynews&amp;utm_source=yahoo&amp;utm_medium=rss&amp;utm_campaign=news_feed&amp;utm_content=in_article_link\" rel=\"nofollow noopener\" target=\"_blank\" data-ylk=\"slk:football;elm:context_link;itc:0;sec:content-canvas\" class=\"link \">football<\/a>. Mais alors que les <a href=\"https:\/\/www.20minutes.fr\/municipales\/?at_medium=RSS%20feed&amp;at_campaign=ynews&amp;utm_source=yahoo&amp;utm_medium=rss&amp;utm_campaign=news_feed&amp;utm_content=in_article_link\" rel=\"nofollow noopener\" target=\"_blank\" data-ylk=\"slk:\u00e9lections municipales;elm:context_link;itc:0;sec:content-canvas\" class=\"link \">\u00e9lections municipales<\/a> approchent, <a href=\"https:\/\/www.20minutes.fr\/politique\/4148137-20250413-municipales-2026-lyon-rassembleur-fait-ca-si-jean-michel-aulas-prochain-maire?at_medium=RSS%20feed&amp;at_campaign=ynews&amp;utm_source=yahoo&amp;utm_medium=rss&amp;utm_campaign=news_feed&amp;utm_content=in_article_link\" rel=\"nofollow noopener\" target=\"_blank\" data-ylk=\"slk:il n\u2019a toujours pas officialis\u00e9 sa candidature;elm:context_link;itc:0;sec:content-canvas\" class=\"link \">il n\u2019a toujours pas officialis\u00e9 sa candidature<\/a>.<\/p>\n<p>Dans cet article, l\u2019ex-patron de l\u2019Olympique lyonnais transpose son exp\u00e9rience sportive et entrepreneuriale \u00e0 la politique locale, avec des m\u00e9taphores \u00e0 foison. \u00ab\u00a0Je veux que Lyon renoue avec son histoire et fasse de la culture non pas une variable d\u2019ajustement, mais une priorit\u00e9, parce qu\u2019elle est ce qui relie, inspire et donne sens \u00e0 l\u2019action collective\u00a0\u00bb, dit-il encore.<\/p>\n<p>\u00ab\u00a0Une ville qui pense loin\u00a0\u00bb<\/p>\n<p>Jean-Michel Aulas d\u00e9fend l\u2019id\u00e9e qu\u2019il \u00ab\u00a0n\u2019existe pas de cloison\u00a0\u00bb entre les mondes du \u00ab\u00a0sport, de la soci\u00e9t\u00e9 et de la politique\u00a0\u00bb, mais des \u00ab\u00a0passerelles\u00a0\u00bb o\u00f9 la gestion des tensions doit toujours servir l\u2019int\u00e9r\u00eat collectif. \u00ab\u00a0Dans l\u2019entreprise comme dans le football, j\u2019ai construit. Dans la vie publique, je voudrais d\u00e9sormais refonder\u00a0\u00bb, affirme-t-il.<\/p>\n<p>L\u2019homme d\u2019affaires r\u00e9sume sa vision de \u00ab\u00a0faire ville\u00a0\u00bb par \u00ab\u00a0rayonner sans diviser\u00a0\u00bb et \u00ab\u00a0ouvrir sans diluer\u00a0\u00bb. Sans citer directement la majorit\u00e9 en place, il laisse entendre qu\u2019il veut proposer une alternative politique.<\/p>\n<p><a href=\"https:\/\/www.20minutes.fr\/municipales\/\" rel=\"nofollow noopener\" target=\"_blank\" data-ylk=\"slk:Notre dossier sur les \u00e9lections municipales 2026;elm:context_link;itc:0;sec:content-canvas\" class=\"link \">Notre dossier sur les \u00e9lections municipales 2026<\/a><\/p>\n<p>\u00ab\u00a0\u00c0 ceux qui opposent culture et \u00e9conomie, lien social et performance, solidarit\u00e9 et exigence,(&#8230;)<\/p>\n<p><a href=\"https:\/\/www.20minutes.fr\/politique\/4169247-20250824-municipales-2026-lyon-jean-michel-aulas-devoile-ambitions-ville-toujours-etre-candidat?at_medium=RSS%20feed&amp;at_campaign=ynews&amp;utm_source=yahoo&amp;utm_medium=rss&amp;utm_campaign=news_feed&amp;utm_content=read_more_link&quot;\" rel=\"nofollow noopener\" target=\"_blank\" data-ylk=\"slk:Lire la suite sur 20minutes;elm:context_link;itc:0;sec:content-canvas\" class=\"link \">Lire la suite sur 20minutes<\/a><\/p>\n<p>\u00c0 lire aussi :<br \/><a href=\"https:\/\/www.20minutes.fr\/politique\/4148137-20250413-municipales-2026-lyon-rassembleur-fait-ca-si-jean-michel-aulas-prochain-maire?at_medium=RSS%20feed&amp;at_campaign=ynews&amp;utm_source=yahoo&amp;utm_medium=rss&amp;utm_campaign=news_feed&amp;utm_content=related_content_link\" rel=\"nofollow noopener\" target=\"_blank\" data-ylk=\"slk:Municipales\u00a02026 \u00e0 Lyon\u00a0: \u00ab\u00a0Rassembleur\u00a0\u00bb ou \u00ab\u00a0pas fait pour \u00e7a\u00a0\u00bb\u2026 Et si Jean-Michel Aulas \u00e9tait le prochain maire\u00a0?;elm:context_link;itc:0;sec:content-canvas\" class=\"link \">Municipales\u00a02026 \u00e0 Lyon\u00a0: \u00ab\u00a0Rassembleur\u00a0\u00bb ou \u00ab\u00a0pas fait pour \u00e7a\u00a0\u00bb\u2026 Et si Jean-Michel Aulas \u00e9tait le prochain maire\u00a0?<\/a><br \/><a href=\"https:\/\/www.20minutes.fr\/politique\/4142801-20250320-municipales-2026-lyon-chefs-cuisiniers-entreprise-parti-presente-etre-maire?at_medium=RSS%20feed&amp;at_campaign=ynews&amp;utm_source=yahoo&amp;utm_medium=rss&amp;utm_campaign=news_feed&amp;utm_content=related_content_link\" rel=\"nofollow noopener\" target=\"_blank\" data-ylk=\"slk:Municipales\u00a02026 \u00e0 Lyon\u00a0: Des chefs cuisiniers ou d\u2019entreprise mais pas de parti\u2026 Qui se pr\u00e9sente pour \u00eatre maire\u00a0?;elm:context_link;itc:0;sec:content-canvas\" class=\"link \">Municipales\u00a02026 \u00e0 Lyon\u00a0: Des chefs cuisiniers ou d\u2019entreprise mais pas de parti\u2026 Qui se pr\u00e9sente pour \u00eatre maire\u00a0?<\/a><\/p>\n","protected":false},"excerpt":{"rendered":"\u00c9LECTIONS &#8211; Dans une tribune publi\u00e9e dimanche dans \u00ab\u00a0La Tribune du Dimanche\u00a0\u00bb, l\u2019ex-pr\u00e9sident de l\u2019Olympique lyonnais a annonc\u00e9&hellip;\n","protected":false},"author":2,"featured_media":340620,"comment_status":"","ping_status":"","sticky":false,"template":"","format":"standard","meta":{"footnotes":""},"categories":[1889],"tags":[1111,11,2430,4188,1777,674,1011,27,5227,3279,34719,2428,12,26086,25],"class_list":{"0":"post-340619","1":"post","2":"type-post","3":"status-publish","4":"format-standard","5":"has-post-thumbnail","7":"category-lyon","8":"tag-actu","9":"tag-actualites","10":"tag-auvergne-rhone-alpes","11":"tag-elections-municipales","12":"tag-eu","13":"tag-europe","14":"tag-fr","15":"tag-france","16":"tag-jean-michel-aulas","17":"tag-lolympique-lyonnais","18":"tag-la-societe","19":"tag-lyon","20":"tag-news","21":"tag-politique-locale","22":"tag-republique-francaise"},"share_on_mastodon":{"url":"https:\/\/pubeurope.com\/@fr\/115083855957932162","error":""},"_links":{"self":[{"href":"https:\/\/www.europesays.com\/fr\/wp-json\/wp\/v2\/posts\/340619","targetHints":{"allow":["GET"]}}],"collection":[{"href":"https:\/\/www.europesays.com\/fr\/wp-json\/wp\/v2\/posts"}],"about":[{"href":"https:\/\/www.europesays.com\/fr\/wp-json\/wp\/v2\/types\/post"}],"author":[{"embeddable":true,"href":"https:\/\/www.europesays.com\/fr\/wp-json\/wp\/v2\/users\/2"}],"replies":[{"embeddable":true,"href":"https:\/\/www.europesays.com\/fr\/wp-json\/wp\/v2\/comments?post=340619"}],"version-history":[{"count":0,"href":"https:\/\/www.europesays.com\/fr\/wp-json\/wp\/v2\/posts\/340619\/revisions"}],"wp:featuredmedia":[{"embeddable":true,"href":"https:\/\/www.europesays.com\/fr\/wp-json\/wp\/v2\/media\/340620"}],"wp:attachment":[{"href":"https:\/\/www.europesays.com\/fr\/wp-json\/wp\/v2\/media?parent=340619"}],"wp:term":[{"taxonomy":"category","embeddable":true,"href":"https:\/\/www.europesays.com\/fr\/wp-json\/wp\/v2\/categories?post=340619"},{"taxonomy":"post_tag","embeddable":true,"href":"https:\/\/www.europesays.com\/fr\/wp-json\/wp\/v2\/tags?post=340619"}],"curies":[{"name":"wp","href":"https:\/\/api.w.org\/{rel}","templated":true}]}}