{"id":340621,"date":"2025-08-24T13:00:13","date_gmt":"2025-08-24T13:00:13","guid":{"rendered":"https:\/\/www.europesays.com\/fr\/340621\/"},"modified":"2025-08-24T13:00:13","modified_gmt":"2025-08-24T13:00:13","slug":"la-recente-vague-de-chaleur-en-espagne-a-ete-la-plus-intense-jamais-enregistree-dans-le-pays","status":"publish","type":"post","link":"https:\/\/www.europesays.com\/fr\/340621\/","title":{"rendered":"La r\u00e9cente vague de chaleur en Espagne a \u00e9t\u00e9 la plus intense jamais enregistr\u00e9e dans le pays"},"content":{"rendered":"<p class=\"c-chapo \">\n  Selon des donn\u00e9es provisoires, elle a d\u00e9pass\u00e9 celle de juillet 2022, avec des temp\u00e9ratures sup\u00e9rieures de 4,6\u00b0C \u00e0 celles d&rsquo;une vague de chaleur normale, selon l&rsquo;Agence m\u00e9t\u00e9orologique espagnole.\n<\/p>\n<p>            lire plus tard<\/p>\n<p id=\"dialog__title\" class=\"dialog__title\">Pour sauvegarder cet article, connectez-vous ou cr\u00e9ez un compte franceinfo<\/p>\n<p class=\"dialog__description\">Sans paiement. Sans abonnement.<\/p>\n<p>        Fermer la fen\u00eatre d\u2019activation des notifications France Info<\/p>\n<p>            cr\u00e9er votre compte<\/p>\n<p>            se connecter<\/p>\n<p>        Fermer la fen\u00eatre de pr\u00e9sentation<\/p>\n<p>    <img loading=\"lazy\" decoding=\"async\" class=\"signature__image lazyload\" width=\"100\" height=\"100\" data- alt=\"\" src=\"https:\/\/www.europesays.com\/fr\/wp-content\/uploads\/2025\/05\/64a68815cd1a7_placeholder-36b69ec8.png\"\/><\/p>\n<p>    Publi\u00e9 le 24\/08\/2025 12:04<\/p>\n<p>        Temps de lecture : 2min<\/p>\n<p>    <img decoding=\"async\"  alt=\"Un homme se rafra\u00eechit \u00e0 une fontaine \u00e0 S\u00e9ville (Espagne), le 12 ao\u00fbt 2025. (CRISTINA QUICLER \/ AFP)\" width=\"432\" height=\"243\" src=\"https:\/\/www.europesays.com\/fr\/wp-content\/uploads\/2025\/08\/000-69cv2ah-68aae33f083f4026237996.jpg\" fetchpriority=\"high\"\/><\/p>\n<p>      Un homme se rafra\u00eechit \u00e0 une fontaine \u00e0 S\u00e9ville (Espagne), le 12 ao\u00fbt 2025. (CRISTINA QUICLER \/ AFP)<\/p>\n<p>La vague de chaleur qui a frapp\u00e9 l&rsquo;Espagne pendant seize jours en ao\u00fbt a \u00e9t\u00e9 \u00ab\u00a0la plus intense depuis qu&rsquo;il existe des relev\u00e9s\u00a0\u00bb dans le pays, a annonc\u00e9 dimanche 24\u00a0ao\u00fbt l&rsquo;Agence m\u00e9t\u00e9orologique nationale (Aemet) sur le r\u00e9seau social X. Selon des donn\u00e9es provisoires, elle a d\u00e9pass\u00e9 <a href=\"https:\/\/www.franceinfo.fr\/environnement\/evenements-meteorologiques-extremes\/vagues-de-chaleur-canicules\/espagne-le-pays-est-affecte-par-une-troisieme-vague-de-chaleur-depuis-juin_5290096.html\" rel=\"nofollow noopener\" target=\"_blank\">celle de juillet 2022<\/a>, avec des temp\u00e9ratures sup\u00e9rieures de 4,6\u00b0C \u00e0 celles d&rsquo;une vague de chaleur normale.<\/p>\n<blockquote class=\"twitter-tweet\">\n<p lang=\"es\" dir=\"ltr\">\ud83d\udcc8\ud83e\uddf5La reciente ola de calor ha sido la m\u00e1s intensa desde que hay registros en Espa\u00f1a.<\/p>\n<p>\u2192 Con datos provisionales, tuvo una anomal\u00eda de 4.6 \u00b0C y supera a la de julio de 2022, la m\u00e1s intensa hasta ahora con 4.5 \u00b0C de anomal\u00eda. <a href=\"https:\/\/t.co\/shnuYAEThU\" rel=\"nofollow\">pic.twitter.com\/shnuYAEThU<\/a><\/p>\n<p>\u2014 AEMET (@AEMET_Esp) <a href=\"https:\/\/twitter.com\/AEMET_Esp\/status\/1959503228577423771?ref_src=twsrc%5Etfw\" rel=\"nofollow noopener\" target=\"_blank\">August 24, 2025<\/a><\/p><\/blockquote>\n<p>Depuis le d\u00e9but de l&rsquo;\u00e9t\u00e9, l&rsquo;Espagne est frapp\u00e9e par une s\u00e9rie d&rsquo;\u00e9pisodes de chaleurs extr\u00eames. L&rsquo;agence m\u00e9t\u00e9orologique nationale a relev\u00e9 des temp\u00e9ratures proches de 45\u00b0C dans plusieurs provinces du pays, rapporte <a href=\"https:\/\/elpais.com\/clima-y-medio-ambiente\/2025-08-13\/la-aemet-preve-que-los-primeros-20-dias-de-este-agosto-sean-los-mas-calidos-en-espana-desde-que-hay-registros.html\" target=\"_blank\" rel=\"noopener nofollow\">El Pais<\/a>. Avec plus de 400\u00a0000 hectares de v\u00e9g\u00e9tation calcin\u00e9s, l&rsquo;Espagne conna\u00eet en 2025 sa pire ann\u00e9e de feux de for\u00eat en termes de surface br\u00fbl\u00e9e depuis 2006, date \u00e0 laquelle les donn\u00e9es en la mati\u00e8re ont commenc\u00e9 \u00e0 \u00eatre enregistr\u00e9es \u00e0 l&rsquo;\u00e9chelle europ\u00e9enne.<\/p>\n<p>Avec le r\u00e9chauffement climatique li\u00e9 aux activit\u00e9s humaines et le recours aux \u00e9nergies fossiles, l&rsquo;Europe se r\u00e9chauffe <a href=\"https:\/\/www.franceinfo.fr\/environnement\/onvousrepond-climat\/l-europe-se-rechauffe-t-elle-plus-vite-que-le-reste-de-la-planete-onvousrepond-climat_7111725.html\" rel=\"nofollow noopener\" target=\"_blank\">deux fois plus vite<\/a> que la moyenne de la plan\u00e8te. Les vagues de chaleur vont continuer de devenir de plus en plus <a href=\"https:\/\/www.franceinfo.fr\/environnement\/evenements-meteorologiques-extremes\/vagues-de-chaleur-canicules\/plus-precoces-plus-intenses-et-plus-longues-visualisez-l-acceleration-des-vagues-de-chaleur-en-france_7317240.html\" rel=\"nofollow noopener\" target=\"_blank\">pr\u00e9coces, intenses et longues<\/a>. En 2050, dans une France \u00e0 +2,7\u00b0C par rapport \u00e0 la p\u00e9riode pr\u00e9industrielle, le nombre de jours de vagues de chaleur sera multipli\u00e9 par cinq, selon M\u00e9t\u00e9o-France. Et par 10 dans une France \u00e0 +4\u00b0C, d&rsquo;ici \u00e0 2100.<\/p>\n<p> Depuis le XIXe si\u00e8cle, la temp\u00e9rature moyenne de la Terre   <a href=\"https:\/\/www.franceinfo.fr\/environnement\/crise-climatique\/infographies-climat-fait-il-chaud-ou-froid-pour-la-saison-comparez-la-meteo-du-jour-a-l-historique-des-temperatures-des-dernieres-decennies_5703086.html\" rel=\"nofollow noopener\" target=\"_blank\">  s&rsquo;est r\u00e9chauff\u00e9e de 1,1\u00b0C<\/a>. Les scientifiques ont \u00e9tabli avec certitude que cette hausse est due aux activit\u00e9s humaines, consommatrices d&rsquo;\u00e9nergies fossiles (charbon, p\u00e9trole et gaz). Ce r\u00e9chauffement, in\u00e9dit par sa rapidit\u00e9, menace l&rsquo;avenir de nos soci\u00e9t\u00e9s et la biodiversit\u00e9. Mais des solutions \u2013\u00a0\u00e9nergies renouvelables, sobri\u00e9t\u00e9, diminution de la consommation de viande\u00a0\u2013 existent.   <a href=\"https:\/\/www.franceinfo.fr\/monde\/environnement\/crise-climatique\/changement-climatique-nos-reponses-a-toutes-les-questions-que-vous-vous-posez.html\" rel=\"nofollow noopener\" target=\"_blank\">  D\u00e9couvrez nos r\u00e9ponses \u00e0 vos questions  <\/a>   sur la crise climatique. <\/p>\n<p class=\"related-tags__title\" role=\"heading\" aria-level=\"2\">les mots-cl\u00e9s associ\u00e9s \u00e0 cet article\n    <\/p>\n<p>                <script async src=\"https:\/\/platform.twitter.com\/widgets.js\" charset=\"utf-8\"><\/script><\/p>\n","protected":false},"excerpt":{"rendered":"Selon des donn\u00e9es provisoires, elle a d\u00e9pass\u00e9 celle de juillet 2022, avec des temp\u00e9ratures sup\u00e9rieures de 4,6\u00b0C \u00e0&hellip;\n","protected":false},"author":2,"featured_media":340622,"comment_status":"","ping_status":"","sticky":false,"template":"","format":"standard","meta":{"footnotes":""},"categories":[1888],"tags":[1111,1928,11,1927,1777,674,1011,27,12,1926,626,1925,25],"class_list":{"0":"post-340621","1":"post","2":"type-post","3":"status-publish","4":"format-standard","5":"has-post-thumbnail","7":"category-paris","8":"tag-actu","9":"tag-actu-paris","10":"tag-actualites","11":"tag-actualites-paris","12":"tag-eu","13":"tag-europe","14":"tag-fr","15":"tag-france","16":"tag-news","17":"tag-news-paris","18":"tag-paris","19":"tag-paris-news","20":"tag-republique-francaise"},"share_on_mastodon":{"url":"https:\/\/pubeurope.com\/@fr\/115083871999575584","error":""},"_links":{"self":[{"href":"https:\/\/www.europesays.com\/fr\/wp-json\/wp\/v2\/posts\/340621","targetHints":{"allow":["GET"]}}],"collection":[{"href":"https:\/\/www.europesays.com\/fr\/wp-json\/wp\/v2\/posts"}],"about":[{"href":"https:\/\/www.europesays.com\/fr\/wp-json\/wp\/v2\/types\/post"}],"author":[{"embeddable":true,"href":"https:\/\/www.europesays.com\/fr\/wp-json\/wp\/v2\/users\/2"}],"replies":[{"embeddable":true,"href":"https:\/\/www.europesays.com\/fr\/wp-json\/wp\/v2\/comments?post=340621"}],"version-history":[{"count":0,"href":"https:\/\/www.europesays.com\/fr\/wp-json\/wp\/v2\/posts\/340621\/revisions"}],"wp:featuredmedia":[{"embeddable":true,"href":"https:\/\/www.europesays.com\/fr\/wp-json\/wp\/v2\/media\/340622"}],"wp:attachment":[{"href":"https:\/\/www.europesays.com\/fr\/wp-json\/wp\/v2\/media?parent=340621"}],"wp:term":[{"taxonomy":"category","embeddable":true,"href":"https:\/\/www.europesays.com\/fr\/wp-json\/wp\/v2\/categories?post=340621"},{"taxonomy":"post_tag","embeddable":true,"href":"https:\/\/www.europesays.com\/fr\/wp-json\/wp\/v2\/tags?post=340621"}],"curies":[{"name":"wp","href":"https:\/\/api.w.org\/{rel}","templated":true}]}}