{"id":340632,"date":"2025-08-24T13:06:09","date_gmt":"2025-08-24T13:06:09","guid":{"rendered":"https:\/\/www.europesays.com\/fr\/340632\/"},"modified":"2025-08-24T13:06:09","modified_gmt":"2025-08-24T13:06:09","slug":"liran-ne-se-pliera-pas-aux-etats-unis","status":"publish","type":"post","link":"https:\/\/www.europesays.com\/fr\/340632\/","title":{"rendered":"l\u2019Iran ne se pliera pas aux \u00c9tats-Unis"},"content":{"rendered":"<p>Dimanche, le guide supr\u00eame iranien, l\u2019ayatollah Ali Khamenei, a appel\u00e9 \u00e0 un front national uni pour faire face \u00e0 ce qu\u2019il a qualifi\u00e9 de tentatives des \u00c9tats-Unis de soumettre la R\u00e9publique islamique.<\/p>\n<p>Ces d\u00e9clarations, prononc\u00e9es dans une mosqu\u00e9e de la capitale et publi\u00e9es sur le site officiel de Khamenei, interviennent deux mois apr\u00e8s la fin des combats entre l\u2019Iran et son ennemi jur\u00e9 Isra\u00ebl, conflit auquel les \u00c9tats-Unis ont bri\u00e8vement particip\u00e9, et alors que T\u00e9h\u00e9ran est engag\u00e9 dans des n\u00e9gociations avec les puissances mondiales sur son programme nucl\u00e9aire.<\/p>\n<p>Selon Khamenei, les rares attaques isra\u00e9liennes et am\u00e9ricaines de juin, visant des sites nucl\u00e9aires cl\u00e9s et entra\u00eenant des repr\u00e9sailles iraniennes, visaient \u00e0 d\u00e9stabiliser la R\u00e9publique islamique.<\/p>\n<p>Il a affirm\u00e9 qu\u2019un jour apr\u00e8s \u00abl\u2019attaque contre l\u2019Iran\u00bb par Isra\u00ebl au d\u00e9but de la guerre, des \u00abagents am\u00e9ricains\u00bb se sont r\u00e9unis en Europe \u00abpour d\u00e9cider quel gouvernement devrait diriger l\u2019Iran apr\u00e8s la R\u00e9publique islamique\u00bb. Selon lui, les \u00c9tats-Unis cherchent en r\u00e9alit\u00e9 \u00e0 rendre l\u2019Iran \u00absoumis\u00bb.<\/p>\n<p>Le guide supr\u00eame a assur\u00e9 que le pays est sorti renforc\u00e9 de la guerre de 12 jours de juin, la confrontation directe la plus intense de son histoire avec Isra\u00ebl et les \u00c9tats-Unis.<\/p>\n<p>\u00abLa nation iranienne, en restant ferme aux c\u00f4t\u00e9s des forces arm\u00e9es, du gouvernement et du syst\u00e8me, a inflig\u00e9 un coup dur\u00bb \u00e0 ses ennemis, a d\u00e9clar\u00e9 Khamenei.<\/p>\n<p>Il a \u00e9galement mis en garde contre les divisions internes, qu\u2019il accuse les puissances \u00e9trang\u00e8res de vouloir provoquer.<\/p>\n<p>\u00abLa voie pour l\u2019ennemi est de cr\u00e9er la discorde\u00bb en Iran, a-t-il d\u00e9clar\u00e9, bl\u00e2mant les \u00abagents de l\u2019Am\u00e9rique et du r\u00e9gime sioniste,\u00bb en r\u00e9f\u00e9rence \u00e0 Isra\u00ebl, pour tenter de semer la division.<\/p>\n<p>\u00abAujourd\u2019hui, gr\u00e2ce \u00e0 Dieu, le pays est uni. Il y a des divergences, mais quand il s\u2019agit de d\u00e9fendre le syst\u00e8me, le pays et de s\u2019opposer \u00e0 l\u2019ennemi, le peuple est uni\u00bb, a ajout\u00e9 Khamenei.<\/p>\n<p>Les relations entre T\u00e9h\u00e9ran et Washington ont \u00e9t\u00e9 rompues apr\u00e8s la r\u00e9volution islamique de 1979 et la crise des otages \u00e0 l\u2019ambassade am\u00e9ricaine.<\/p>\n<p>Depuis, Washington a impos\u00e9 plusieurs s\u00e9ries de sanctions \u00e0 l\u2019Iran, la plus r\u00e9cente concernant son programme nucl\u00e9aire. Les \u00c9tats-Unis et leurs alli\u00e9s accusent T\u00e9h\u00e9ran de chercher \u00e0 se doter d\u2019armes nucl\u00e9aires, accusation que l\u2019Iran d\u00e9ment.<\/p>\n<p>La guerre de juin a \u00e9clat\u00e9 alors que T\u00e9h\u00e9ran et Washington devaient tenir leur sixi\u00e8me round de n\u00e9gociations sur le nucl\u00e9aire iranien, mais le conflit a interrompu les discussions engag\u00e9es quelques semaines plus t\u00f4t.<\/p>\n<p>L\u2019Iran doit rencontrer mardi le Royaume-Uni, la France et l\u2019Allemagne pour des pourparlers nucl\u00e9aires, les puissances europ\u00e9ennes mena\u00e7ant de r\u00e9imposer des sanctions si aucun accord n\u2019est trouv\u00e9.<\/p>\n<p>AFP<\/p>\n","protected":false},"excerpt":{"rendered":"Dimanche, le guide supr\u00eame iranien, l\u2019ayatollah Ali Khamenei, a appel\u00e9 \u00e0 un front national uni pour faire face&hellip;\n","protected":false},"author":2,"featured_media":340633,"comment_status":"","ping_status":"","sticky":false,"template":"","format":"standard","meta":{"footnotes":""},"categories":[1589],"tags":[11,73,1866,12,1864,1865,1863,308],"class_list":{"0":"post-340632","1":"post","2":"type-post","3":"status-publish","4":"format-standard","5":"has-post-thumbnail","7":"category-etats-unis","8":"tag-actualites","9":"tag-etats-unis","10":"tag-etats-unis-damerique","11":"tag-news","12":"tag-united-states","13":"tag-united-states-of-america","14":"tag-us","15":"tag-usa"},"share_on_mastodon":{"url":"https:\/\/pubeurope.com\/@fr\/115083895380973307","error":""},"_links":{"self":[{"href":"https:\/\/www.europesays.com\/fr\/wp-json\/wp\/v2\/posts\/340632","targetHints":{"allow":["GET"]}}],"collection":[{"href":"https:\/\/www.europesays.com\/fr\/wp-json\/wp\/v2\/posts"}],"about":[{"href":"https:\/\/www.europesays.com\/fr\/wp-json\/wp\/v2\/types\/post"}],"author":[{"embeddable":true,"href":"https:\/\/www.europesays.com\/fr\/wp-json\/wp\/v2\/users\/2"}],"replies":[{"embeddable":true,"href":"https:\/\/www.europesays.com\/fr\/wp-json\/wp\/v2\/comments?post=340632"}],"version-history":[{"count":0,"href":"https:\/\/www.europesays.com\/fr\/wp-json\/wp\/v2\/posts\/340632\/revisions"}],"wp:featuredmedia":[{"embeddable":true,"href":"https:\/\/www.europesays.com\/fr\/wp-json\/wp\/v2\/media\/340633"}],"wp:attachment":[{"href":"https:\/\/www.europesays.com\/fr\/wp-json\/wp\/v2\/media?parent=340632"}],"wp:term":[{"taxonomy":"category","embeddable":true,"href":"https:\/\/www.europesays.com\/fr\/wp-json\/wp\/v2\/categories?post=340632"},{"taxonomy":"post_tag","embeddable":true,"href":"https:\/\/www.europesays.com\/fr\/wp-json\/wp\/v2\/tags?post=340632"}],"curies":[{"name":"wp","href":"https:\/\/api.w.org\/{rel}","templated":true}]}}