{"id":340634,"date":"2025-08-24T13:07:10","date_gmt":"2025-08-24T13:07:10","guid":{"rendered":"https:\/\/www.europesays.com\/fr\/340634\/"},"modified":"2025-08-24T13:07:10","modified_gmt":"2025-08-24T13:07:10","slug":"en-angleterre-les-migrants-en-bouc-emissaire-des-souffrances-sociales-liberation","status":"publish","type":"post","link":"https:\/\/www.europesays.com\/fr\/340634\/","title":{"rendered":"En Angleterre, les migrants en bouc \u00e9missaire des souffrances sociales \u2013 Lib\u00e9ration"},"content":{"rendered":"<p class=\"sc-ksZaOG ehjQrN text-element\">La semaine avait d\u00e9j\u00e0 commenc\u00e9 par des \u00e9talages massifs de drapeaux. L\u2019Union Jack et l\u2019\u00e9tendard anglais \u00e0 la croix de saint Georges ont fleuri sur les lampadaires britanniques ces derniers jours, accroch\u00e9s l\u00e0 par des citoyens \u00abpatriotes\u00bb et financ\u00e9s par des cagnottes en ligne. Derri\u00e8re le mouvement, baptis\u00e9 \u00abOp\u00e9ration hisser les couleurs\u00bb, la trace de figures de l\u2019extr\u00eame droite et de partis fascistes tels que Britain First, qui encouragent cet \u00e9talage de \u00abfiert\u00e9 nationale\u00bb.<\/p>\n<p class=\"sc-ksZaOG ehjQrN text-element\">Un motif raccord avec le programme du week-end. A nouveau, les drapeaux sont apparus en masse, vendredi et samedi, sur les \u00e9paules et entre les mains <a href=\"https:\/\/www.liberation.fr\/international\/europe\/manifestations-anti-migrants-week-end-sous-tension-au-royaume-uni-20250809_WWFHXP3TMVDRBBEXNFUOIRKDX4\/\" target=\"_blank\" rel=\"noopener\" title=\"https:\/\/www.liberation.fr\/international\/europe\/manifestations-anti-migrants-week-end-sous-tension-au-royaume-uni-20250809_WWFHXP3TMVDRBBEXNFUOIRKDX4\/\">de manifestants anti-immigration<\/a> qui s\u2019\u00e9taient rassembl\u00e9s \u00e0 Newcastle, Bristol, Liverpool ou encore Perth. En tout, une trentaine de rassemblements ont \u00e9t\u00e9 annonc\u00e9s, en Angleterre et dans le reste du Royaume-Uni. A Orpington, ville de la grande banlieue de Londres, les premiers d\u2019entre eux se sont retrouv\u00e9s en fin d\u2019apr\u00e8s-midi, devant un des h\u00f4tels o\u00f9 sont log\u00e9s des demandeurs d\u2019asile. Les policiers aux visages ferm\u00e9s les attendaient en transpirant, entass\u00e9s par dix dans leurs Fort Transit, gilets anti-cou<\/p>\n","protected":false},"excerpt":{"rendered":"La semaine avait d\u00e9j\u00e0 commenc\u00e9 par des \u00e9talages massifs de drapeaux. L\u2019Union Jack et l\u2019\u00e9tendard anglais \u00e0 la&hellip;\n","protected":false},"author":2,"featured_media":340635,"comment_status":"","ping_status":"","sticky":false,"template":"","format":"standard","meta":{"footnotes":""},"categories":[1588],"tags":[11,1777,674,1061,2581,12,473,1853,1851,1850,1852],"class_list":{"0":"post-340634","1":"post","2":"type-post","3":"status-publish","4":"format-standard","5":"has-post-thumbnail","7":"category-royaume-uni","8":"tag-actualites","9":"tag-eu","10":"tag-europe","11":"tag-immigration","12":"tag-keir-starmer","13":"tag-news","14":"tag-royaume-uni","15":"tag-royaume-uni-de-grande-bretagne-et-dirlande-du-nord","16":"tag-uk","17":"tag-united-kingdom","18":"tag-united-kingdom-of-great-britain-and-northern-ireland"},"share_on_mastodon":{"url":"https:\/\/pubeurope.com\/@fr\/115083899296302182","error":""},"_links":{"self":[{"href":"https:\/\/www.europesays.com\/fr\/wp-json\/wp\/v2\/posts\/340634","targetHints":{"allow":["GET"]}}],"collection":[{"href":"https:\/\/www.europesays.com\/fr\/wp-json\/wp\/v2\/posts"}],"about":[{"href":"https:\/\/www.europesays.com\/fr\/wp-json\/wp\/v2\/types\/post"}],"author":[{"embeddable":true,"href":"https:\/\/www.europesays.com\/fr\/wp-json\/wp\/v2\/users\/2"}],"replies":[{"embeddable":true,"href":"https:\/\/www.europesays.com\/fr\/wp-json\/wp\/v2\/comments?post=340634"}],"version-history":[{"count":0,"href":"https:\/\/www.europesays.com\/fr\/wp-json\/wp\/v2\/posts\/340634\/revisions"}],"wp:featuredmedia":[{"embeddable":true,"href":"https:\/\/www.europesays.com\/fr\/wp-json\/wp\/v2\/media\/340635"}],"wp:attachment":[{"href":"https:\/\/www.europesays.com\/fr\/wp-json\/wp\/v2\/media?parent=340634"}],"wp:term":[{"taxonomy":"category","embeddable":true,"href":"https:\/\/www.europesays.com\/fr\/wp-json\/wp\/v2\/categories?post=340634"},{"taxonomy":"post_tag","embeddable":true,"href":"https:\/\/www.europesays.com\/fr\/wp-json\/wp\/v2\/tags?post=340634"}],"curies":[{"name":"wp","href":"https:\/\/api.w.org\/{rel}","templated":true}]}}