{"id":340642,"date":"2025-08-24T13:11:12","date_gmt":"2025-08-24T13:11:12","guid":{"rendered":"https:\/\/www.europesays.com\/fr\/340642\/"},"modified":"2025-08-24T13:11:12","modified_gmt":"2025-08-24T13:11:12","slug":"deux-enfants-dune-meme-famille-meurent-par-noyade-dans-un-parc-municipal-2","status":"publish","type":"post","link":"https:\/\/www.europesays.com\/fr\/340642\/","title":{"rendered":"deux enfants d&rsquo;une m\u00eame famille meurent par noyade dans un parc municipal"},"content":{"rendered":"<p class=\"article-p mdl\">La s\u00e9rie noire des noyades se poursuit en France. \u00c0 Orly, dans le Val-de-Marne, deux enfants de trois ans d&rsquo;une m\u00eame famille sont morts par noyade samedi apr\u00e8s-midi dans un parc municipal. Ils \u00e9taient <strong>en compagnie de deux adultes<\/strong>, dont le p\u00e8re de l&rsquo;un d&rsquo;eux ainsi qu&rsquo;un autre membre de la famille, selon une source judiciaire.<\/p>\n<p class=\"article-p mdl\">L&rsquo;un des enfants \u00e9tait sur un petit v\u00e9lo, tandis que l&rsquo;autre le suivait \u00e0 pied. Ils ont \u00e9chapp\u00e9 \u00e0 la surveillance du p\u00e8re, qui s&rsquo;est mis \u00e0 les chercher quand il a r\u00e9alis\u00e9 qu&rsquo;il ne les voyait plus. Il a alors d\u00e9couvert un v\u00e9lo sur la berge de ce plan d&rsquo;eau d\u00e9coratif o\u00f9 la baignade est interdite.\u00a0<\/p>\n<p class=\"article-p mdl\">Un plan d&rsquo;eau entour\u00e9 de barri\u00e8res sur une moiti\u00e9, mais qui n&rsquo;est pas du tout s\u00e9curis\u00e9 de l&rsquo;autre c\u00f4t\u00e9, vers un terrain d&rsquo;herbe. D&rsquo;apr\u00e8s une source judiciaire, des t\u00e9moins l&rsquo;ont aid\u00e9 \u00e0 rechercher les enfants avant que la police et les pompiers ne soient pr\u00e9venus.\u00a0<\/p>\n<p>            \u00ab\u00a0C&rsquo;est vraiment tragique\u00a0\u00bb<\/p>\n<p class=\"article-p mdl\">Les deux corps ont \u00e9t\u00e9 finalement retrouv\u00e9s dans l&rsquo;eau, sans vie, une demi-heure plus tard. Les habitu\u00e9s de ce plan d&rsquo;eau sont sous le choc : \u00ab\u00a0<strong>C&rsquo;est vraiment tragique<\/strong> par rapport \u00e0 ce qui s&rsquo;est pass\u00e9. Tr\u00e8s triste pour la famille\u00a0\u00bb, commente l&rsquo;un d&rsquo;entre eux. Une enqu\u00eate est ouverte pour recherche des causes de la mort de ces deux jeunes cousins.\u00a0<\/p>\n<p class=\"article-p mdl\">En France,\u00a0<a class=\"link\" href=\"https:\/\/www.rtl.fr\/actu\/debats-societe\/noyade-les-chiffres-alarmants-du-nombre-de-morts-depuis-le-debut-de-l-ete-7900527640\" title=\"Noyade : pourquoi le nombre de morts depuis le d\u00e9but de l&#039;\u00e9t\u00e9 est alarmant\" target=\"_blank\" rel=\"noopener\">268 personnes ont perdu la vie par noyade<\/a>\u00a0du 1er juin au 13 ao\u00fbt, un nombre globalement stable sur un an, ont annonc\u00e9 les autorit\u00e9s sanitaires, qui pointent toutefois <strong>des d\u00e9c\u00e8s d&rsquo;enfants et d&rsquo;adolescents dans les cours d&rsquo;eau plus fr\u00e9quents<\/strong>, ainsi qu&rsquo;en mer pour les adultes.<\/p>\n<p class=\"article-p mdl\">Au total, <strong>1.013 noyades ont \u00e9t\u00e9 recens\u00e9es dans l&rsquo;Hexagone et en Outre-mer <\/strong>(contre 886 sur la m\u00eame p\u00e9riode en 2024, soit une hausse de 14%), dont environ une sur quatre (26%) a \u00e9t\u00e9 mortelle, pr\u00e9cisait vendredi Sant\u00e9 publique France dans son troisi\u00e8me point de l&rsquo;\u00e9t\u00e9.<\/p>\n<p>    La r\u00e9daction vous recommande<\/p>\n<p class=\"s-newsletter__title\">\n                L\u2019actualit\u00e9 par la r\u00e9daction de RTL dans votre bo\u00eete mail.\n            <\/p>\n<p class=\"s-newsletter__subtitle\">\n                Gr\u00e2ce \u00e0 votre compte RTL abonnez-vous \u00e0 la newsletter RTL info pour suivre toute l&rsquo;actualit\u00e9 au quotidien\n            <\/p>\n<p>\n                                    Lire la suite\n                                <\/p>\n","protected":false},"excerpt":{"rendered":"La s\u00e9rie noire des noyades se poursuit en France. \u00c0 Orly, dans le Val-de-Marne, deux enfants de trois&hellip;\n","protected":false},"author":2,"featured_media":340643,"comment_status":"","ping_status":"","sticky":false,"template":"","format":"standard","meta":{"footnotes":""},"categories":[2],"tags":[11,1719,118,107,1011,27,12,40684,25,1125],"class_list":{"0":"post-340642","1":"post","2":"type-post","3":"status-publish","4":"format-standard","5":"has-post-thumbnail","7":"category-actualites","8":"tag-actualites","9":"tag-enfants","10":"tag-faits-divers","11":"tag-fil-info","12":"tag-fr","13":"tag-france","14":"tag-news","15":"tag-noyades","16":"tag-republique-francaise","17":"tag-val-de-marne"},"share_on_mastodon":{"url":"https:\/\/pubeurope.com\/@fr\/115083915055943544","error":""},"_links":{"self":[{"href":"https:\/\/www.europesays.com\/fr\/wp-json\/wp\/v2\/posts\/340642","targetHints":{"allow":["GET"]}}],"collection":[{"href":"https:\/\/www.europesays.com\/fr\/wp-json\/wp\/v2\/posts"}],"about":[{"href":"https:\/\/www.europesays.com\/fr\/wp-json\/wp\/v2\/types\/post"}],"author":[{"embeddable":true,"href":"https:\/\/www.europesays.com\/fr\/wp-json\/wp\/v2\/users\/2"}],"replies":[{"embeddable":true,"href":"https:\/\/www.europesays.com\/fr\/wp-json\/wp\/v2\/comments?post=340642"}],"version-history":[{"count":0,"href":"https:\/\/www.europesays.com\/fr\/wp-json\/wp\/v2\/posts\/340642\/revisions"}],"wp:featuredmedia":[{"embeddable":true,"href":"https:\/\/www.europesays.com\/fr\/wp-json\/wp\/v2\/media\/340643"}],"wp:attachment":[{"href":"https:\/\/www.europesays.com\/fr\/wp-json\/wp\/v2\/media?parent=340642"}],"wp:term":[{"taxonomy":"category","embeddable":true,"href":"https:\/\/www.europesays.com\/fr\/wp-json\/wp\/v2\/categories?post=340642"},{"taxonomy":"post_tag","embeddable":true,"href":"https:\/\/www.europesays.com\/fr\/wp-json\/wp\/v2\/tags?post=340642"}],"curies":[{"name":"wp","href":"https:\/\/api.w.org\/{rel}","templated":true}]}}