{"id":340659,"date":"2025-08-24T13:22:10","date_gmt":"2025-08-24T13:22:10","guid":{"rendered":"https:\/\/www.europesays.com\/fr\/340659\/"},"modified":"2025-08-24T13:22:10","modified_gmt":"2025-08-24T13:22:10","slug":"la-vie-des-ex-gael-lafont-inscrit-son-premier-but-so","status":"publish","type":"post","link":"https:\/\/www.europesays.com\/fr\/340659\/","title":{"rendered":"La vie des ex : Ga\u00ebl Lafont inscrit son premier but so"},"content":{"rendered":"<p>Tandis que ses ex-co\u00e9quipiers de la r\u00e9serve Robinio Vaz et Darryl Bakola r\u00e9alisaient des entr\u00e9es d\u00e9terminantes samedi apr\u00e8s-midi <a href=\"https:\/\/www.laprovence.com\/article\/om\/3260032258606914\/om-paris-fc-5-2-apres-une-semaine-daffaire-rabiot-les-olympiens-ont-enfin-retrouve-leurs-esprits\" target=\"_blank\" rel=\"nofollow noopener\">face au Paris FC (5-2)<\/a>, Ga\u00ebl Lafont inscrivait lui son premier but sous les couleurs du Genoa.<\/p>\n<p>Un club que le jeune (19 ans) milieu de terrain form\u00e9 \u00e0 l&rsquo;OM avait rejoint le 12 ao\u00fbt dernier dans le cadre d&rsquo;un <a href=\"https:\/\/www.laprovence.com\/article\/om\/38567911986103\/mercato-om-gael-lafont-rejoint-le-genoa\" target=\"_blank\" rel=\"nofollow noopener\">transfert gratuit avec un pourcentage \u00e0 la revente<\/a>. Et s&rsquo;il n&rsquo;est pas \u00e0 exclure qu&rsquo;il monte prochainement dans le groupe pro avec Patrick Vieira, le natif d&rsquo;Aix-en-Provence fait pour le moment ses armes dans le championnat d&rsquo;Italie de football Primavera, qui repr\u00e9sente de l&rsquo;autre c\u00f4t\u00e9 des Alpes le sommet de la hi\u00e9rarchie du football des moins de 19 ans.<\/p>\n<p>Apr\u00e8s avoir disput\u00e9 dimanche dernier ses premi\u00e8res minutes face \u00e0 la Lazio Rome, samedi apr\u00e8s-midi il a inscrit son premier but sur penalty face \u00e0 la Fiorentina (1-1).<\/p>\n<p>De bon augure pour la suite puisque la comp\u00e9tition s&rsquo;annonce rude.<\/p>\n<p>Le tournoi se d\u00e9roule en trois phases successives : une saison r\u00e9guli\u00e8re, deux tours de barrage et une phase finale. Le vainqueur sera sacr\u00e9 \u00ab\u00a0Champion Primavera\u00a0\u00bb, un titre tr\u00e8s prestigieux dans le football italien, et se qualifiera pour l&rsquo;UEFA Youth League ainsi que pour la Supercoppa Primavera.<\/p>\n","protected":false},"excerpt":{"rendered":"Tandis que ses ex-co\u00e9quipiers de la r\u00e9serve Robinio Vaz et Darryl Bakola r\u00e9alisaient des entr\u00e9es d\u00e9terminantes samedi apr\u00e8s-midi&hellip;\n","protected":false},"author":2,"featured_media":340660,"comment_status":"","ping_status":"","sticky":false,"template":"","format":"standard","meta":{"footnotes":""},"categories":[1410],"tags":[17,154,63,1011,27,20006,47702,47701,149,3711,60,4717],"class_list":{"0":"post-340659","1":"post","2":"type-post","3":"status-publish","4":"format-standard","5":"has-post-thumbnail","7":"category-football","8":"tag-17","9":"tag-des","10":"tag-football","11":"tag-fr","12":"tag-france","13":"tag-gael","14":"tag-inscrit","15":"tag-lafont","16":"tag-om","17":"tag-son","18":"tag-sports","19":"tag-vie"},"share_on_mastodon":{"url":"https:\/\/pubeurope.com\/@fr\/115083958256716833","error":""},"_links":{"self":[{"href":"https:\/\/www.europesays.com\/fr\/wp-json\/wp\/v2\/posts\/340659","targetHints":{"allow":["GET"]}}],"collection":[{"href":"https:\/\/www.europesays.com\/fr\/wp-json\/wp\/v2\/posts"}],"about":[{"href":"https:\/\/www.europesays.com\/fr\/wp-json\/wp\/v2\/types\/post"}],"author":[{"embeddable":true,"href":"https:\/\/www.europesays.com\/fr\/wp-json\/wp\/v2\/users\/2"}],"replies":[{"embeddable":true,"href":"https:\/\/www.europesays.com\/fr\/wp-json\/wp\/v2\/comments?post=340659"}],"version-history":[{"count":0,"href":"https:\/\/www.europesays.com\/fr\/wp-json\/wp\/v2\/posts\/340659\/revisions"}],"wp:featuredmedia":[{"embeddable":true,"href":"https:\/\/www.europesays.com\/fr\/wp-json\/wp\/v2\/media\/340660"}],"wp:attachment":[{"href":"https:\/\/www.europesays.com\/fr\/wp-json\/wp\/v2\/media?parent=340659"}],"wp:term":[{"taxonomy":"category","embeddable":true,"href":"https:\/\/www.europesays.com\/fr\/wp-json\/wp\/v2\/categories?post=340659"},{"taxonomy":"post_tag","embeddable":true,"href":"https:\/\/www.europesays.com\/fr\/wp-json\/wp\/v2\/tags?post=340659"}],"curies":[{"name":"wp","href":"https:\/\/api.w.org\/{rel}","templated":true}]}}