{"id":340661,"date":"2025-08-24T13:23:11","date_gmt":"2025-08-24T13:23:11","guid":{"rendered":"https:\/\/www.europesays.com\/fr\/340661\/"},"modified":"2025-08-24T13:23:11","modified_gmt":"2025-08-24T13:23:11","slug":"sur-tf1-fauve-hautot-evoque-son-desir-de-maternite","status":"publish","type":"post","link":"https:\/\/www.europesays.com\/fr\/340661\/","title":{"rendered":"Sur TF1, Fauve Hautot \u00e9voque son d\u00e9sir de maternit\u00e9"},"content":{"rendered":"<p>    Fauve Hautot, en avril 2025, sur le tapis rose de Cannes\u00e9ries.<br \/>\n                Castel Franck\/ABACA<\/p>\n<p>Invit\u00e9e, ce samedi 23 ao\u00fbt sur TF1, de \u00ab50\u2019 Inside\u00bb, la danseuse et actrice s\u2019est confi\u00e9e \u00e0 Isabelle Ithurburu sur son rapport \u00e0 la vie et son envie de fonder une famille.<\/p>\n<p class=\"fig-paragraph\">Figure embl\u00e9matique de la version fran\u00e7aise de\u00a0<a href=\"http:\/\/tvmag.lefigaro.fr\/programme-tv\/people\/danse-avec-les-stars-fauve-hautot-presente-son-compagnon-romain-guillermic-en-direct-sur-tf1-20250419\" target=\"_blank\" data-fig-type=\"Article\" rel=\"noopener nofollow\" data-gtm-custom-categorie=\"navigation\" data-gtm-custom-action=\"crossclick\" data-gtm-custom-label=\"Contextuel\" data-gtm-event=\"customEventSPE\" data-fig-domain=\"TVMAG\">\u00abDanse avec les stars\u00bb<\/a>, personnage cl\u00e9 de la r\u00e9cente s\u00e9rie\u00a0<a href=\"http:\/\/tvmag.lefigaro.fr\/programme-tv\/actu-tele\/apprendre-me-rassure-fauve-hautot-est-au-generique-des-series-zonz-et-rien-ne-t-efface-a-canneseries-20250428\" target=\"_blank\" data-fig-type=\"Article\" rel=\"noopener nofollow\" data-gtm-custom-categorie=\"navigation\" data-gtm-custom-action=\"crossclick\" data-gtm-custom-label=\"Contextuel\" data-gtm-event=\"customEventSPE\" data-fig-domain=\"TVMAG\">Rien ne t\u2019efface<\/a>, d\u2019apr\u00e8s Michel Bussi, deux programmes de TF1, la danseuse et d\u00e9sormais actrice\u00a0<a href=\"http:\/\/tvmag.lefigaro.fr\/programme-tv\/actu-tele\/l-artiste-est-completement-dependant-de-toi-fauve-hautot-se-confie-sur-les-coulisses-de-danse-avec-les-stars-20250216\" target=\"_blank\" data-fig-type=\"Article\" rel=\"noopener nofollow\" data-gtm-custom-categorie=\"navigation\" data-gtm-custom-action=\"crossclick\" data-gtm-custom-label=\"Contextuel\" data-gtm-event=\"customEventSPE\" data-fig-domain=\"TVMAG\">Fauve Hautot<\/a>, \u00e9tait l\u2019invit\u00e9e de \u00ab50\u2019 Inside\u00bb, ce samedi 23 ao\u00fbt 2025.<\/p>\n<p class=\"fig-paragraph\">Au micro d\u2019<a href=\"http:\/\/tvmag.lefigaro.fr\/programme-tv\/actu-tele\/isabelle-ithurburu-tire-le-bilan-de-ses-debuts-au-13-heures-de-tf1-je-suis-soulagee-que-le-public-soit-reste-20250816\" target=\"_blank\" data-fig-type=\"Article\" rel=\"noopener nofollow\" data-gtm-custom-categorie=\"navigation\" data-gtm-custom-action=\"crossclick\" data-gtm-custom-label=\"Contextuel\" data-gtm-event=\"customEventSPE\" data-fig-domain=\"TVMAG\">Isabelle Ithurburu<\/a>, la jeune femme s\u2019est confi\u00e9e sur son enfance, sa carri\u00e8re, ses ambitions, ses fragilit\u00e9s, son rapport \u00e0 son corps\u00a0: \u00abJe n\u2019avais pas vraiment d\u2019attente quand j\u2019\u00e9tais enfant, tout ce que je savais c\u2019est que je voulais danser (&#8230;) Mon p\u00e8re m\u2019a toujours \u00e9duqu\u00e9e en me disant fais ce que tu veux ma fille. C\u2019est incroyable, mes parents m\u2019ont \u00e9duqu\u00e9e avec une grande libert\u00e9\u00bb, dit-elle dans le portrait qui lui est consacr\u00e9.<\/p>\n<p>                                    <a class=\"fig-a11y-skip a11y-hidden\" href=\"#fig-a11y-skip-main-inarticle\"><br \/>\n        Passer la publicit\u00e9<br \/>\n    <\/a><\/p>\n<p>Pas \u00e0 l\u2019ordre du jour<\/p>\n<p class=\"fig-paragraph\">Bien s\u00fbr, il a aussi \u00e9t\u00e9 question de la maternit\u00e9. \u00ab\u00c7a reste envisag\u00e9\u00bb, acquiesce-t-elle. \u00abOui, oui, j\u2019esp\u00e8re que \u00e7a viendra un jour. Apr\u00e8s, quand? Pourquoi? Je ne sais pas\u2026 Mais je laisse la vie et le destin faire\u00bb. \u00c0 39 ans, elle assume qu\u2019avoir un enfant n\u2019est pas \u00e0 l\u2019ordre du jour dans l\u2019imm\u00e9diat.<\/p>\n<p class=\"fig-paragraph\">Sans ambages, elle pr\u00e9cise\u00a0: \u00abTout \u00e7a vient du fait de s\u2019accepter beaucoup plus soi. Je crois que c\u2019est un truc de grandir, d\u2019assumer qui on est r\u00e9ellement, d\u2019essayer d\u2019arr\u00eater de se planquer derri\u00e8re une esp\u00e8ce de masque ou de filtre. Depuis que j\u2019ai activ\u00e9 ce truc-l\u00e0 d\u2019un peu plus m\u2019aimer moi, c\u2019est hyperagr\u00e9able en fait. Je trouve \u00e7a tr\u00e8s chouette\u00bb.<\/p>\n<p class=\"fig-paragraph\">\u00c0 l\u2019aube de ses 40 ans, celle qui partage la vie de\u00a0<a href=\"http:\/\/tvmag.lefigaro.fr\/programme-tv\/people\/danse-avec-les-stars-fauve-hautot-presente-son-compagnon-romain-guillermic-en-direct-sur-tf1-20250419\" target=\"_blank\" data-fig-type=\"Article\" rel=\"noopener nofollow\" data-gtm-custom-categorie=\"navigation\" data-gtm-custom-action=\"crossclick\" data-gtm-custom-label=\"Contextuel\" data-gtm-event=\"customEventSPE\" data-fig-domain=\"TVMAG\">Romain Guillermic<\/a>, \u00e9galement danseur, et de 9 ans son cadet, est bien dans sa peau, dans son \u00e2ge et dans ses projets\u00a0: \u00abJ\u2019aime bien les anniversaires, j\u2019aime bien le fait de vieillir, de grandir. Je ne suis pas du tout quelqu\u2019un qui regarde en arri\u00e8re. Au contraire, je trouve \u00e7a g\u00e9nial de devenir femme, d\u2019avoir un corps un peu plus fatigu\u00e9 parfois quand tu sors de la danse par exemple. J\u2019accueille \u00e7a avec une grande joie\u00bb.<\/p>\n","protected":false},"excerpt":{"rendered":"Fauve Hautot, en avril 2025, sur le tapis rose de Cannes\u00e9ries. Castel Franck\/ABACA Invit\u00e9e, ce samedi 23 ao\u00fbt&hellip;\n","protected":false},"author":2,"featured_media":340662,"comment_status":"","ping_status":"","sticky":false,"template":"","format":"standard","meta":{"footnotes":""},"categories":[1359],"tags":[58,59,1011,27,6975,15761,6197,973,199],"class_list":{"0":"post-340661","1":"post","2":"type-post","3":"status-publish","4":"format-standard","5":"has-post-thumbnail","7":"category-people","8":"tag-divertissement","9":"tag-entertainment","10":"tag-fr","11":"tag-france","12":"tag-isabelle-ithurburu","13":"tag-maternite","14":"tag-parentalite","15":"tag-people","16":"tag-tf1"},"share_on_mastodon":{"url":"https:\/\/pubeurope.com\/@fr\/115083962199517575","error":""},"_links":{"self":[{"href":"https:\/\/www.europesays.com\/fr\/wp-json\/wp\/v2\/posts\/340661","targetHints":{"allow":["GET"]}}],"collection":[{"href":"https:\/\/www.europesays.com\/fr\/wp-json\/wp\/v2\/posts"}],"about":[{"href":"https:\/\/www.europesays.com\/fr\/wp-json\/wp\/v2\/types\/post"}],"author":[{"embeddable":true,"href":"https:\/\/www.europesays.com\/fr\/wp-json\/wp\/v2\/users\/2"}],"replies":[{"embeddable":true,"href":"https:\/\/www.europesays.com\/fr\/wp-json\/wp\/v2\/comments?post=340661"}],"version-history":[{"count":0,"href":"https:\/\/www.europesays.com\/fr\/wp-json\/wp\/v2\/posts\/340661\/revisions"}],"wp:featuredmedia":[{"embeddable":true,"href":"https:\/\/www.europesays.com\/fr\/wp-json\/wp\/v2\/media\/340662"}],"wp:attachment":[{"href":"https:\/\/www.europesays.com\/fr\/wp-json\/wp\/v2\/media?parent=340661"}],"wp:term":[{"taxonomy":"category","embeddable":true,"href":"https:\/\/www.europesays.com\/fr\/wp-json\/wp\/v2\/categories?post=340661"},{"taxonomy":"post_tag","embeddable":true,"href":"https:\/\/www.europesays.com\/fr\/wp-json\/wp\/v2\/tags?post=340661"}],"curies":[{"name":"wp","href":"https:\/\/api.w.org\/{rel}","templated":true}]}}