{"id":340663,"date":"2025-08-24T13:24:10","date_gmt":"2025-08-24T13:24:10","guid":{"rendered":"https:\/\/www.europesays.com\/fr\/340663\/"},"modified":"2025-08-24T13:24:10","modified_gmt":"2025-08-24T13:24:10","slug":"mieux-vaut-decider-darreter-que-detre-obligee-par-lage-a-audierne-helene-brusq-expose-ses-oeuvres-avant-de-ranger-definitivement-ses-pinceaux","status":"publish","type":"post","link":"https:\/\/www.europesays.com\/fr\/340663\/","title":{"rendered":"\u00ab\u00a0Mieux vaut d\u00e9cider d\u2019arr\u00eater que d\u2019\u00eatre oblig\u00e9e par l\u2019\u00e2ge\u00a0\u00bb\u00a0: \u00e0 Audierne, H\u00e9l\u00e8ne Brusq expose ses \u0153uvres avant de ranger d\u00e9finitivement ses pinceaux"},"content":{"rendered":"<p>C\u2019est un long et beau parcours artistique qui s\u2019arr\u00eate. Arriv\u00e9e \u00e0 Audierne en 1967, H\u00e9l\u00e8ne Brusq a \u00e9t\u00e9 enseignante en arts plastiques de nombreuses ann\u00e9es. Ensuite, elle s\u2019est dirig\u00e9e vers la restauration de meubles chin\u00e9s ou qu\u2019on lui apportait, qu\u2019elle enjolivait en peinture\u00a0: des gu\u00e9ridons, des t\u00eates de lit\u2026 \u00ab\u00a0Apr\u00e8s les meubles, c\u2019est sur des paravents que je me suis mis \u00e0 peindre. Et cela fait maintenant 15 ans que les toiles m\u2019inspirent\u00a0\u00bb. H\u00e9l\u00e8ne Brusq a souvent particip\u00e9 \u00e0 des expositions, <a href=\"https:\/\/www.letelegramme.fr\/finistere\/plouhinec-29780\/a-plouhinec-helene-brusq-invite-a-rever-et-a-mediter-avec-ses-peintures-6637883.php\" title=\"www.letelegramme.fr\" rel=\"nofollow noopener\" target=\"_blank\">\u00e0 Plouhinec, Douarnenez, Quimper<\/a>, ou plusieurs fois aux expositions collectives de la galerie Art Ria<\/p>\n<p>Sur les murs de l\u2019atelier, \u00e0 c\u00f4t\u00e9 de quelques paravents, on peut y voir de grandes toiles peintes \u00e0 l\u2019acrylique agr\u00e9ment\u00e9es de collages ou de pochoirs. \u00ab\u00a0Tout est ax\u00e9 sur la nature, donnant des impressions de calme et de s\u00e9r\u00e9nit\u00e9 avec des dominances vertes\u00a0\u00bb explique-t-elle.<\/p>\n<p>Les collages de papier de soie, de fleurs, de feuilles, de branches, de plumes ou d\u2019objets de la nature donnent de la texture \u00e0 ses toiles. Il s\u2019en d\u00e9gage toute une atmosph\u00e8re, calme et reposante\u00a0; on y d\u00e9couvre l\u2019ambiance des marais, le c\u0153ur de la for\u00eat et aussi beaucoup d\u2019ambiances florales.<\/p>\n<p>\u00ab\u00a0Ranger ses pinceaux est une grande \u00e9tape\u00a0!\u00a0\u00bb<\/p>\n<p>\u00ab\u00a0Je souhaite arr\u00eater car j\u2019ai moins d\u2019envie de peindre et \u00e0 89 ans, j\u2019estime qu\u2019il vaut mieux que je d\u00e9cide d\u2019arr\u00eater que d\u2019\u00eatre oblig\u00e9e par l\u2019\u00e2ge, c\u2019est une grande \u00e9tape\u00a0\u00bb. Toujours anim\u00e9e par l\u2019envie de partager son travail et de rencontrer amis et visiteurs, H\u00e9l\u00e8ne Brusq vous donne rendez-vous pendant un mois dans son atelier, pour des \u00e9changes riches et passionn\u00e9s.<\/p>\n<p><b>Pratique<\/b><\/p>\n<p class=\"note\">Exposition, 15 rue Pasteur, jusqu\u2019au 30 septembre inclus, de 10\u00a0h \u00e0 12\u00a0h et de 16\u00a0h \u00e0 19\u00a0h (sauf le lundi).<\/p>\n","protected":false},"excerpt":{"rendered":"C\u2019est un long et beau parcours artistique qui s\u2019arr\u00eate. Arriv\u00e9e \u00e0 Audierne en 1967, H\u00e9l\u00e8ne Brusq a \u00e9t\u00e9&hellip;\n","protected":false},"author":2,"featured_media":340664,"comment_status":"","ping_status":"","sticky":false,"template":"","format":"standard","meta":{"footnotes":""},"categories":[1358],"tags":[8913,1348,1384,1385,29014,251,1386,58,3320,59,1011,27,1585,45662],"class_list":{"0":"post-340663","1":"post","2":"type-post","3":"status-publish","4":"format-standard","5":"has-post-thumbnail","7":"category-arts-et-design","8":"tag-art-plastique","9":"tag-arts","10":"tag-arts-and-design","11":"tag-arts-et-design","12":"tag-audierne","13":"tag-culture","14":"tag-design","15":"tag-divertissement","16":"tag-douarnenez","17":"tag-entertainment","18":"tag-fr","19":"tag-france","20":"tag-peinture","21":"tag-plouhinec-29"},"share_on_mastodon":{"url":"https:\/\/pubeurope.com\/@fr\/115083966216351845","error":""},"_links":{"self":[{"href":"https:\/\/www.europesays.com\/fr\/wp-json\/wp\/v2\/posts\/340663","targetHints":{"allow":["GET"]}}],"collection":[{"href":"https:\/\/www.europesays.com\/fr\/wp-json\/wp\/v2\/posts"}],"about":[{"href":"https:\/\/www.europesays.com\/fr\/wp-json\/wp\/v2\/types\/post"}],"author":[{"embeddable":true,"href":"https:\/\/www.europesays.com\/fr\/wp-json\/wp\/v2\/users\/2"}],"replies":[{"embeddable":true,"href":"https:\/\/www.europesays.com\/fr\/wp-json\/wp\/v2\/comments?post=340663"}],"version-history":[{"count":0,"href":"https:\/\/www.europesays.com\/fr\/wp-json\/wp\/v2\/posts\/340663\/revisions"}],"wp:featuredmedia":[{"embeddable":true,"href":"https:\/\/www.europesays.com\/fr\/wp-json\/wp\/v2\/media\/340664"}],"wp:attachment":[{"href":"https:\/\/www.europesays.com\/fr\/wp-json\/wp\/v2\/media?parent=340663"}],"wp:term":[{"taxonomy":"category","embeddable":true,"href":"https:\/\/www.europesays.com\/fr\/wp-json\/wp\/v2\/categories?post=340663"},{"taxonomy":"post_tag","embeddable":true,"href":"https:\/\/www.europesays.com\/fr\/wp-json\/wp\/v2\/tags?post=340663"}],"curies":[{"name":"wp","href":"https:\/\/api.w.org\/{rel}","templated":true}]}}