{"id":340667,"date":"2025-08-24T13:26:10","date_gmt":"2025-08-24T13:26:10","guid":{"rendered":"https:\/\/www.europesays.com\/fr\/340667\/"},"modified":"2025-08-24T13:26:10","modified_gmt":"2025-08-24T13:26:10","slug":"si-cetait-a-refaire-je-le-referais-dix-fois-julien-lagriculteur-charentais-de-lamour-est-dans-le-pre-se-livre-sur-son-aventure","status":"publish","type":"post","link":"https:\/\/www.europesays.com\/fr\/340667\/","title":{"rendered":"\u00ab\u00a0Si c\u2019\u00e9tait \u00e0 refaire, je le referais dix fois\u00a0\u00bb\u00a0: Julien, l\u2019agriculteur charentais de l\u2019Amour est dans le pr\u00e9 se livre sur son aventure"},"content":{"rendered":"<p>            \u00ab\u00a0Un truc de fou\u00a0\u00bb<\/p>\n<p>Il a eu un premier aper\u00e7u de la puissance de cette \u00e9mission regard\u00e9e par 5\u00a0millions de t\u00e9l\u00e9spectateurs apr\u00e8s la diffusion de son portrait fin janvier dernier. \u00ab\u00a0Un truc de fou\u00a0\u00bb. Sur Facebook et Instagram, il a re\u00e7u des centaines de messages. \u00ab\u00a0J\u2019ai \u00e9t\u00e9 oblig\u00e9 de bloquer mes comptes\u00a0!\u00a0\u00bb La production nous a d\u2019ailleurs demand\u00e9 de taire son nom de famille et sa commune de r\u00e9sidence\u00a0: \u00ab\u00a0Des fans insistants se rendent parfois sur les exploitations, ce qui est tr\u00e8s d\u00e9sagr\u00e9able pour les agriculteurs.\u00a0\u00bb<\/p>\n<p>    La r\u00e9daction vous conseille<\/p>\n<p>Julien a toutefois re\u00e7u des messages adorables. Des filles qui ne veulent pas appara\u00eetre \u00e0 la t\u00e9l\u00e9 ont tent\u00e9 leur chance. Il a appris \u00e0 ne pas regarder les commentaires sur les r\u00e9seaux sociaux, s\u2019est mis au drive plut\u00f4t que d\u2019aller faire ses courses. \u00ab\u00a0La plupart des gens sont bienveillants, mais d\u2019autres sont limite agressifs.\u00a0\u00bb Comme cette dame \u00e0 qui il n\u2019avait rien demand\u00e9 mais qui lui a fait savoir qu\u2019il ne trouverait personne. C\u2019\u00e9tait un avant-go\u00fbt et Julien s\u2019attend \u00e0 un raz-de-mar\u00e9e apr\u00e8s la diffusion du premier \u00e9pisode. M6 l\u2019a pr\u00e9venu. Pas de quoi doucher son enthousiasme.<\/p>\n<p>Dans l\u2019ancienne grange qu\u2019il a retap\u00e9e avec go\u00fbt de ses mains avec ses proches, il revient sur les d\u00e9buts de cette aventure. \u00ab\u00a0C\u2019est la chor\u00e9graphe de l\u2019association o\u00f9 je fais de la com\u00e9die musicale qui m\u2019a inscrit\u00a0\u00bb, rembobine-t-il. Julien, qui joue aussi au football, n\u2019\u00e9tait pas au courant lorsqu\u2019il a re\u00e7u un coup de fil de la production de M6. \u00ab\u00a0J\u2019ai cru \u00e0 un canular\u00a0\u00bb, se marre ce producteur de fourrage aux faux airs de Thibaut Pinot, l\u2019ancienne star du cyclisme fran\u00e7ais. <\/p>\n<p>\u00catre agriculteur et avoir une vie sociale<\/p>\n<p>\u00ab\u00a0Au d\u00e9but, j\u2019ai dit non\u2026 Ils m\u2019ont laiss\u00e9 r\u00e9fl\u00e9chir et je me suis dit pourquoi pas. Je voulais casser le clich\u00e9 de l\u2019agriculteur dans ses champs, un peu bouseux. Montrer qu\u2019on peut \u00eatre agriculteur, et avoir une vie sociale.\u00a0\u00bb Julien va au ski l\u2019hiver, \u00e0 Argeles cet \u00e9t\u00e9, mais aussi en Bretagne. Il fait du sport, chante et joue de la guitare dans les restos. En plus de son boulot de chauffeur livreur et d\u2019agriculteur. Les internautes lui ont reproch\u00e9 ce c\u00f4t\u00e9 hyperactif apr\u00e8s la diffusion de son portrait. Il l\u2019assure, il y a de la place pour une fille dans ce quotidien bien rempli. <\/p>\n<blockquote><p>Je voulais casser le clich\u00e9 de l\u2019agriculteur dans ses champs, un peu bouseux. <\/p><\/blockquote>\n<p>\u00ab\u00a0Ensuite, ils viennent chez toi te filmer et puis ils font leur choix.\u00a0\u00bb Un aller-retour \u00e0 Paris pour signer des papiers et rencontrer une psychologue. \u00ab\u00a0C\u2019est elle qui valide le dossier, si elle dit non, on ne peut pas participer. C\u2019est rassurant.\u00a0\u00bb Il peut d\u2019ailleurs l\u2019appeler quand il le souhaite. Parce que cette aventure, dit-il, \u00ab\u00a0c\u2019est un tourbillon d\u2019\u00e9motions\u00a0\u00bb. Comme l\u2019ouverture des courriers. Il en a re\u00e7u des centaines, M6 en a s\u00e9lectionn\u00e9 une vingtaine. De 8 \u00e0 18 heures, d\u00e9but mars dernier, il a \u00e9pluch\u00e9 les lettres de ses pr\u00e9tendantes. Sans regarder les photos dans un premier temps. \u00ab\u00a0C\u2019est long et on a peur de faire le mauvais choix\u00a0!\u00a0\u00bb Objectif: en garder dix en vue du speed dating sur une p\u00e9niche \u00e0 Paris. Viennent ensuite les speed dating. Les spectateurs d\u00e9couvriront ce que cela a donn\u00e9 dans quelques \u00e9pisodes. Tout a \u00e9t\u00e9 enregistr\u00e9 au printemps. A CL, on a cherch\u00e9 des indices, en vain. De toute fa\u00e7on, on ne dira rien.<\/p>\n<p>Lui, retient l\u2019exp\u00e9rience. \u00ab\u00a0C\u2019est tr\u00e8s int\u00e9ressant sur tous les plans, on voit l\u2019autre c\u00f4t\u00e9 de la t\u00e9l\u00e9 et puis on \u00e9change avec les autres agriculteurs sur nos mani\u00e8res de travailler.\u00a0\u00bb Souriant, simple, l\u2019allure du bon pote, Julien reste aussi en contact avec Karine Le Marchand, la pr\u00e9sentatrice de l\u2019\u00e9mission. \u00ab\u00a0Je l\u2019ai eue hier au t\u00e9l\u00e9phone, elle est g\u00e9niale\u00a0! Ce n\u2019est pas un personnage qu\u2019elle joue. Si \u00e7a marche autant, c\u2019est qu\u2019il y a beaucoup d\u2019humain, de la productrice au r\u00e9gisseur, tout le monde est tr\u00e8s gentil.\u00a0\u00bb<\/p>\n<p>Direction le hangar o\u00f9 sont entrepos\u00e9es ses balles de foins. Sa guitare Takamine semi-acoustique sous le bras. Quelques notes de Roch Voisine : \u201cSeul sur le sable les yeux dans l\u2019eau&#8230; Mon r\u00eave \u00e9tait trop beau.\u201d Reste \u00e0 voir si celui de Julien, trouver l\u2019amour, s\u2019est concr\u00e9tis\u00e9. <\/p>\n<p>    Pas de chance pour Samuel<br \/>\nIl n\u2019y aura finalement qu\u2019un seul Charentais, cette ann\u00e9e, dans L\u2019Amour est dans le pr\u00e9. Fin juillet, on a appris que Samuel, le viticulteur et producteur de cognac de 49 ans, ne fait plus partie de l\u2019aventure. La production du speed dating des champs le confirme et explique pourquoi on ne le verra pas : \u00ab Samuel n\u2019a pas re\u00e7u de courrier \u00bb. En clair, suite \u00e0 la diffusion de son portrait en janvier, aucune pr\u00e9tendante ne s\u2019est fait conna\u00eetre. Personne n\u2019a \u00e9t\u00e9 sensible \u00e0 son charme. <br \/>Coup dur pour le bouilleur de cru, \u00e0 la t\u00eate de 55 hectares de vignes, qui disait rechercher une \u00ab compagne douce et honn\u00eate \u00bb, apr\u00e8s sept ans de c\u00e9libat et confessait avoir fait chou blanc via les applis de rencontres. Ce papa d\u2019une petite fille de sept ans expliquait avoir un peu perdu confiance en lui. Il avait pourtant tout donn\u00e9 dans le portrait t\u00e9l\u00e9 pr\u00e9sent\u00e9 par M6 : il avait affich\u00e9 une maison rang\u00e9e au cordeau et expliqu\u00e9 le romantique qu\u2019il est, capable d\u2019attendre sa conqu\u00eate sur un lit avec une feuille de vigne, l\u2019entr\u00e9e de l\u2019appartement parsem\u00e9e de p\u00e9tales de rose.<\/p>\n","protected":false},"excerpt":{"rendered":"\u00ab\u00a0Un truc de fou\u00a0\u00bb Il a eu un premier aper\u00e7u de la puissance de cette \u00e9mission regard\u00e9e par&hellip;\n","protected":false},"author":2,"featured_media":340668,"comment_status":"","ping_status":"","sticky":false,"template":"","format":"standard","meta":{"footnotes":""},"categories":[1356],"tags":[58,59,1011,27,252,1364],"class_list":{"0":"post-340667","1":"post","2":"type-post","3":"status-publish","4":"format-standard","5":"has-post-thumbnail","7":"category-television","8":"tag-divertissement","9":"tag-entertainment","10":"tag-fr","11":"tag-france","12":"tag-television","13":"tag-tv"},"share_on_mastodon":{"url":"https:\/\/pubeurope.com\/@fr\/115083974045387951","error":""},"_links":{"self":[{"href":"https:\/\/www.europesays.com\/fr\/wp-json\/wp\/v2\/posts\/340667","targetHints":{"allow":["GET"]}}],"collection":[{"href":"https:\/\/www.europesays.com\/fr\/wp-json\/wp\/v2\/posts"}],"about":[{"href":"https:\/\/www.europesays.com\/fr\/wp-json\/wp\/v2\/types\/post"}],"author":[{"embeddable":true,"href":"https:\/\/www.europesays.com\/fr\/wp-json\/wp\/v2\/users\/2"}],"replies":[{"embeddable":true,"href":"https:\/\/www.europesays.com\/fr\/wp-json\/wp\/v2\/comments?post=340667"}],"version-history":[{"count":0,"href":"https:\/\/www.europesays.com\/fr\/wp-json\/wp\/v2\/posts\/340667\/revisions"}],"wp:featuredmedia":[{"embeddable":true,"href":"https:\/\/www.europesays.com\/fr\/wp-json\/wp\/v2\/media\/340668"}],"wp:attachment":[{"href":"https:\/\/www.europesays.com\/fr\/wp-json\/wp\/v2\/media?parent=340667"}],"wp:term":[{"taxonomy":"category","embeddable":true,"href":"https:\/\/www.europesays.com\/fr\/wp-json\/wp\/v2\/categories?post=340667"},{"taxonomy":"post_tag","embeddable":true,"href":"https:\/\/www.europesays.com\/fr\/wp-json\/wp\/v2\/tags?post=340667"}],"curies":[{"name":"wp","href":"https:\/\/api.w.org\/{rel}","templated":true}]}}