{"id":340681,"date":"2025-08-24T13:33:10","date_gmt":"2025-08-24T13:33:10","guid":{"rendered":"https:\/\/www.europesays.com\/fr\/340681\/"},"modified":"2025-08-24T13:33:10","modified_gmt":"2025-08-24T13:33:10","slug":"kodak-la-lente-agonie-du-roi-de-la-pellicule-eclipse-par-le-numerique","status":"publish","type":"post","link":"https:\/\/www.europesays.com\/fr\/340681\/","title":{"rendered":"Kodak, la lente agonie du roi de la pellicule \u00e9clips\u00e9 par le num\u00e9rique"},"content":{"rendered":"<p><strong>R\u00c9CIT &#8211;<\/strong> Apr\u00e8s avoir rat\u00e9 le virage technologique dans les ann\u00e9es 1990, la marque mythique avait r\u00e9ussi \u00e0 repartir. Mais cet \u00e9t\u00e9, l\u2019entreprise a pr\u00e9venu les march\u00e9s qu\u2019elle avait des doutes sur sa capacit\u00e9 \u00e0 poursuivre son activit\u00e9.<\/p>\n<p class=\"fig-paragraph\">Kodak\u00a0? Le nom reste mythique. Les plus jeunes le connaissent, m\u00eame s\u2019ils ne savent pas toujours \u00e0 quelle activit\u00e9 il se r\u00e9f\u00e8re, les plus \u00e2g\u00e9s se souviennent avec \u00e9motion des jours d\u2019attente entre le d\u00e9p\u00f4t des pr\u00e9cieuses pellicules et la d\u00e9couverte des photos. Sur les sites d\u2019e-commerce, il est possible de trouver toutes sortes d\u2019appareils photos \u00e0 la\u00a0<a href=\"http:\/\/www.lefigaro.fr\/societes\/un-doute-important-sur-la-poursuite-de-nos-activites-pionnier-de-la-photo-kodak-affirme-etre-proche-de-la-faillite-20250813\" target=\"_blank\" data-fig-type=\"NewsFlash\" rel=\"noopener nofollow\" data-gtm-custom-categorie=\"navigation\" data-gtm-custom-action=\"crossclick\" data-gtm-custom-label=\"Contextuel\" data-gtm-event=\"customEventSPE\" data-fig-domain=\"LEFIGARO\">marque Kodak<\/a>. De diff\u00e9rentes tailles, depuis des jetables jusqu\u2019\u00e0 des \u00abbridges\u00bb en passant par des \u00abcompacts\u00bb, utilisant aussi bien la technologie num\u00e9rique qu\u2019argentique. Pour autant, les parts de march\u00e9 de la marque am\u00e9ricaine sont tr\u00e8s faibles.\u00a0<a href=\"https:\/\/www.lefigaro.fr\/societes\/2012\/01\/04\/04015-20120104ARTFIG00599-la-lente-descente-aux-enfers-de-kodak.php\" data-fig-type=\"Article\" data-gtm-custom-categorie=\"navigation\" data-gtm-custom-action=\"crossclick\" data-gtm-custom-label=\"Contextuel\" data-gtm-event=\"customEventSPE\" data-fig-domain=\"LEFIGARO\" rel=\"nofollow noopener\" target=\"_blank\">Eastman Kodak (tel est le nom complet du groupe)\u00a0<\/a>n\u2019a plus grand-chose \u00e0 voir avec le g\u00e9ant de la photographie qu\u2019il a \u00e9t\u00e9 pendant toute la seconde moiti\u00e9 du 20e si\u00e8cle.<\/p>\n<p class=\"fig-paragraph\">Pour les f\u00e9rus d\u2019\u00e9conomie, et de nombreux dirigeants de soci\u00e9t\u00e9s, Kodak, c\u2019est l\u2019exemple parfait d\u2019une entreprise dominante qui ne voit pas arriver une r\u00e9volution technologique &#8211; en l\u2019occurrence, la photo num\u00e9rique -, se fait\u2026<\/p>\n<p class=\"fig-premium-paywall__infos\">\n        Cet article est r\u00e9serv\u00e9 aux abonn\u00e9s.        Il vous reste 87% \u00e0 d\u00e9couvrir.\n    <\/p>\n<p>                <img  data- alt=\"Le Figaro\" class=\"fig-img--complete fig-img\"\/><\/p>\n<p class=\"fig-premium-paywall__title\">Vente Flash<\/p>\n<p class=\"fig-premium-paywall__subtitle\">4,99\u20ac par mois pendant 12 mois. Sans engagement<\/p>\n<p class=\"fig-premium-paywall__connect\">\n                D\u00e9j\u00e0 abonn\u00e9\u00a0?                <a class=\"fig-premium-paywall__connect-link\" href=\"https:\/\/connect.lefigaro.fr\/login?client=horizon_web&amp;type=main&amp;redirect_uri=https%3A%2F%2Fwww.lefigaro.fr%2Fsocietes%2Fdu-premier-appareil-photo-portable-de-george-eastman-a-la-faillite-de-2012-kodak-la-chute-d-un-geant-de-la-photographie-20250824\" data-js-gtm=\"{&quot;customCategorie&quot;: &quot;conversion&quot;, &quot;customAction&quot;: &quot;before_Landing_Connexion_paywall_auto&quot;, &quot;customLabel&quot;: &quot;bGVmaWdhcm8uZnJfXzFmMDdlNjNmLTI5YTQtNjMxYS05YmFjLWM1N2M2ODk3MGNkNV9fQXJ0aWNsZQ==_Kodak, la lente agonie du roi de la pellicule \u00e9clips\u00e9 par le num\u00e9rique_225&quot;, &quot;customIDSPE&quot;: &quot;bGVmaWdhcm8uZnJfXzFmMDdlNjNmLTI5YTQtNjMxYS05YmFjLWM1N2M2ODk3MGNkNV9fQXJ0aWNsZQ==&quot;, &quot;event&quot;: &quot;customEventSPE&quot;}\" rel=\"nofollow noopener\" target=\"_blank\"><br \/>\n                    Connectez-vous<br \/>\n                <\/a>\n            <\/p>\n","protected":false},"excerpt":{"rendered":"R\u00c9CIT &#8211; Apr\u00e8s avoir rat\u00e9 le virage technologique dans les ann\u00e9es 1990, la marque mythique avait r\u00e9ussi \u00e0&hellip;\n","protected":false},"author":2,"featured_media":340682,"comment_status":"","ping_status":"","sticky":false,"template":"","format":"standard","meta":{"footnotes":""},"categories":[6],"tags":[35,33,34,1011,27,47703,1756],"class_list":{"0":"post-340681","1":"post","2":"type-post","3":"status-publish","4":"format-standard","5":"has-post-thumbnail","7":"category-economie","8":"tag-business","9":"tag-economie","10":"tag-economy","11":"tag-fr","12":"tag-france","13":"tag-kodak","14":"tag-photographie"},"share_on_mastodon":{"url":"https:\/\/pubeurope.com\/@fr\/115084001574626315","error":""},"_links":{"self":[{"href":"https:\/\/www.europesays.com\/fr\/wp-json\/wp\/v2\/posts\/340681","targetHints":{"allow":["GET"]}}],"collection":[{"href":"https:\/\/www.europesays.com\/fr\/wp-json\/wp\/v2\/posts"}],"about":[{"href":"https:\/\/www.europesays.com\/fr\/wp-json\/wp\/v2\/types\/post"}],"author":[{"embeddable":true,"href":"https:\/\/www.europesays.com\/fr\/wp-json\/wp\/v2\/users\/2"}],"replies":[{"embeddable":true,"href":"https:\/\/www.europesays.com\/fr\/wp-json\/wp\/v2\/comments?post=340681"}],"version-history":[{"count":0,"href":"https:\/\/www.europesays.com\/fr\/wp-json\/wp\/v2\/posts\/340681\/revisions"}],"wp:featuredmedia":[{"embeddable":true,"href":"https:\/\/www.europesays.com\/fr\/wp-json\/wp\/v2\/media\/340682"}],"wp:attachment":[{"href":"https:\/\/www.europesays.com\/fr\/wp-json\/wp\/v2\/media?parent=340681"}],"wp:term":[{"taxonomy":"category","embeddable":true,"href":"https:\/\/www.europesays.com\/fr\/wp-json\/wp\/v2\/categories?post=340681"},{"taxonomy":"post_tag","embeddable":true,"href":"https:\/\/www.europesays.com\/fr\/wp-json\/wp\/v2\/tags?post=340681"}],"curies":[{"name":"wp","href":"https:\/\/api.w.org\/{rel}","templated":true}]}}