{"id":340687,"date":"2025-08-24T13:37:12","date_gmt":"2025-08-24T13:37:12","guid":{"rendered":"https:\/\/www.europesays.com\/fr\/340687\/"},"modified":"2025-08-24T13:37:12","modified_gmt":"2025-08-24T13:37:12","slug":"les-verts-sextirpent-du-piege-boulogne","status":"publish","type":"post","link":"https:\/\/www.europesays.com\/fr\/340687\/","title":{"rendered":"Les Verts s&rsquo;extirpent du pi\u00e8ge Boulogne"},"content":{"rendered":"<p>Longtemps frustr\u00e9e, l&rsquo;ASSE repart de Boulogne-Sur-Mer avec les 3 points de la victoire. <\/p>\n<p>En d\u00e9placement chez la lanterne rouge de la Ligue 2, les St\u00e9phanois se devaient de l&#8217;emporter chez le promu dans le Nord-Pas-De-Calais. Avec Lucas Stassin de retour \u00e0 la pointe de son attaque les Verts semblent pouvoir reprendre leur fauteuil de leader sans trop de difficult\u00e9s.\u00a0<\/p>\n<p>Malgr\u00e9 son armada offensive, l&rsquo;ASSE tarde \u00e0 se mettre en route, seulement deux pauvres frappes en premi\u00e8re mi-temps et aucune occasion franche. La faute \u00e0 une \u00e9quipe de Boulogne-Sur-Mer qui joue avec ses armes et absorbe les vagues offensives st\u00e9phanoises sans trop de difficult\u00e9.\u00a0<\/p>\n<p><strong>Des changements d\u00e9cisifs\u00a0<\/strong><\/p>\n<p>En deuxi\u00e8me p\u00e9riode, les hommes d&rsquo;E. Horneland se montrent plus incisifs et Z. Davitashvili et tout proche d&rsquo;ouvrir la marque sur un beau mouvement initi\u00e9 par L. Stassin. Il faut attendre les premiers changements pour voir les Verts se montrer plus dangereux, \u00e0 l&rsquo;image de I. Cardona qui trouve le poteau sur son premier ballon touch\u00e9. L&rsquo;ASSE insiste et se montre de plus en plus pressante, sur un corner jou\u00e9 \u00e0 deux, Z. Davitashvili trouve la faille de son pied droit \u00e0 la 74e minute de jeu.<\/p>\n<p>\u00a0<\/p>\n<p>En fin de match, les Verts reculent et se font peur. Boulogne qui n&rsquo;avait jusqu&rsquo;alors que peu exist\u00e9 dans ce match met la pression sur les cages de G. Larsonneur. Heureusement, cette saison l&rsquo;ASSE est plus solide et ne craque pas, un deuxi\u00e8me match sans but encaiss\u00e9. Saint-\u00c9tienne repart donc avec les trois points, une victoire au mental qui comptera surement dans la course \u00e0 la mont\u00e9e.\u00a0<\/p>\n<p>\u00a0<\/p>\n<p>Y. Bouhaddane<\/p>\n","protected":false},"excerpt":{"rendered":"Longtemps frustr\u00e9e, l&rsquo;ASSE repart de Boulogne-Sur-Mer avec les 3 points de la victoire. En d\u00e9placement chez la lanterne&hellip;\n","protected":false},"author":2,"featured_media":340688,"comment_status":"","ping_status":"","sticky":false,"template":"","format":"standard","meta":{"footnotes":""},"categories":[9653],"tags":[1111,11,2430,1777,674,1011,27,12,25,4001],"class_list":{"0":"post-340687","1":"post","2":"type-post","3":"status-publish","4":"format-standard","5":"has-post-thumbnail","7":"category-saint-etienne","8":"tag-actu","9":"tag-actualites","10":"tag-auvergne-rhone-alpes","11":"tag-eu","12":"tag-europe","13":"tag-fr","14":"tag-france","15":"tag-news","16":"tag-republique-francaise","17":"tag-saint-etienne"},"share_on_mastodon":{"url":"https:\/\/pubeurope.com\/@fr\/115084017280145386","error":""},"_links":{"self":[{"href":"https:\/\/www.europesays.com\/fr\/wp-json\/wp\/v2\/posts\/340687","targetHints":{"allow":["GET"]}}],"collection":[{"href":"https:\/\/www.europesays.com\/fr\/wp-json\/wp\/v2\/posts"}],"about":[{"href":"https:\/\/www.europesays.com\/fr\/wp-json\/wp\/v2\/types\/post"}],"author":[{"embeddable":true,"href":"https:\/\/www.europesays.com\/fr\/wp-json\/wp\/v2\/users\/2"}],"replies":[{"embeddable":true,"href":"https:\/\/www.europesays.com\/fr\/wp-json\/wp\/v2\/comments?post=340687"}],"version-history":[{"count":0,"href":"https:\/\/www.europesays.com\/fr\/wp-json\/wp\/v2\/posts\/340687\/revisions"}],"wp:featuredmedia":[{"embeddable":true,"href":"https:\/\/www.europesays.com\/fr\/wp-json\/wp\/v2\/media\/340688"}],"wp:attachment":[{"href":"https:\/\/www.europesays.com\/fr\/wp-json\/wp\/v2\/media?parent=340687"}],"wp:term":[{"taxonomy":"category","embeddable":true,"href":"https:\/\/www.europesays.com\/fr\/wp-json\/wp\/v2\/categories?post=340687"},{"taxonomy":"post_tag","embeddable":true,"href":"https:\/\/www.europesays.com\/fr\/wp-json\/wp\/v2\/tags?post=340687"}],"curies":[{"name":"wp","href":"https:\/\/api.w.org\/{rel}","templated":true}]}}