{"id":340691,"date":"2025-08-24T13:39:12","date_gmt":"2025-08-24T13:39:12","guid":{"rendered":"https:\/\/www.europesays.com\/fr\/340691\/"},"modified":"2025-08-24T13:39:12","modified_gmt":"2025-08-24T13:39:12","slug":"photo-derniere-chance-de-lete-pour-decouvrir-les-talents-locaux-sous-larc-here-de-nancy","status":"publish","type":"post","link":"https:\/\/www.europesays.com\/fr\/340691\/","title":{"rendered":"Photo. Derni\u00e8re chance de l&rsquo;\u00e9t\u00e9 pour d\u00e9couvrir les talents locaux sous l&rsquo;arc H\u00e9r\u00e9 de Nancy"},"content":{"rendered":"<p>L&rsquo;\u00c9t\u00e9 des cr\u00e9ateurs touche \u00e0 sa fin : chaque dimanche jusqu&rsquo;au 24 ao\u00fbt, l&rsquo;arc H\u00e9r\u00e9, nich\u00e9 entre la place Stanislas et la place de la Carri\u00e8re, s&rsquo;est transform\u00e9 en v\u00e9ritable galerie \u00e0 ciel ouvert. Ce march\u00e9 artisanal, orchestr\u00e9 par la Maison des cr\u00e9ateurs, et pr\u00e9sent chaque ann\u00e9e en ao\u00fbt, est une belle occasion de d\u00e9couvrir le talent des exposants de Meurthe-et-Moselle et de trouver ses id\u00e9es cadeaux de demain, le tout dans\u00a0un cadre embl\u00e9matique.<\/p>\n","protected":false},"excerpt":{"rendered":"L&rsquo;\u00c9t\u00e9 des cr\u00e9ateurs touche \u00e0 sa fin : chaque dimanche jusqu&rsquo;au 24 ao\u00fbt, l&rsquo;arc H\u00e9r\u00e9, nich\u00e9 entre la&hellip;\n","protected":false},"author":2,"featured_media":340692,"comment_status":"","ping_status":"","sticky":false,"template":"","format":"standard","meta":{"footnotes":""},"categories":[9635],"tags":[1111,11,1477,7782,4406,33,1704,1777,674,107,1011,27,2798,775,1702,12,2661,25],"class_list":{"0":"post-340691","1":"post","2":"type-post","3":"status-publish","4":"format-standard","5":"has-post-thumbnail","7":"category-nancy","8":"tag-actu","9":"tag-actualites","10":"tag-artisanat","11":"tag-balades-et-randonnees","12":"tag-commerce-et-services","13":"tag-economie","14":"tag-edition-nancy-et-agglomeration","15":"tag-eu","16":"tag-europe","17":"tag-fil-info","18":"tag-fr","19":"tag-france","20":"tag-galerie-photo","21":"tag-grand-est","22":"tag-nancy","23":"tag-news","24":"tag-patrimoine-culturel","25":"tag-republique-francaise"},"share_on_mastodon":{"url":"https:\/\/pubeurope.com\/@fr\/115084025188778568","error":""},"_links":{"self":[{"href":"https:\/\/www.europesays.com\/fr\/wp-json\/wp\/v2\/posts\/340691","targetHints":{"allow":["GET"]}}],"collection":[{"href":"https:\/\/www.europesays.com\/fr\/wp-json\/wp\/v2\/posts"}],"about":[{"href":"https:\/\/www.europesays.com\/fr\/wp-json\/wp\/v2\/types\/post"}],"author":[{"embeddable":true,"href":"https:\/\/www.europesays.com\/fr\/wp-json\/wp\/v2\/users\/2"}],"replies":[{"embeddable":true,"href":"https:\/\/www.europesays.com\/fr\/wp-json\/wp\/v2\/comments?post=340691"}],"version-history":[{"count":0,"href":"https:\/\/www.europesays.com\/fr\/wp-json\/wp\/v2\/posts\/340691\/revisions"}],"wp:featuredmedia":[{"embeddable":true,"href":"https:\/\/www.europesays.com\/fr\/wp-json\/wp\/v2\/media\/340692"}],"wp:attachment":[{"href":"https:\/\/www.europesays.com\/fr\/wp-json\/wp\/v2\/media?parent=340691"}],"wp:term":[{"taxonomy":"category","embeddable":true,"href":"https:\/\/www.europesays.com\/fr\/wp-json\/wp\/v2\/categories?post=340691"},{"taxonomy":"post_tag","embeddable":true,"href":"https:\/\/www.europesays.com\/fr\/wp-json\/wp\/v2\/tags?post=340691"}],"curies":[{"name":"wp","href":"https:\/\/api.w.org\/{rel}","templated":true}]}}